{"id":135267,"date":"2021-08-01T10:34:18","date_gmt":"2021-08-01T08:34:18","guid":{"rendered":"https:\/\/all4camper.com\/\/?p=135267"},"modified":"2021-08-01T10:51:10","modified_gmt":"2021-08-01T08:51:10","slug":"na-co-si-dat-pozor-kdyz-hledate-pronajem-obytneho-vozu","status":"publish","type":"post","link":"https:\/\/all4camper.com\/cs\/na-co-si-dat-pozor-kdyz-hledate-pronajem-obytneho-vozu\/","title":{"rendered":"Na co si d\u00e1t pozor, kdy\u017e hled\u00e1te pron\u00e1jem obytn\u00e9ho vozu"},"content":{"rendered":"\n<p><strong>I leto\u0161n\u00ed sez\u00f3na je karavaningu naklon\u011bn\u00e1, a proto asi nikoho nep\u0159ekvap\u00ed, \u017ee nab\u00eddka pron\u00e1jmu obytn\u00fdch aut a p\u0159\u00edv\u011bs\u016f je pestr\u00e1. P\u0159esto v\u0161echno je t\u0159eba se zam\u011b\u0159it na p\u00e1r detail\u016f, kter\u00e9 by v\u00e1m mohly uniknout a v\u00fdsledn\u00fd dojem ze sjednan\u00e9ho pron\u00e1jmu by nebyl takov\u00fd, jak\u00fd o\u010dek\u00e1v\u00e1te. N\u00ed\u017ee tedy p\u0159in\u00e1\u0161\u00edm n\u011bkolik bod\u016f, kter\u00e9 doporu\u010duji si p\u0159ed rezervac\u00ed v\u017edy ohl\u00eddat.<\/strong><\/p>\n\n\n\n<figure class=\"wp-block-image size-large\"><img loading=\"lazy\" decoding=\"async\" width=\"1622\" height=\"1080\" src=\"https:\/\/all4camper.com\/\/wp-content\/uploads\/2021\/07\/Campiri_01-1622x1080.jpg\" alt=\"\" class=\"wp-image-135410\" srcset=\"https:\/\/all4camper.com\/wp-content\/uploads\/2021\/07\/Campiri_01-1622x1080.jpg 1622w, https:\/\/all4camper.com\/wp-content\/uploads\/2021\/07\/Campiri_01-300x200.jpg 300w, https:\/\/all4camper.com\/wp-content\/uploads\/2021\/07\/Campiri_01-150x100.jpg 150w, https:\/\/all4camper.com\/wp-content\/uploads\/2021\/07\/Campiri_01-768x512.jpg 768w, https:\/\/all4camper.com\/wp-content\/uploads\/2021\/07\/Campiri_01-1536x1023.jpg 1536w, https:\/\/all4camper.com\/wp-content\/uploads\/2021\/07\/Campiri_01-696x464.jpg 696w, https:\/\/all4camper.com\/wp-content\/uploads\/2021\/07\/Campiri_01-1068x711.jpg 1068w, https:\/\/all4camper.com\/wp-content\/uploads\/2021\/07\/Campiri_01-1920x1279.jpg 1920w, https:\/\/all4camper.com\/wp-content\/uploads\/2021\/07\/Campiri_01-631x420.jpg 631w, https:\/\/all4camper.com\/wp-content\/uploads\/2021\/07\/Campiri_01.jpg 2048w\" sizes=\"auto, (max-width: 1622px) 100vw, 1622px\" \/><\/figure>\n\n\n\n<h3 class=\"wp-block-heading\">Na co se zam\u011b\u0159it, kdy\u017e hled\u00e1m pron\u00e1jem obytn\u00e9ho vozu<\/h3>\n\n\n\n<p>V prvn\u00ed \u0159ad\u011b je t\u0159eba si zjistit co v\u0161e je v cen\u011b pron\u00e1jmu. Leckdy p\u016fj\u010dovny uv\u00e1d\u011bj\u00ed z\u00e1kladn\u00ed cenu pron\u00e1jmu bez dal\u0161\u00edch poplatk\u016f, kter\u00e9 v\u00e1m v\u0161ak ve v\u00fdsledn\u00e9 cen\u011b p\u0159ipo\u010dtou. T\u00edm m\u016f\u017ee b\u00fdt nap\u0159\u00edklad servisn\u00ed poplatek, pokud si v\u016fz pronajmete na dobu krat\u0161\u00ed, ne\u017e je doba obvykl\u00e1 v dan\u00e9 sez\u00f3n\u011b. <strong>Hl\u00eddejte si tedy v\u00fd\u0161i SERVISN\u00cdHO POPLATKU.<\/strong><\/p>\n\n\n\n<p>Nezapome\u0148te se ujistit, \u017ee <strong>v\u00e1mi vybran\u00fd v\u016fz m\u00e1 havarijn\u00ed poji\u0161t\u011bn\u00ed a asistenci.<\/strong> Pokud budete cestovat do zahrani\u010d\u00ed, majitel vozu nebude m\u00edt mo\u017enost v\u00e1s v p\u0159\u00edpad\u011b poruchy odt\u00e1hnout a vy byste tak velice rychle mohli m\u00edt po vysn\u011bn\u00e9 dovolen\u00e9. Toto poji\u0161t\u011bn\u00ed a asistenci si ohl\u00eddejte zejm\u00e9na pokud si v\u016fz pronaj\u00edm\u00e1te od soukrom\u00e9ho vlastn\u00edka. Tak\u00e9 se ujist\u011bte, \u017ee se jedn\u00e1 o poji\u0161t\u011bn\u00ed pro p\u016fj\u010dovny nikoliv pro soukromou osobu. Platba pln\u011bn\u00ed by se tak mohla st\u00e1t p\u0159edm\u011btem budouc\u00edch nedorozum\u011bn\u00ed mezi v\u00e1mi a majitelem. <strong>Tak\u00e9 si zjist\u011bte, zda p\u016fj\u010dovna poskytuje telefonickou podporu 24\/7.<\/strong> Zejm\u00e9na pokud cestujete s karavanem poprv\u00e9, m\u016f\u017ee se v\u00e1m tato telefonick\u00e1 podpora hodit.<\/p>\n\n\n\n<p><strong>Pozor na limit najet\u00fdch kilometr\u016f. <\/strong>N\u011bkter\u00e9 p\u016fj\u010dovny maj\u00ed v r\u00e1mci z\u00e1kladn\u00ed ceny tento limit nastaven, a pokud je p\u0159ekro\u010den, automaticky se navy\u0161uje cena v\u00fdsledn\u00e9ho pron\u00e1jmu dle platn\u00e9ho cen\u00edku p\u016fj\u010dovny. Toto se v\u00e1s bude t\u00fdkat zejm\u00e9na pokud pl\u00e1nujete del\u0161\u00ed cestu. Ov\u011b\u0159te si tedy i tento poplatek.<\/p>\n\n\n\n<p><strong>Kempingov\u00e9 a dal\u0161\u00ed vybaven\u00ed.<\/strong> N\u011bkter\u00e9 p\u016fj\u010dovny jej maj\u00ed ji\u017e v cen\u011b zahrnut\u00e9, jin\u00e9 jej poskytuj\u00ed za poplatek. Stejn\u00e9 je to u kuchy\u0148sk\u00e9ho a dal\u0161\u00edho vybaven\u00ed. Pokud si chcete dovolenou u\u017e\u00edt naplno a netr\u00e1vit prvn\u00ed a posledn\u00ed den nast\u011bhov\u00e1v\u00e1n\u00edm a vyst\u011bhov\u00e1v\u00e1n\u00edm v\u011bc\u00ed (co\u017e v\u00e1m zabere n\u011bjak\u00fd \u010das a t\u00edm p\u00e1dem se cena pron\u00e1jmu pro v\u00e1s zvy\u0161uje, nejste v ten \u010das u\u017e na cest\u011b), ur\u010dit\u011b tuto nab\u00eddku vyu\u017eijte. V\u00fdhodou samoz\u0159ejm\u011b je, kdy\u017e je toto vybaven\u00ed zahrnuto ji\u017e v cen\u011b.<\/p>\n\n\n\n<p><strong>U pron\u00e1jmu nezapome\u0148te po\u010d\u00edtat s vratnou kauc\u00ed. <\/strong>N\u011bkter\u00e9 p\u016fj\u010dovny ji vy\u017eaduj\u00ed v hotovosti jin\u00e9 platbou p\u0159edem na \u00fa\u010det. J\u00e1 osobn\u011b doporu\u010duji platbu na \u00fa\u010det. M\u00e1te tak nejen zdokladov\u00e1n p\u0159evod, ale je to zcela jist\u011b pohodln\u011bj\u0161\u00ed. <strong>Tak\u00e9 si nezapome\u0148te zjistit za jak dlouho po va\u0161em n\u00e1vratu v\u00e1m bude tato kauce vr\u00e1cena.<\/strong> U r\u016fzn\u00fdch p\u016fj\u010doven se to m\u016f\u017ee li\u0161it a\u017e v \u0159\u00e1du t\u00fddn\u016f. <\/p>\n\n\n\n<p>Je-li pro v\u00e1s cena pron\u00e1jmu vysok\u00e1, <strong>doporu\u010duji zv\u00e1\u017eit pron\u00e1jem mimo sez\u00f3nu.<\/strong> Ve v\u00fdsledku u\u0161et\u0159\u00edte nejen za pron\u00e1jem vozu, ale tak\u00e9 za pobyt v kempech \u010di za vstupn\u00e9 na pam\u00e1tky, kter\u00e9 leckdy je o hlavn\u00ed sezon\u011b vy\u0161\u0161\u00ed. <strong>No a tr\u00e1vit dovolenou v z\u00e1\u0159\u00ed u mo\u0159e m\u016f\u017ee b\u00fdt o mnoho v\u00edce p\u0159\u00edjemn\u011bj\u0161\u00ed.<\/strong> Voda je po l\u00e9tu vyh\u0159\u00e1t\u00e1, kemp ji\u017e nen\u00ed tak p\u0159epln\u011bn\u00fd a jeho slu\u017eby b\u00fdvaj\u00ed ve stejn\u00e9m rozsahu jako v o pr\u00e1zdnin\u00e1ch.<\/p>\n\n\n\n<h3 class=\"wp-block-heading\">A te\u010f to nejdra\u017e\u0161\u00ed, co v\u00e1s p\u0159i hled\u00e1n\u00ed vhodn\u00e9ho obytn\u00e9ho auta \u010di karavanu \u010dek\u00e1.<\/h3>\n\n\n\n<p>T\u00edm je v\u00e1\u0161 \u010das. Na trhu pron\u00e1jmu obytn\u00fdch aut a p\u0159\u00edv\u011bs\u016f najdete v\u00edce jak jeden tis\u00edc voz\u016f. Naj\u00edm mezi nimi ten spr\u00e1vn\u00fd, se spr\u00e1vnou v\u00fdbavou, v po\u017eadovan\u00e9m term\u00ednu a za cenu, kter\u00e1 je pro v\u00e1s p\u0159ijateln\u00e1 nen\u00ed v\u016fbec jednoduch\u00e9. Obzvl\u00e1\u0161t\u011b, kdy\u017e je \u010dasto t\u0159eba proj\u00edt des\u00edtky webov\u00fdch str\u00e1nek mal\u00fdch i velk\u00fdch p\u016fj\u010doven, kde leckdy nen\u00ed dostupn\u00e1 kalkula\u010dka v\u00fdpo\u010dtu celkov\u00e9 ceny pron\u00e1jmu. O kalend\u00e1\u0159i dostupnosti vozu ani nemluv\u011b. Ale m\u00e1m pro v\u00e1s \u0159e\u0161en\u00ed. Pokud si pr\u00e1v\u011b tuto nejdra\u017e\u0161\u00ed polo\u017eku chcete u\u0161et\u0159it a de facto obratem zjistit zda v\u00e1mi vybran\u00fd v\u016fz je k dispozici, vyu\u017eijte k tomu agreg\u00e1tor p\u016fj\u010doven <strong>CAMPIRI (<a href=\"https:\/\/www.campiri.com\/cs-cz\" target=\"_blank\" rel=\"noreferrer noopener\">campiri.com<\/a>)<\/strong>. Na n\u011bm toti\u017e nejen\u017ee v\u0161echno v\u00fd\u0161e uveden\u00e9 m\u00e1te p\u0159ehledn\u011b a srozumiteln\u011b naps\u00e1no, ale tak\u00e9 se v\u00e1m budou osobn\u011b v\u011bnovat v p\u0159\u00edpad\u011b, \u017ee se v\u016fz naj\u00edt nepoda\u0159\u00ed. D\u00edky velk\u00e9 datab\u00e1zi voz\u016f v\u017edy v\u011bd\u00ed koho p\u0159\u00edpadn\u011b d\u00e1l kontaktovat. <\/p>\n\n\n\n<p><strong>A jak to funguje? Velice jednodu\u0161e a vy si to m\u016f\u017eete p\u0159e\u010d\u00edst v \u010dl\u00e1nku, kde cel\u00fd postup rezervace vozu p\u0159es tuto platformu popisuji. Tady: <a href=\"\/cs?p=133443\" target=\"_blank\" rel=\"noreferrer noopener\">Kde rychle a efektivn\u011b naj\u00edt pron\u00e1jem obytn\u00e9ho vozu i na posledn\u00ed chv\u00edli<\/a><\/strong><\/p>\n\n\n\n<p>P\u0159eji v\u0161em kr\u00e1snou dovolenou!<\/p>\n","protected":false},"excerpt":{"rendered":"<p>I leto\u0161n\u00ed sez\u00f3na je karavaningu naklon\u011bn\u00e1, a proto asi nikoho nep\u0159ekvap\u00ed, \u017ee nab\u00eddka pron\u00e1jmu obytn\u00fdch aut a p\u0159\u00edv\u011bs\u016f je pestr\u00e1. P\u0159esto v\u0161echno je t\u0159eba se zam\u011b\u0159it na p\u00e1r detail\u016f, kter\u00e9 by v\u00e1m mohly uniknout a v\u00fdsledn\u00fd dojem ze sjednan\u00e9ho pron\u00e1jmu by nebyl takov\u00fd, jak\u00fd o\u010dek\u00e1v\u00e1te. N\u00ed\u017ee tedy p\u0159in\u00e1\u0161\u00edm n\u011bkolik bod\u016f, kter\u00e9 doporu\u010duji si p\u0159ed rezervac\u00ed [&hellip;]<\/p>\n","protected":false},"author":4,"featured_media":135146,"comment_status":"closed","ping_status":"open","sticky":false,"template":"","format":"standard","meta":{"_monsterinsights_skip_tracking":false,"_monsterinsights_sitenote_active":false,"_monsterinsights_sitenote_note":"","_monsterinsights_sitenote_category":0,"footnotes":""},"categories":[422,8209],"tags":[226],"class_list":{"0":"post-135267","1":"post","2":"type-post","3":"status-publish","4":"format-standard","5":"has-post-thumbnail","7":"category-novinky-kempovani-a-karavaning","8":"category-rady-tipy-informace","9":"tag-rady-a-tipy"},"yoast_head":"<!-- This site is optimized with the Yoast SEO plugin v27.5 - https:\/\/yoast.com\/product\/yoast-seo-wordpress\/ -->\n<title>Na co si d\u00e1t pozor, kdy\u017e hled\u00e1te pron\u00e1jem obytn\u00e9ho vozu - All4Camper<\/title>\n<meta name=\"description\" content=\"I leto\u0161n\u00ed sez\u00f3na je karavaningu naklon\u011bn\u00e1, a proto asi nikoho nep\u0159ekvap\u00ed, \u017ee nab\u00eddka pron\u00e1jmu obytn\u00fdch aut a p\u0159\u00edv\u011bs\u016f je pestr\u00e1. P\u0159esto v\u0161echno je t\u0159eba se zam\u011b\u0159it na p\u00e1r detail\u016f, kter\u00e9 by v\u00e1m mohly uniknout a v\u00fdsledn\u00fd dojem ze sjednan\u00e9ho pron\u00e1jmu by nebyl takov\u00fd, jak\u00fd o\u010dek\u00e1v\u00e1te.\" \/>\n<meta name=\"robots\" content=\"index, follow, max-snippet:-1, max-image-preview:large, max-video-preview:-1\" \/>\n<link rel=\"canonical\" href=\"https:\/\/all4camper.com\/cs\/na-co-si-dat-pozor-kdyz-hledate-pronajem-obytneho-vozu\/\" \/>\n<meta property=\"og:locale\" content=\"cs_CZ\" \/>\n<meta property=\"og:type\" content=\"article\" \/>\n<meta property=\"og:title\" content=\"Na co si d\u00e1t pozor, kdy\u017e hled\u00e1te pron\u00e1jem obytn\u00e9ho vozu - All4Camper\" \/>\n<meta property=\"og:description\" content=\"I leto\u0161n\u00ed sez\u00f3na je karavaningu naklon\u011bn\u00e1, a proto asi nikoho nep\u0159ekvap\u00ed, \u017ee nab\u00eddka pron\u00e1jmu obytn\u00fdch aut a p\u0159\u00edv\u011bs\u016f je pestr\u00e1. P\u0159esto v\u0161echno je t\u0159eba se zam\u011b\u0159it na p\u00e1r detail\u016f, kter\u00e9 by v\u00e1m mohly uniknout a v\u00fdsledn\u00fd dojem ze sjednan\u00e9ho pron\u00e1jmu by nebyl takov\u00fd, jak\u00fd o\u010dek\u00e1v\u00e1te.\" \/>\n<meta property=\"og:url\" content=\"https:\/\/all4camper.com\/cs\/na-co-si-dat-pozor-kdyz-hledate-pronajem-obytneho-vozu\/\" \/>\n<meta property=\"og:site_name\" content=\"All4Camper\" \/>\n<meta property=\"article:published_time\" content=\"2021-08-01T08:34:18+00:00\" \/>\n<meta property=\"article:modified_time\" content=\"2021-08-01T08:51:10+00:00\" \/>\n<meta property=\"og:image\" content=\"https:\/\/all4camper.com\/wp-content\/uploads\/2021\/07\/IMG_2405_kemp-frymburk.jpg\" \/>\n\t<meta property=\"og:image:width\" content=\"1800\" \/>\n\t<meta property=\"og:image:height\" content=\"1350\" \/>\n\t<meta property=\"og:image:type\" content=\"image\/jpeg\" \/>\n<meta name=\"author\" content=\"Kl\u00e1ra H\u00e1jkov\u00e1\" \/>\n<meta name=\"twitter:card\" content=\"summary_large_image\" \/>\n<meta name=\"twitter:label1\" content=\"Napsal(a)\" \/>\n\t<meta name=\"twitter:data1\" content=\"Kl\u00e1ra H\u00e1jkov\u00e1\" \/>\n\t<meta name=\"twitter:label2\" content=\"Odhadovan\u00e1 doba \u010dten\u00ed\" \/>\n\t<meta name=\"twitter:data2\" content=\"4 minuty\" \/>\n<script type=\"application\/ld+json\" class=\"yoast-schema-graph\">{\"@context\":\"https:\\\/\\\/schema.org\",\"@graph\":[{\"@type\":\"Article\",\"@id\":\"https:\\\/\\\/all4camper.com\\\/cs\\\/na-co-si-dat-pozor-kdyz-hledate-pronajem-obytneho-vozu\\\/#article\",\"isPartOf\":{\"@id\":\"https:\\\/\\\/all4camper.com\\\/cs\\\/na-co-si-dat-pozor-kdyz-hledate-pronajem-obytneho-vozu\\\/\"},\"author\":{\"name\":\"Kl\u00e1ra H\u00e1jkov\u00e1\",\"@id\":\"https:\\\/\\\/all4camper.com\\\/cs\\\/#\\\/schema\\\/person\\\/c6f1efdf1d02bc7d8c53a891cbe18c62\"},\"headline\":\"Na co si d\u00e1t pozor, kdy\u017e hled\u00e1te pron\u00e1jem obytn\u00e9ho vozu\",\"datePublished\":\"2021-08-01T08:34:18+00:00\",\"dateModified\":\"2021-08-01T08:51:10+00:00\",\"mainEntityOfPage\":{\"@id\":\"https:\\\/\\\/all4camper.com\\\/cs\\\/na-co-si-dat-pozor-kdyz-hledate-pronajem-obytneho-vozu\\\/\"},\"wordCount\":959,\"publisher\":{\"@id\":\"https:\\\/\\\/all4camper.com\\\/cs\\\/#organization\"},\"image\":{\"@id\":\"https:\\\/\\\/all4camper.com\\\/cs\\\/na-co-si-dat-pozor-kdyz-hledate-pronajem-obytneho-vozu\\\/#primaryimage\"},\"thumbnailUrl\":\"https:\\\/\\\/all4camper.com\\\/wp-content\\\/uploads\\\/2021\\\/07\\\/IMG_2405_kemp-frymburk.jpg\",\"keywords\":[\"Rady-tipy-informace\"],\"articleSection\":[\"Novinky - Kempov\u00e1n\u00ed a karavaning\",\"Rady, tipy, informace\"],\"inLanguage\":\"cs\"},{\"@type\":\"WebPage\",\"@id\":\"https:\\\/\\\/all4camper.com\\\/cs\\\/na-co-si-dat-pozor-kdyz-hledate-pronajem-obytneho-vozu\\\/\",\"url\":\"https:\\\/\\\/all4camper.com\\\/cs\\\/na-co-si-dat-pozor-kdyz-hledate-pronajem-obytneho-vozu\\\/\",\"name\":\"Na co si d\u00e1t pozor, kdy\u017e hled\u00e1te pron\u00e1jem obytn\u00e9ho vozu - All4Camper\",\"isPartOf\":{\"@id\":\"https:\\\/\\\/all4camper.com\\\/cs\\\/#website\"},\"primaryImageOfPage\":{\"@id\":\"https:\\\/\\\/all4camper.com\\\/cs\\\/na-co-si-dat-pozor-kdyz-hledate-pronajem-obytneho-vozu\\\/#primaryimage\"},\"image\":{\"@id\":\"https:\\\/\\\/all4camper.com\\\/cs\\\/na-co-si-dat-pozor-kdyz-hledate-pronajem-obytneho-vozu\\\/#primaryimage\"},\"thumbnailUrl\":\"https:\\\/\\\/all4camper.com\\\/wp-content\\\/uploads\\\/2021\\\/07\\\/IMG_2405_kemp-frymburk.jpg\",\"datePublished\":\"2021-08-01T08:34:18+00:00\",\"dateModified\":\"2021-08-01T08:51:10+00:00\",\"description\":\"I leto\u0161n\u00ed sez\u00f3na je karavaningu naklon\u011bn\u00e1, a proto asi nikoho nep\u0159ekvap\u00ed, \u017ee nab\u00eddka pron\u00e1jmu obytn\u00fdch aut a p\u0159\u00edv\u011bs\u016f je pestr\u00e1. P\u0159esto v\u0161echno je t\u0159eba se zam\u011b\u0159it na p\u00e1r detail\u016f, kter\u00e9 by v\u00e1m mohly uniknout a v\u00fdsledn\u00fd dojem ze sjednan\u00e9ho pron\u00e1jmu by nebyl takov\u00fd, jak\u00fd o\u010dek\u00e1v\u00e1te.\",\"breadcrumb\":{\"@id\":\"https:\\\/\\\/all4camper.com\\\/cs\\\/na-co-si-dat-pozor-kdyz-hledate-pronajem-obytneho-vozu\\\/#breadcrumb\"},\"inLanguage\":\"cs\",\"potentialAction\":[{\"@type\":\"ReadAction\",\"target\":[\"https:\\\/\\\/all4camper.com\\\/cs\\\/na-co-si-dat-pozor-kdyz-hledate-pronajem-obytneho-vozu\\\/\"]}]},{\"@type\":\"ImageObject\",\"inLanguage\":\"cs\",\"@id\":\"https:\\\/\\\/all4camper.com\\\/cs\\\/na-co-si-dat-pozor-kdyz-hledate-pronajem-obytneho-vozu\\\/#primaryimage\",\"url\":\"https:\\\/\\\/all4camper.com\\\/wp-content\\\/uploads\\\/2021\\\/07\\\/IMG_2405_kemp-frymburk.jpg\",\"contentUrl\":\"https:\\\/\\\/all4camper.com\\\/wp-content\\\/uploads\\\/2021\\\/07\\\/IMG_2405_kemp-frymburk.jpg\",\"width\":1800,\"height\":1350},{\"@type\":\"BreadcrumbList\",\"@id\":\"https:\\\/\\\/all4camper.com\\\/cs\\\/na-co-si-dat-pozor-kdyz-hledate-pronajem-obytneho-vozu\\\/#breadcrumb\",\"itemListElement\":[{\"@type\":\"ListItem\",\"position\":1,\"name\":\"Dom\u016f\",\"item\":\"https:\\\/\\\/all4camper.com\\\/cs\\\/\"},{\"@type\":\"ListItem\",\"position\":2,\"name\":\"Novinky - Kempov\u00e1n\u00ed a karavaning\",\"item\":\"https:\\\/\\\/all4camper.com\\\/cs\\\/category\\\/novinky-kempovani-a-karavaning\\\/\"},{\"@type\":\"ListItem\",\"position\":3,\"name\":\"Na co si d\u00e1t pozor, kdy\u017e hled\u00e1te pron\u00e1jem obytn\u00e9ho vozu\"}]},{\"@type\":\"WebSite\",\"@id\":\"https:\\\/\\\/all4camper.com\\\/cs\\\/#website\",\"url\":\"https:\\\/\\\/all4camper.com\\\/cs\\\/\",\"name\":\"All4Camper\",\"description\":\"Nejv\u011bt\u0161\u00ed online magaz\u00edn o kempov\u00e1n\u00ed a karavaninku. V\u00edce jak 900 \u010dl\u00e1nk\u016f pln\u00fdch rad a tip\u016f o kempech a kempov\u00e1n\u00ed.\",\"publisher\":{\"@id\":\"https:\\\/\\\/all4camper.com\\\/cs\\\/#organization\"},\"potentialAction\":[{\"@type\":\"SearchAction\",\"target\":{\"@type\":\"EntryPoint\",\"urlTemplate\":\"https:\\\/\\\/all4camper.com\\\/cs\\\/?s={search_term_string}\"},\"query-input\":{\"@type\":\"PropertyValueSpecification\",\"valueRequired\":true,\"valueName\":\"search_term_string\"}}],\"inLanguage\":\"cs\"},{\"@type\":\"Organization\",\"@id\":\"https:\\\/\\\/all4camper.com\\\/cs\\\/#organization\",\"name\":\"All4Camper - kempujeme s Kl\u00e1rou\",\"url\":\"https:\\\/\\\/all4camper.com\\\/cs\\\/\",\"logo\":{\"@type\":\"ImageObject\",\"inLanguage\":\"cs\",\"@id\":\"https:\\\/\\\/all4camper.com\\\/cs\\\/#\\\/schema\\\/logo\\\/image\\\/\",\"url\":\"https:\\\/\\\/all4camper.com\\\/wp-content\\\/uploads\\\/2018\\\/09\\\/novelogo.png\",\"contentUrl\":\"https:\\\/\\\/all4camper.com\\\/wp-content\\\/uploads\\\/2018\\\/09\\\/novelogo.png\",\"width\":1520,\"height\":600,\"caption\":\"All4Camper - kempujeme s Kl\u00e1rou\"},\"image\":{\"@id\":\"https:\\\/\\\/all4camper.com\\\/cs\\\/#\\\/schema\\\/logo\\\/image\\\/\"}},{\"@type\":\"Person\",\"@id\":\"https:\\\/\\\/all4camper.com\\\/cs\\\/#\\\/schema\\\/person\\\/c6f1efdf1d02bc7d8c53a891cbe18c62\",\"name\":\"Kl\u00e1ra H\u00e1jkov\u00e1\",\"sameAs\":[\"http:\\\/\\\/www.all4camper.com\"],\"url\":\"https:\\\/\\\/all4camper.com\\\/cs\\\/author\\\/klarinkacestuje1\\\/\"}]}<\/script>\n<!-- \/ Yoast SEO plugin. -->","yoast_head_json":{"title":"Na co si d\u00e1t pozor, kdy\u017e hled\u00e1te pron\u00e1jem obytn\u00e9ho vozu - All4Camper","description":"I leto\u0161n\u00ed sez\u00f3na je karavaningu naklon\u011bn\u00e1, a proto asi nikoho nep\u0159ekvap\u00ed, \u017ee nab\u00eddka pron\u00e1jmu obytn\u00fdch aut a p\u0159\u00edv\u011bs\u016f je pestr\u00e1. P\u0159esto v\u0161echno je t\u0159eba se zam\u011b\u0159it na p\u00e1r detail\u016f, kter\u00e9 by v\u00e1m mohly uniknout a v\u00fdsledn\u00fd dojem ze sjednan\u00e9ho pron\u00e1jmu by nebyl takov\u00fd, jak\u00fd o\u010dek\u00e1v\u00e1te.","robots":{"index":"index","follow":"follow","max-snippet":"max-snippet:-1","max-image-preview":"max-image-preview:large","max-video-preview":"max-video-preview:-1"},"canonical":"https:\/\/all4camper.com\/cs\/na-co-si-dat-pozor-kdyz-hledate-pronajem-obytneho-vozu\/","og_locale":"cs_CZ","og_type":"article","og_title":"Na co si d\u00e1t pozor, kdy\u017e hled\u00e1te pron\u00e1jem obytn\u00e9ho vozu - All4Camper","og_description":"I leto\u0161n\u00ed sez\u00f3na je karavaningu naklon\u011bn\u00e1, a proto asi nikoho nep\u0159ekvap\u00ed, \u017ee nab\u00eddka pron\u00e1jmu obytn\u00fdch aut a p\u0159\u00edv\u011bs\u016f je pestr\u00e1. P\u0159esto v\u0161echno je t\u0159eba se zam\u011b\u0159it na p\u00e1r detail\u016f, kter\u00e9 by v\u00e1m mohly uniknout a v\u00fdsledn\u00fd dojem ze sjednan\u00e9ho pron\u00e1jmu by nebyl takov\u00fd, jak\u00fd o\u010dek\u00e1v\u00e1te.","og_url":"https:\/\/all4camper.com\/cs\/na-co-si-dat-pozor-kdyz-hledate-pronajem-obytneho-vozu\/","og_site_name":"All4Camper","article_published_time":"2021-08-01T08:34:18+00:00","article_modified_time":"2021-08-01T08:51:10+00:00","og_image":[{"width":1800,"height":1350,"url":"https:\/\/all4camper.com\/wp-content\/uploads\/2021\/07\/IMG_2405_kemp-frymburk.jpg","type":"image\/jpeg"}],"author":"Kl\u00e1ra H\u00e1jkov\u00e1","twitter_card":"summary_large_image","twitter_misc":{"Napsal(a)":"Kl\u00e1ra H\u00e1jkov\u00e1","Odhadovan\u00e1 doba \u010dten\u00ed":"4 minuty"},"schema":{"@context":"https:\/\/schema.org","@graph":[{"@type":"Article","@id":"https:\/\/all4camper.com\/cs\/na-co-si-dat-pozor-kdyz-hledate-pronajem-obytneho-vozu\/#article","isPartOf":{"@id":"https:\/\/all4camper.com\/cs\/na-co-si-dat-pozor-kdyz-hledate-pronajem-obytneho-vozu\/"},"author":{"name":"Kl\u00e1ra H\u00e1jkov\u00e1","@id":"https:\/\/all4camper.com\/cs\/#\/schema\/person\/c6f1efdf1d02bc7d8c53a891cbe18c62"},"headline":"Na co si d\u00e1t pozor, kdy\u017e hled\u00e1te pron\u00e1jem obytn\u00e9ho vozu","datePublished":"2021-08-01T08:34:18+00:00","dateModified":"2021-08-01T08:51:10+00:00","mainEntityOfPage":{"@id":"https:\/\/all4camper.com\/cs\/na-co-si-dat-pozor-kdyz-hledate-pronajem-obytneho-vozu\/"},"wordCount":959,"publisher":{"@id":"https:\/\/all4camper.com\/cs\/#organization"},"image":{"@id":"https:\/\/all4camper.com\/cs\/na-co-si-dat-pozor-kdyz-hledate-pronajem-obytneho-vozu\/#primaryimage"},"thumbnailUrl":"https:\/\/all4camper.com\/wp-content\/uploads\/2021\/07\/IMG_2405_kemp-frymburk.jpg","keywords":["Rady-tipy-informace"],"articleSection":["Novinky - Kempov\u00e1n\u00ed a karavaning","Rady, tipy, informace"],"inLanguage":"cs"},{"@type":"WebPage","@id":"https:\/\/all4camper.com\/cs\/na-co-si-dat-pozor-kdyz-hledate-pronajem-obytneho-vozu\/","url":"https:\/\/all4camper.com\/cs\/na-co-si-dat-pozor-kdyz-hledate-pronajem-obytneho-vozu\/","name":"Na co si d\u00e1t pozor, kdy\u017e hled\u00e1te pron\u00e1jem obytn\u00e9ho vozu - All4Camper","isPartOf":{"@id":"https:\/\/all4camper.com\/cs\/#website"},"primaryImageOfPage":{"@id":"https:\/\/all4camper.com\/cs\/na-co-si-dat-pozor-kdyz-hledate-pronajem-obytneho-vozu\/#primaryimage"},"image":{"@id":"https:\/\/all4camper.com\/cs\/na-co-si-dat-pozor-kdyz-hledate-pronajem-obytneho-vozu\/#primaryimage"},"thumbnailUrl":"https:\/\/all4camper.com\/wp-content\/uploads\/2021\/07\/IMG_2405_kemp-frymburk.jpg","datePublished":"2021-08-01T08:34:18+00:00","dateModified":"2021-08-01T08:51:10+00:00","description":"I leto\u0161n\u00ed sez\u00f3na je karavaningu naklon\u011bn\u00e1, a proto asi nikoho nep\u0159ekvap\u00ed, \u017ee nab\u00eddka pron\u00e1jmu obytn\u00fdch aut a p\u0159\u00edv\u011bs\u016f je pestr\u00e1. P\u0159esto v\u0161echno je t\u0159eba se zam\u011b\u0159it na p\u00e1r detail\u016f, kter\u00e9 by v\u00e1m mohly uniknout a v\u00fdsledn\u00fd dojem ze sjednan\u00e9ho pron\u00e1jmu by nebyl takov\u00fd, jak\u00fd o\u010dek\u00e1v\u00e1te.","breadcrumb":{"@id":"https:\/\/all4camper.com\/cs\/na-co-si-dat-pozor-kdyz-hledate-pronajem-obytneho-vozu\/#breadcrumb"},"inLanguage":"cs","potentialAction":[{"@type":"ReadAction","target":["https:\/\/all4camper.com\/cs\/na-co-si-dat-pozor-kdyz-hledate-pronajem-obytneho-vozu\/"]}]},{"@type":"ImageObject","inLanguage":"cs","@id":"https:\/\/all4camper.com\/cs\/na-co-si-dat-pozor-kdyz-hledate-pronajem-obytneho-vozu\/#primaryimage","url":"https:\/\/all4camper.com\/wp-content\/uploads\/2021\/07\/IMG_2405_kemp-frymburk.jpg","contentUrl":"https:\/\/all4camper.com\/wp-content\/uploads\/2021\/07\/IMG_2405_kemp-frymburk.jpg","width":1800,"height":1350},{"@type":"BreadcrumbList","@id":"https:\/\/all4camper.com\/cs\/na-co-si-dat-pozor-kdyz-hledate-pronajem-obytneho-vozu\/#breadcrumb","itemListElement":[{"@type":"ListItem","position":1,"name":"Dom\u016f","item":"https:\/\/all4camper.com\/cs\/"},{"@type":"ListItem","position":2,"name":"Novinky - Kempov\u00e1n\u00ed a karavaning","item":"https:\/\/all4camper.com\/cs\/category\/novinky-kempovani-a-karavaning\/"},{"@type":"ListItem","position":3,"name":"Na co si d\u00e1t pozor, kdy\u017e hled\u00e1te pron\u00e1jem obytn\u00e9ho vozu"}]},{"@type":"WebSite","@id":"https:\/\/all4camper.com\/cs\/#website","url":"https:\/\/all4camper.com\/cs\/","name":"All4Camper","description":"Nejv\u011bt\u0161\u00ed online magaz\u00edn o kempov\u00e1n\u00ed a karavaninku. V\u00edce jak 900 \u010dl\u00e1nk\u016f pln\u00fdch rad a tip\u016f o kempech a kempov\u00e1n\u00ed.","publisher":{"@id":"https:\/\/all4camper.com\/cs\/#organization"},"potentialAction":[{"@type":"SearchAction","target":{"@type":"EntryPoint","urlTemplate":"https:\/\/all4camper.com\/cs\/?s={search_term_string}"},"query-input":{"@type":"PropertyValueSpecification","valueRequired":true,"valueName":"search_term_string"}}],"inLanguage":"cs"},{"@type":"Organization","@id":"https:\/\/all4camper.com\/cs\/#organization","name":"All4Camper - kempujeme s Kl\u00e1rou","url":"https:\/\/all4camper.com\/cs\/","logo":{"@type":"ImageObject","inLanguage":"cs","@id":"https:\/\/all4camper.com\/cs\/#\/schema\/logo\/image\/","url":"https:\/\/all4camper.com\/wp-content\/uploads\/2018\/09\/novelogo.png","contentUrl":"https:\/\/all4camper.com\/wp-content\/uploads\/2018\/09\/novelogo.png","width":1520,"height":600,"caption":"All4Camper - kempujeme s Kl\u00e1rou"},"image":{"@id":"https:\/\/all4camper.com\/cs\/#\/schema\/logo\/image\/"}},{"@type":"Person","@id":"https:\/\/all4camper.com\/cs\/#\/schema\/person\/c6f1efdf1d02bc7d8c53a891cbe18c62","name":"Kl\u00e1ra H\u00e1jkov\u00e1","sameAs":["http:\/\/www.all4camper.com"],"url":"https:\/\/all4camper.com\/cs\/author\/klarinkacestuje1\/"}]}},"_links":{"self":[{"href":"https:\/\/all4camper.com\/cs\/wp-json\/wp\/v2\/posts\/135267","targetHints":{"allow":["GET"]}}],"collection":[{"href":"https:\/\/all4camper.com\/cs\/wp-json\/wp\/v2\/posts"}],"about":[{"href":"https:\/\/all4camper.com\/cs\/wp-json\/wp\/v2\/types\/post"}],"author":[{"embeddable":true,"href":"https:\/\/all4camper.com\/cs\/wp-json\/wp\/v2\/users\/4"}],"replies":[{"embeddable":true,"href":"https:\/\/all4camper.com\/cs\/wp-json\/wp\/v2\/comments?post=135267"}],"version-history":[{"count":0,"href":"https:\/\/all4camper.com\/cs\/wp-json\/wp\/v2\/posts\/135267\/revisions"}],"wp:featuredmedia":[{"embeddable":true,"href":"https:\/\/all4camper.com\/cs\/wp-json\/wp\/v2\/media\/135146"}],"wp:attachment":[{"href":"https:\/\/all4camper.com\/cs\/wp-json\/wp\/v2\/media?parent=135267"}],"wp:term":[{"taxonomy":"category","embeddable":true,"href":"https:\/\/all4camper.com\/cs\/wp-json\/wp\/v2\/categories?post=135267"},{"taxonomy":"post_tag","embeddable":true,"href":"https:\/\/all4camper.com\/cs\/wp-json\/wp\/v2\/tags?post=135267"}],"curies":[{"name":"wp","href":"https:\/\/api.w.org\/{rel}","templated":true}]}}