{"id":134702,"date":"2021-06-25T14:01:43","date_gmt":"2021-06-25T12:01:43","guid":{"rendered":"https:\/\/all4camper.com\/\/?p=134702"},"modified":"2021-06-25T14:01:48","modified_gmt":"2021-06-25T12:01:48","slug":"chci-dobrodruznou-dovolenou-karavanem-cim-vsak-jet","status":"publish","type":"post","link":"https:\/\/all4camper.com\/cs\/chci-dobrodruznou-dovolenou-karavanem-cim-vsak-jet\/","title":{"rendered":"Chci dobrodru\u017enou dovolenou karavanem &#8211; \u010d\u00edm v\u0161ak jet?"},"content":{"rendered":"\n<p><strong>Jste nov\u00ed ve sv\u011bt\u011b karavaningu a nev\u00edte, kam jet? To je norm\u00e1ln\u00ed, to k dobrodru\u017estv\u00ed pat\u0159\u00ed. Ale v\u00edte s \u010d\u00edm jet?<\/strong> <strong>Odpov\u011bdi na tuto ot\u00e1zku si pro v\u00e1s dnes p\u0159ipravili kolegov\u00e9 <a href=\"https:\/\/lifestylecamper.cz\/\" target=\"_blank\" rel=\"noreferrer noopener nofollow\">Life Style Camper<\/a> a mysl\u00edm, \u017ee to vystihli velice dob\u0159e.<\/strong><\/p>\n\n\n\n<figure class=\"wp-block-image size-large\"><img loading=\"lazy\" decoding=\"async\" width=\"1620\" height=\"1080\" src=\"https:\/\/all4camper.com\/\/wp-content\/uploads\/2021\/06\/DC8W7487-1620x1080.jpg\" alt=\"\" class=\"wp-image-134719\" srcset=\"https:\/\/all4camper.com\/wp-content\/uploads\/2021\/06\/DC8W7487-1620x1080.jpg 1620w, https:\/\/all4camper.com\/wp-content\/uploads\/2021\/06\/DC8W7487-300x200.jpg 300w, https:\/\/all4camper.com\/wp-content\/uploads\/2021\/06\/DC8W7487-150x100.jpg 150w, https:\/\/all4camper.com\/wp-content\/uploads\/2021\/06\/DC8W7487-768x512.jpg 768w, https:\/\/all4camper.com\/wp-content\/uploads\/2021\/06\/DC8W7487-1536x1024.jpg 1536w, https:\/\/all4camper.com\/wp-content\/uploads\/2021\/06\/DC8W7487-2048x1366.jpg 2048w, https:\/\/all4camper.com\/wp-content\/uploads\/2021\/06\/DC8W7487-696x464.jpg 696w, https:\/\/all4camper.com\/wp-content\/uploads\/2021\/06\/DC8W7487-1068x712.jpg 1068w, https:\/\/all4camper.com\/wp-content\/uploads\/2021\/06\/DC8W7487-1920x1280.jpg 1920w, https:\/\/all4camper.com\/wp-content\/uploads\/2021\/06\/DC8W7487-630x420.jpg 630w\" sizes=\"auto, (max-width: 1620px) 100vw, 1620px\" \/><\/figure>\n\n\n\n<ul class=\"wp-block-list\"><li><strong>Karavan<\/strong> <strong>(obytn\u00fd p\u0159\u00edv\u011bs)<\/strong> p\u0159ipoj\u00edte za auto pomoc\u00ed ta\u017en\u00e9ho za\u0159\u00edzen\u00ed. <\/li><li><strong>Obytn\u00fd v\u016fz<\/strong> je vozidlo, kter\u00e9 disponuje n\u00e1stavbov\u00fdm obytn\u00fdm prostorem, tak\u017ee nic k ni\u010demu p\u0159ipojovat nemus\u00edte.&nbsp;<\/li><\/ul>\n\n\n\n<h4 class=\"wp-block-heading\"><strong>Co je nejv\u011bt\u0161\u00ed v\u00fdhodou obytn\u00e9ho vozu?<\/strong><\/h4>\n\n\n\n<p>Je to obrovsk\u00e1 m\u00edra pohodl\u00ed. B\u00fdvaj\u00ed to luxusn\u00ed&nbsp;a drah\u00e9 kolosy, je to opravdov\u00fd mobiln\u00ed hotel. Dob\u0159e za\u0159\u00edzen\u00fd a vybaven\u00fd interi\u00e9r poskytne skv\u011bl\u00e9 \u00fato\u010di\u0161t\u011b, kam se budete b\u011bhem dovolen\u00e9 r\u00e1di vracet. Na d\u00e1lnici je obytko jako ryba ve vod\u011b. <strong>V porovn\u00e1n\u00ed s karavanem se s n\u00edm dob\u0159e p\u0159edj\u00ed\u017ed\u00ed, couv\u00e1 a brzd\u00ed.<\/strong> Sedadlo je hezky vysoko, tak\u017ee se m\u016f\u017eete kochat pohledem z v\u00fd\u0161ky na v\u0161e pod v\u00e1mi &#8211; m\u00e1te skv\u011bl\u00fd p\u0159ehled, jste jako na \u0159\u00edd\u00edc\u00ed v\u011b\u017ei. Zp\u0159\u00edjemn\u00ed v\u00e1m cestu tak\u00e9 t\u00edm, \u017ee si nemus\u00edte d\u011blat starosti se st\u0159e\u0161n\u00edm nosi\u010dem. Sou\u010d\u00e1st\u00ed ka\u017ed\u00e9ho obytn\u00e9ho vozu je gar\u00e1\u017e, kde si m\u016f\u017eete sv\u00e9 ly\u017ee, kolo, nebo jin\u00e9 p\u0159\u00edslu\u0161enstv\u00ed uskladnit.&nbsp;Nemus\u00edte ani sh\u00e1n\u011bt auto, kter\u00e9 by obyt\u0148\u00e1k uvezlo. Ut\u00e1hne se s\u00e1m a tak\u00e9 se postar\u00e1 o to, aby v\u00e1m nikdy nebyla zima. V\u011bt\u0161ina model\u016f m\u00e1 ve v\u00fdbav\u011b topen\u00ed i kvalitn\u00ed izolaci. D\u00edky zv\u00fd\u0161en\u00e9 kapacit\u011b autobateri\u00ed b\u00fdvaj\u00ed obyt\u0148\u00e1ky tak\u00e9 \u0161ampiony sob\u011bsta\u010dnosti.<\/p>\n\n\n\n<h4 class=\"wp-block-heading\"><strong>Nev\u00fdhody obytn\u00e9ho vozu?<\/strong><\/h4>\n\n\n\n<p>Prostor a pohodl\u00ed. To je skv\u011bl\u00e1, nicm\u00e9n\u011b drah\u00e1 kombinace. Pokud si v\u0161ak na pohodl\u00ed potrp\u00edte, tak ur\u010dit\u011b p\u0159ekousnete dra\u017e\u0161\u00ed prodejn\u00ed \u010di n\u00e1jemn\u00ed cenu, kterou obytn\u00fd v\u016fz m\u00e1. Na d\u00e1lnici se obytku da\u0159\u00ed, ale co m\u011bsto? Tam je to hor\u0161\u00ed. Man\u00e9vrov\u00e1n\u00ed v krkolomn\u00fdch m\u011bstsk\u00fdch uli\u010dk\u00e1ch je obt\u00ed\u017en\u00e9, \u0159idi\u010d mus\u00ed b\u00fdt velice opatrn\u00fd.<br><\/p>\n\n\n\n<h4 class=\"wp-block-heading\"><strong>V\u00fdhody karavanu<\/strong> <\/h4>\n\n\n\n<p>Nejv\u011bt\u0161\u00ed v\u00fdhodou karavanu<strong> je jeho cena.<\/strong> Narozd\u00edl od obyt\u0148\u00e1ku nejde o \u017e\u00e1dn\u00fd poj\u00edzdn\u00fd hotel. A to je vlastn\u011b dob\u0159e. Karavanist\u016fm nejde tolik o pohodl\u00ed, jako sp\u00ed\u0161e o z\u00e1\u017eitky. Ne \u017ee by tam nebylo pohodl\u00ed \u017e\u00e1dn\u00e9, naopak. V\u00e9zt si za autem kuchy\u0148ku, lo\u017enici a ob\u00fdv\u00e1k to o mnoho lep\u0161\u00ed ne\u017e sp\u00e1t ve spac\u00e1ku na tr\u00e1v\u011b a klohnit si ko\u0159\u00ednky v e\u0161usu.&nbsp;S karavanem se dob\u0159e p\u0159ev\u00e1\u017e\u00ed n\u00e1klad. N\u011bco m\u016f\u017eete d\u00e1t do kufru auta, n\u011bco do p\u0159\u00edv\u011bsu. V tomto p\u0159\u00edpad\u011b je d\u016fle\u017eit\u00e9 ta\u017en\u00e9 za\u0159\u00edzen\u00ed (takov\u00e1 ta koule na zadn\u00ed \u010d\u00e1sti auta), bez n\u011bj m\u016f\u017eete karavan zap\u0159\u00e1hnout tak akor\u00e1t za kon\u00edka (nedoporu\u010dujeme). Co se t\u00fd\u010de velikosti, tak m\u016f\u017ee j\u00edt o giganty o d\u00e9lce a\u017e 9 metr\u016f. A co se stane, kdy\u017e jste na v\u00fdprav\u011b, a pot\u0159ebujete doplnit z\u00e1soby? Prost\u011b tam karavan nechte a autem si zaje\u010fte do m\u011bsta. V\u00fdhoda je, \u017ee nemus\u00edte karavan vl\u00e1\u010det s sebou.&nbsp;<\/p>\n\n\n\n<h4 class=\"wp-block-heading\"><strong>Nev\u00fdhody karavanu<\/strong><\/h4>\n\n\n\n<p>Nejv\u011bt\u0161\u00ed nev\u00fdhodou jsou o n\u011bco vy\u0161\u0161\u00ed v\u00fddaje za pohonn\u00e9 hmoty oproti tomu, kdy\u017e jedete samotn\u00fdm autem. M\u016f\u017ee to b\u00fdt a\u017e 25-50 %. S karavanem se d\u00edky ta\u017en\u00e9mu za\u0159\u00edzen\u00ed l\u00e9pe man\u00e9vruje, dok\u00e1\u017ee to v\u0161ak b\u00fdt dvojse\u010dn\u00e1 zbra\u0148, a\u017e p\u0159\u00edli\u0161 hybnosti m\u016f\u017ee u\u0161kodit &#8211; <strong>pr\u00e1v\u011b tato hybnost m\u016f\u017ee nezku\u0161en\u00e9ho \u0159idi\u010de nep\u0159\u00edjemn\u011b p\u0159ekvapit<\/strong>. Je d\u016fle\u017eit\u00e9 nep\u0159ece\u0148ovat sv\u00e9 \u0159idi\u010dsk\u00e9 schopnosti, opatrnost nic nestoj\u00ed. A <strong>nem\u011bl by se p\u0159ece\u0148ovat ani v\u00fdkon motoru, je\u0161t\u011b p\u0159ed cestou by si m\u011bl \u010dlov\u011bk zjistit, zda jeho auto v\u016fbec karavan ut\u00e1hne<\/strong>.<\/p>\n\n\n\n<h3 class=\"wp-block-heading\"><strong>Karavan bez z\u00e1por\u016f? Mikro karavan<\/strong><\/h3>\n\n\n\n<p>Je tu je\u0161t\u011b jeden typ, kter\u00fd jsme nezm\u00ednili. <strong>Jste dobrodru\u017en\u00e1 du\u0161e a chcete tr\u00e1vit \u010das v p\u0159\u00edrod\u011b, s rodinou, nebo s p\u0159\u00e1teli? <\/strong>Nechcete se vl\u00e1\u010det s rozm\u011brn\u00fdm karavanem, ale ut\u00e9ct p\u0159ed hluky a stresy civilizace a prozkoum\u00e1vat kr\u00e1sy \u010desk\u00e9 (\u010di jin\u00e9) p\u0159\u00edrody a relaxovat na \u010derstv\u00e9m vzduchu? <strong>Mikro karavany jsou ide\u00e1ln\u00ed \u0159e\u0161en\u00ed<\/strong>.&nbsp;<\/p>\n\n\n\n<figure class=\"wp-block-image size-large\"><img loading=\"lazy\" decoding=\"async\" width=\"1620\" height=\"1080\" src=\"https:\/\/all4camper.com\/\/wp-content\/uploads\/2021\/06\/DSC_1373-1-1620x1080.jpg\" alt=\"\" class=\"wp-image-134727\" srcset=\"https:\/\/all4camper.com\/wp-content\/uploads\/2021\/06\/DSC_1373-1-1620x1080.jpg 1620w, https:\/\/all4camper.com\/wp-content\/uploads\/2021\/06\/DSC_1373-1-300x200.jpg 300w, https:\/\/all4camper.com\/wp-content\/uploads\/2021\/06\/DSC_1373-1-150x100.jpg 150w, https:\/\/all4camper.com\/wp-content\/uploads\/2021\/06\/DSC_1373-1-768x512.jpg 768w, https:\/\/all4camper.com\/wp-content\/uploads\/2021\/06\/DSC_1373-1-1536x1024.jpg 1536w, https:\/\/all4camper.com\/wp-content\/uploads\/2021\/06\/DSC_1373-1-2048x1366.jpg 2048w, https:\/\/all4camper.com\/wp-content\/uploads\/2021\/06\/DSC_1373-1-696x464.jpg 696w, https:\/\/all4camper.com\/wp-content\/uploads\/2021\/06\/DSC_1373-1-1068x712.jpg 1068w, https:\/\/all4camper.com\/wp-content\/uploads\/2021\/06\/DSC_1373-1-1920x1280.jpg 1920w, https:\/\/all4camper.com\/wp-content\/uploads\/2021\/06\/DSC_1373-1-630x420.jpg 630w\" sizes=\"auto, (max-width: 1620px) 100vw, 1620px\" \/><\/figure>\n\n\n\n<h3 class=\"wp-block-heading\"><strong>Mikro karavany&nbsp;<\/strong><\/h3>\n\n\n\n<p>Velmi popul\u00e1rn\u00ed zna\u010dkou, kter\u00e1 vynik\u00e1 svou odolnost\u00ed i pohodl\u00edm, je <strong>Life Style Camper<\/strong>. Tyto mikro karavany jsou stvo\u0159eny k tomu, aby p\u0159ekonaly t\u011b\u017ek\u00fd ter\u00e9n a d\u00edky sv\u00e9 \u0161irok\u00e9 v\u00fdbav\u011b st\u00e1le poskytly super pohodl\u00ed. Dovezou v\u00e1s kamkoliv, jsou ide\u00e1ln\u00ed pro v\u0161echny mo\u017en\u00e9 dobrodruhy &#8211; lovce, ryb\u00e1\u0159e. D\u00edky sv\u00fdm kompaktn\u00edm rozm\u011br\u016fm a \u0161irok\u00e9 v\u00fdbav\u011b jsou vhodn\u00e9 i pro rodiny s d\u011btmi. P\u0159e\u010dt\u011bte si v\u00edce o jejich revolu\u010dn\u00edch vlastnostech na <a href=\"https:\/\/lifestylecamper.cz\/\" target=\"_blank\" rel=\"noreferrer noopener\"><strong>lifestylecamper.cz<\/strong><\/a>.<\/p>\n\n\n\n<blockquote class=\"wp-block-quote has-text-align-left is-layout-flow wp-block-quote-is-layout-flow\"><p>Co se t\u00fd\u010de m\u00edsta, jde o mikro karavan. Co se t\u00fd\u010de z\u00e1\u017eitku, jde o MAXIkaravan.<\/p><\/blockquote>\n\n\n\n<figure class=\"wp-block-image size-large\"><img loading=\"lazy\" decoding=\"async\" width=\"1619\" height=\"1080\" src=\"https:\/\/all4camper.com\/\/wp-content\/uploads\/2021\/06\/DSC_1340-1-1619x1080.jpg\" alt=\"\" class=\"wp-image-134730\" srcset=\"https:\/\/all4camper.com\/wp-content\/uploads\/2021\/06\/DSC_1340-1-1619x1080.jpg 1619w, https:\/\/all4camper.com\/wp-content\/uploads\/2021\/06\/DSC_1340-1-300x200.jpg 300w, https:\/\/all4camper.com\/wp-content\/uploads\/2021\/06\/DSC_1340-1-150x100.jpg 150w, https:\/\/all4camper.com\/wp-content\/uploads\/2021\/06\/DSC_1340-1-768x512.jpg 768w, https:\/\/all4camper.com\/wp-content\/uploads\/2021\/06\/DSC_1340-1-1536x1024.jpg 1536w, https:\/\/all4camper.com\/wp-content\/uploads\/2021\/06\/DSC_1340-1-2048x1366.jpg 2048w, https:\/\/all4camper.com\/wp-content\/uploads\/2021\/06\/DSC_1340-1-696x464.jpg 696w, https:\/\/all4camper.com\/wp-content\/uploads\/2021\/06\/DSC_1340-1-1068x712.jpg 1068w, https:\/\/all4camper.com\/wp-content\/uploads\/2021\/06\/DSC_1340-1-1920x1281.jpg 1920w, https:\/\/all4camper.com\/wp-content\/uploads\/2021\/06\/DSC_1340-1-630x420.jpg 630w\" sizes=\"auto, (max-width: 1619px) 100vw, 1619px\" \/><\/figure>\n\n\n\n<p><strong>Z\u00e1v\u011br &#8211; M\u016f\u017eu jet?<\/strong><\/p>\n\n\n\n<p>Jak je to vlastn\u011b s \u0159idi\u010d\u00e1kem u karavanu, pt\u00e1te se? Sta\u010d\u00ed v\u00e1m \u0159idi\u010dsk\u00fd pr\u016fkaz skupiny B za p\u0159edpokladu, \u017ee celkov\u00e1 hmotnost soupravy nep\u0159ekro\u010d\u00ed 3,5 tuny a hmotnost p\u0159ipojen\u00e9ho vozidla (nap\u0159. karavanu) nep\u0159ekro\u010d\u00ed hmotnost ta\u017en\u00e9ho vozidla (tak\u017ee auta).&nbsp;Jestli k tomuto p\u0159ekro\u010den\u00ed dojde, tak pot\u0159ebujete B+E variantu \u0159idi\u010dsk\u00e9ho pr\u016fkazu (pro \u0159\u00edzen\u00ed vozidel s hmotnost\u00ed p\u0159es 3,5 tuny).<\/p>\n\n\n\n<p><strong>Tak\u017ee ano, s karavanem m\u016f\u017eeme jet. Mus\u00edte to v\u0161ak pe\u010dliv\u011b zv\u00e1\u017eit :)&nbsp;<\/strong><\/p>\n","protected":false},"excerpt":{"rendered":"<p>Jste nov\u00ed ve sv\u011bt\u011b karavaningu a nev\u00edte, kam jet? To je norm\u00e1ln\u00ed, to k dobrodru\u017estv\u00ed pat\u0159\u00ed. Ale v\u00edte s \u010d\u00edm jet? Odpov\u011bdi na tuto ot\u00e1zku si pro v\u00e1s dnes p\u0159ipravili kolegov\u00e9 Life Style Camper a mysl\u00edm, \u017ee to vystihli velice dob\u0159e. Karavan (obytn\u00fd p\u0159\u00edv\u011bs) p\u0159ipoj\u00edte za auto pomoc\u00ed ta\u017en\u00e9ho za\u0159\u00edzen\u00ed. Obytn\u00fd v\u016fz je vozidlo, kter\u00e9 [&hellip;]<\/p>\n","protected":false},"author":4,"featured_media":134727,"comment_status":"closed","ping_status":"open","sticky":false,"template":"","format":"standard","meta":{"_monsterinsights_skip_tracking":false,"_monsterinsights_sitenote_active":false,"_monsterinsights_sitenote_note":"","_monsterinsights_sitenote_category":0,"footnotes":""},"categories":[11194,422],"tags":[8122],"class_list":{"0":"post-134702","1":"post","2":"type-post","3":"status-publish","4":"format-standard","5":"has-post-thumbnail","7":"category-karavaning","8":"category-novinky-kempovani-a-karavaning","9":"tag-karavaning"},"yoast_head":"<!-- This site is optimized with the Yoast SEO plugin v27.5 - https:\/\/yoast.com\/product\/yoast-seo-wordpress\/ -->\n<title>Chci dobrodru\u017enou dovolenou karavanem - \u010d\u00edm v\u0161ak jet? - All4Camper<\/title>\n<meta name=\"description\" content=\"Jste nov\u00ed ve sv\u011bt\u011b karavaningu a nev\u00edte, kam jet? To je norm\u00e1ln\u00ed, to k dobrodru\u017estv\u00ed pat\u0159\u00ed. Ale v\u00edte s \u010d\u00edm jet?\" \/>\n<meta name=\"robots\" content=\"index, follow, max-snippet:-1, max-image-preview:large, max-video-preview:-1\" \/>\n<link rel=\"canonical\" href=\"https:\/\/all4camper.com\/cs\/chci-dobrodruznou-dovolenou-karavanem-cim-vsak-jet\/\" \/>\n<meta property=\"og:locale\" content=\"cs_CZ\" \/>\n<meta property=\"og:type\" content=\"article\" \/>\n<meta property=\"og:title\" content=\"Chci dobrodru\u017enou dovolenou karavanem - \u010d\u00edm v\u0161ak jet? - All4Camper\" \/>\n<meta property=\"og:description\" content=\"Jste nov\u00ed ve sv\u011bt\u011b karavaningu a nev\u00edte, kam jet? To je norm\u00e1ln\u00ed, to k dobrodru\u017estv\u00ed pat\u0159\u00ed. Ale v\u00edte s \u010d\u00edm jet?\" \/>\n<meta property=\"og:url\" content=\"https:\/\/all4camper.com\/cs\/chci-dobrodruznou-dovolenou-karavanem-cim-vsak-jet\/\" \/>\n<meta property=\"og:site_name\" content=\"All4Camper\" \/>\n<meta property=\"article:published_time\" content=\"2021-06-25T12:01:43+00:00\" \/>\n<meta property=\"article:modified_time\" content=\"2021-06-25T12:01:48+00:00\" \/>\n<meta property=\"og:image\" content=\"https:\/\/all4camper.com\/wp-content\/uploads\/2021\/06\/DSC_1373-1.jpg\" \/>\n\t<meta property=\"og:image:width\" content=\"2560\" \/>\n\t<meta property=\"og:image:height\" content=\"1707\" \/>\n\t<meta property=\"og:image:type\" content=\"image\/jpeg\" \/>\n<meta name=\"author\" content=\"Kl\u00e1ra H\u00e1jkov\u00e1\" \/>\n<meta name=\"twitter:card\" content=\"summary_large_image\" \/>\n<meta name=\"twitter:label1\" content=\"Napsal(a)\" \/>\n\t<meta name=\"twitter:data1\" content=\"Kl\u00e1ra H\u00e1jkov\u00e1\" \/>\n\t<meta name=\"twitter:label2\" content=\"Odhadovan\u00e1 doba \u010dten\u00ed\" \/>\n\t<meta name=\"twitter:data2\" content=\"4 minuty\" \/>\n<script type=\"application\/ld+json\" class=\"yoast-schema-graph\">{\"@context\":\"https:\\\/\\\/schema.org\",\"@graph\":[{\"@type\":\"Article\",\"@id\":\"https:\\\/\\\/all4camper.com\\\/cs\\\/chci-dobrodruznou-dovolenou-karavanem-cim-vsak-jet\\\/#article\",\"isPartOf\":{\"@id\":\"https:\\\/\\\/all4camper.com\\\/cs\\\/chci-dobrodruznou-dovolenou-karavanem-cim-vsak-jet\\\/\"},\"author\":{\"name\":\"Kl\u00e1ra H\u00e1jkov\u00e1\",\"@id\":\"https:\\\/\\\/all4camper.com\\\/cs\\\/#\\\/schema\\\/person\\\/c6f1efdf1d02bc7d8c53a891cbe18c62\"},\"headline\":\"Chci dobrodru\u017enou dovolenou karavanem &#8211; \u010d\u00edm v\u0161ak jet?\",\"datePublished\":\"2021-06-25T12:01:43+00:00\",\"dateModified\":\"2021-06-25T12:01:48+00:00\",\"mainEntityOfPage\":{\"@id\":\"https:\\\/\\\/all4camper.com\\\/cs\\\/chci-dobrodruznou-dovolenou-karavanem-cim-vsak-jet\\\/\"},\"wordCount\":1011,\"publisher\":{\"@id\":\"https:\\\/\\\/all4camper.com\\\/cs\\\/#organization\"},\"image\":{\"@id\":\"https:\\\/\\\/all4camper.com\\\/cs\\\/chci-dobrodruznou-dovolenou-karavanem-cim-vsak-jet\\\/#primaryimage\"},\"thumbnailUrl\":\"https:\\\/\\\/all4camper.com\\\/wp-content\\\/uploads\\\/2021\\\/06\\\/DSC_1373-1.jpg\",\"keywords\":[\"Ze sv\u011bta karavaningu\"],\"articleSection\":[\"Karavanink\",\"Novinky - Kempov\u00e1n\u00ed a karavaning\"],\"inLanguage\":\"cs\"},{\"@type\":\"WebPage\",\"@id\":\"https:\\\/\\\/all4camper.com\\\/cs\\\/chci-dobrodruznou-dovolenou-karavanem-cim-vsak-jet\\\/\",\"url\":\"https:\\\/\\\/all4camper.com\\\/cs\\\/chci-dobrodruznou-dovolenou-karavanem-cim-vsak-jet\\\/\",\"name\":\"Chci dobrodru\u017enou dovolenou karavanem - \u010d\u00edm v\u0161ak jet? - All4Camper\",\"isPartOf\":{\"@id\":\"https:\\\/\\\/all4camper.com\\\/cs\\\/#website\"},\"primaryImageOfPage\":{\"@id\":\"https:\\\/\\\/all4camper.com\\\/cs\\\/chci-dobrodruznou-dovolenou-karavanem-cim-vsak-jet\\\/#primaryimage\"},\"image\":{\"@id\":\"https:\\\/\\\/all4camper.com\\\/cs\\\/chci-dobrodruznou-dovolenou-karavanem-cim-vsak-jet\\\/#primaryimage\"},\"thumbnailUrl\":\"https:\\\/\\\/all4camper.com\\\/wp-content\\\/uploads\\\/2021\\\/06\\\/DSC_1373-1.jpg\",\"datePublished\":\"2021-06-25T12:01:43+00:00\",\"dateModified\":\"2021-06-25T12:01:48+00:00\",\"description\":\"Jste nov\u00ed ve sv\u011bt\u011b karavaningu a nev\u00edte, kam jet? To je norm\u00e1ln\u00ed, to k dobrodru\u017estv\u00ed pat\u0159\u00ed. Ale v\u00edte s \u010d\u00edm jet?\",\"breadcrumb\":{\"@id\":\"https:\\\/\\\/all4camper.com\\\/cs\\\/chci-dobrodruznou-dovolenou-karavanem-cim-vsak-jet\\\/#breadcrumb\"},\"inLanguage\":\"cs\",\"potentialAction\":[{\"@type\":\"ReadAction\",\"target\":[\"https:\\\/\\\/all4camper.com\\\/cs\\\/chci-dobrodruznou-dovolenou-karavanem-cim-vsak-jet\\\/\"]}]},{\"@type\":\"ImageObject\",\"inLanguage\":\"cs\",\"@id\":\"https:\\\/\\\/all4camper.com\\\/cs\\\/chci-dobrodruznou-dovolenou-karavanem-cim-vsak-jet\\\/#primaryimage\",\"url\":\"https:\\\/\\\/all4camper.com\\\/wp-content\\\/uploads\\\/2021\\\/06\\\/DSC_1373-1.jpg\",\"contentUrl\":\"https:\\\/\\\/all4camper.com\\\/wp-content\\\/uploads\\\/2021\\\/06\\\/DSC_1373-1.jpg\",\"width\":2560,\"height\":1707},{\"@type\":\"BreadcrumbList\",\"@id\":\"https:\\\/\\\/all4camper.com\\\/cs\\\/chci-dobrodruznou-dovolenou-karavanem-cim-vsak-jet\\\/#breadcrumb\",\"itemListElement\":[{\"@type\":\"ListItem\",\"position\":1,\"name\":\"Dom\u016f\",\"item\":\"https:\\\/\\\/all4camper.com\\\/cs\\\/\"},{\"@type\":\"ListItem\",\"position\":2,\"name\":\"Novinky - Kempov\u00e1n\u00ed a karavaning\",\"item\":\"https:\\\/\\\/all4camper.com\\\/cs\\\/category\\\/novinky-kempovani-a-karavaning\\\/\"},{\"@type\":\"ListItem\",\"position\":3,\"name\":\"Chci dobrodru\u017enou dovolenou karavanem &#8211; \u010d\u00edm v\u0161ak jet?\"}]},{\"@type\":\"WebSite\",\"@id\":\"https:\\\/\\\/all4camper.com\\\/cs\\\/#website\",\"url\":\"https:\\\/\\\/all4camper.com\\\/cs\\\/\",\"name\":\"All4Camper\",\"description\":\"Nejv\u011bt\u0161\u00ed online magaz\u00edn o kempov\u00e1n\u00ed a karavaninku. V\u00edce jak 900 \u010dl\u00e1nk\u016f pln\u00fdch rad a tip\u016f o kempech a kempov\u00e1n\u00ed.\",\"publisher\":{\"@id\":\"https:\\\/\\\/all4camper.com\\\/cs\\\/#organization\"},\"potentialAction\":[{\"@type\":\"SearchAction\",\"target\":{\"@type\":\"EntryPoint\",\"urlTemplate\":\"https:\\\/\\\/all4camper.com\\\/cs\\\/?s={search_term_string}\"},\"query-input\":{\"@type\":\"PropertyValueSpecification\",\"valueRequired\":true,\"valueName\":\"search_term_string\"}}],\"inLanguage\":\"cs\"},{\"@type\":\"Organization\",\"@id\":\"https:\\\/\\\/all4camper.com\\\/cs\\\/#organization\",\"name\":\"All4Camper - kempujeme s Kl\u00e1rou\",\"url\":\"https:\\\/\\\/all4camper.com\\\/cs\\\/\",\"logo\":{\"@type\":\"ImageObject\",\"inLanguage\":\"cs\",\"@id\":\"https:\\\/\\\/all4camper.com\\\/cs\\\/#\\\/schema\\\/logo\\\/image\\\/\",\"url\":\"https:\\\/\\\/all4camper.com\\\/wp-content\\\/uploads\\\/2018\\\/09\\\/novelogo.png\",\"contentUrl\":\"https:\\\/\\\/all4camper.com\\\/wp-content\\\/uploads\\\/2018\\\/09\\\/novelogo.png\",\"width\":1520,\"height\":600,\"caption\":\"All4Camper - kempujeme s Kl\u00e1rou\"},\"image\":{\"@id\":\"https:\\\/\\\/all4camper.com\\\/cs\\\/#\\\/schema\\\/logo\\\/image\\\/\"}},{\"@type\":\"Person\",\"@id\":\"https:\\\/\\\/all4camper.com\\\/cs\\\/#\\\/schema\\\/person\\\/c6f1efdf1d02bc7d8c53a891cbe18c62\",\"name\":\"Kl\u00e1ra H\u00e1jkov\u00e1\",\"sameAs\":[\"http:\\\/\\\/www.all4camper.com\"],\"url\":\"https:\\\/\\\/all4camper.com\\\/cs\\\/author\\\/klarinkacestuje1\\\/\"}]}<\/script>\n<!-- \/ Yoast SEO plugin. -->","yoast_head_json":{"title":"Chci dobrodru\u017enou dovolenou karavanem - \u010d\u00edm v\u0161ak jet? - All4Camper","description":"Jste nov\u00ed ve sv\u011bt\u011b karavaningu a nev\u00edte, kam jet? To je norm\u00e1ln\u00ed, to k dobrodru\u017estv\u00ed pat\u0159\u00ed. Ale v\u00edte s \u010d\u00edm jet?","robots":{"index":"index","follow":"follow","max-snippet":"max-snippet:-1","max-image-preview":"max-image-preview:large","max-video-preview":"max-video-preview:-1"},"canonical":"https:\/\/all4camper.com\/cs\/chci-dobrodruznou-dovolenou-karavanem-cim-vsak-jet\/","og_locale":"cs_CZ","og_type":"article","og_title":"Chci dobrodru\u017enou dovolenou karavanem - \u010d\u00edm v\u0161ak jet? - All4Camper","og_description":"Jste nov\u00ed ve sv\u011bt\u011b karavaningu a nev\u00edte, kam jet? To je norm\u00e1ln\u00ed, to k dobrodru\u017estv\u00ed pat\u0159\u00ed. Ale v\u00edte s \u010d\u00edm jet?","og_url":"https:\/\/all4camper.com\/cs\/chci-dobrodruznou-dovolenou-karavanem-cim-vsak-jet\/","og_site_name":"All4Camper","article_published_time":"2021-06-25T12:01:43+00:00","article_modified_time":"2021-06-25T12:01:48+00:00","og_image":[{"width":2560,"height":1707,"url":"https:\/\/all4camper.com\/wp-content\/uploads\/2021\/06\/DSC_1373-1.jpg","type":"image\/jpeg"}],"author":"Kl\u00e1ra H\u00e1jkov\u00e1","twitter_card":"summary_large_image","twitter_misc":{"Napsal(a)":"Kl\u00e1ra H\u00e1jkov\u00e1","Odhadovan\u00e1 doba \u010dten\u00ed":"4 minuty"},"schema":{"@context":"https:\/\/schema.org","@graph":[{"@type":"Article","@id":"https:\/\/all4camper.com\/cs\/chci-dobrodruznou-dovolenou-karavanem-cim-vsak-jet\/#article","isPartOf":{"@id":"https:\/\/all4camper.com\/cs\/chci-dobrodruznou-dovolenou-karavanem-cim-vsak-jet\/"},"author":{"name":"Kl\u00e1ra H\u00e1jkov\u00e1","@id":"https:\/\/all4camper.com\/cs\/#\/schema\/person\/c6f1efdf1d02bc7d8c53a891cbe18c62"},"headline":"Chci dobrodru\u017enou dovolenou karavanem &#8211; \u010d\u00edm v\u0161ak jet?","datePublished":"2021-06-25T12:01:43+00:00","dateModified":"2021-06-25T12:01:48+00:00","mainEntityOfPage":{"@id":"https:\/\/all4camper.com\/cs\/chci-dobrodruznou-dovolenou-karavanem-cim-vsak-jet\/"},"wordCount":1011,"publisher":{"@id":"https:\/\/all4camper.com\/cs\/#organization"},"image":{"@id":"https:\/\/all4camper.com\/cs\/chci-dobrodruznou-dovolenou-karavanem-cim-vsak-jet\/#primaryimage"},"thumbnailUrl":"https:\/\/all4camper.com\/wp-content\/uploads\/2021\/06\/DSC_1373-1.jpg","keywords":["Ze sv\u011bta karavaningu"],"articleSection":["Karavanink","Novinky - Kempov\u00e1n\u00ed a karavaning"],"inLanguage":"cs"},{"@type":"WebPage","@id":"https:\/\/all4camper.com\/cs\/chci-dobrodruznou-dovolenou-karavanem-cim-vsak-jet\/","url":"https:\/\/all4camper.com\/cs\/chci-dobrodruznou-dovolenou-karavanem-cim-vsak-jet\/","name":"Chci dobrodru\u017enou dovolenou karavanem - \u010d\u00edm v\u0161ak jet? - All4Camper","isPartOf":{"@id":"https:\/\/all4camper.com\/cs\/#website"},"primaryImageOfPage":{"@id":"https:\/\/all4camper.com\/cs\/chci-dobrodruznou-dovolenou-karavanem-cim-vsak-jet\/#primaryimage"},"image":{"@id":"https:\/\/all4camper.com\/cs\/chci-dobrodruznou-dovolenou-karavanem-cim-vsak-jet\/#primaryimage"},"thumbnailUrl":"https:\/\/all4camper.com\/wp-content\/uploads\/2021\/06\/DSC_1373-1.jpg","datePublished":"2021-06-25T12:01:43+00:00","dateModified":"2021-06-25T12:01:48+00:00","description":"Jste nov\u00ed ve sv\u011bt\u011b karavaningu a nev\u00edte, kam jet? To je norm\u00e1ln\u00ed, to k dobrodru\u017estv\u00ed pat\u0159\u00ed. Ale v\u00edte s \u010d\u00edm jet?","breadcrumb":{"@id":"https:\/\/all4camper.com\/cs\/chci-dobrodruznou-dovolenou-karavanem-cim-vsak-jet\/#breadcrumb"},"inLanguage":"cs","potentialAction":[{"@type":"ReadAction","target":["https:\/\/all4camper.com\/cs\/chci-dobrodruznou-dovolenou-karavanem-cim-vsak-jet\/"]}]},{"@type":"ImageObject","inLanguage":"cs","@id":"https:\/\/all4camper.com\/cs\/chci-dobrodruznou-dovolenou-karavanem-cim-vsak-jet\/#primaryimage","url":"https:\/\/all4camper.com\/wp-content\/uploads\/2021\/06\/DSC_1373-1.jpg","contentUrl":"https:\/\/all4camper.com\/wp-content\/uploads\/2021\/06\/DSC_1373-1.jpg","width":2560,"height":1707},{"@type":"BreadcrumbList","@id":"https:\/\/all4camper.com\/cs\/chci-dobrodruznou-dovolenou-karavanem-cim-vsak-jet\/#breadcrumb","itemListElement":[{"@type":"ListItem","position":1,"name":"Dom\u016f","item":"https:\/\/all4camper.com\/cs\/"},{"@type":"ListItem","position":2,"name":"Novinky - Kempov\u00e1n\u00ed a karavaning","item":"https:\/\/all4camper.com\/cs\/category\/novinky-kempovani-a-karavaning\/"},{"@type":"ListItem","position":3,"name":"Chci dobrodru\u017enou dovolenou karavanem &#8211; \u010d\u00edm v\u0161ak jet?"}]},{"@type":"WebSite","@id":"https:\/\/all4camper.com\/cs\/#website","url":"https:\/\/all4camper.com\/cs\/","name":"All4Camper","description":"Nejv\u011bt\u0161\u00ed online magaz\u00edn o kempov\u00e1n\u00ed a karavaninku. V\u00edce jak 900 \u010dl\u00e1nk\u016f pln\u00fdch rad a tip\u016f o kempech a kempov\u00e1n\u00ed.","publisher":{"@id":"https:\/\/all4camper.com\/cs\/#organization"},"potentialAction":[{"@type":"SearchAction","target":{"@type":"EntryPoint","urlTemplate":"https:\/\/all4camper.com\/cs\/?s={search_term_string}"},"query-input":{"@type":"PropertyValueSpecification","valueRequired":true,"valueName":"search_term_string"}}],"inLanguage":"cs"},{"@type":"Organization","@id":"https:\/\/all4camper.com\/cs\/#organization","name":"All4Camper - kempujeme s Kl\u00e1rou","url":"https:\/\/all4camper.com\/cs\/","logo":{"@type":"ImageObject","inLanguage":"cs","@id":"https:\/\/all4camper.com\/cs\/#\/schema\/logo\/image\/","url":"https:\/\/all4camper.com\/wp-content\/uploads\/2018\/09\/novelogo.png","contentUrl":"https:\/\/all4camper.com\/wp-content\/uploads\/2018\/09\/novelogo.png","width":1520,"height":600,"caption":"All4Camper - kempujeme s Kl\u00e1rou"},"image":{"@id":"https:\/\/all4camper.com\/cs\/#\/schema\/logo\/image\/"}},{"@type":"Person","@id":"https:\/\/all4camper.com\/cs\/#\/schema\/person\/c6f1efdf1d02bc7d8c53a891cbe18c62","name":"Kl\u00e1ra H\u00e1jkov\u00e1","sameAs":["http:\/\/www.all4camper.com"],"url":"https:\/\/all4camper.com\/cs\/author\/klarinkacestuje1\/"}]}},"_links":{"self":[{"href":"https:\/\/all4camper.com\/cs\/wp-json\/wp\/v2\/posts\/134702","targetHints":{"allow":["GET"]}}],"collection":[{"href":"https:\/\/all4camper.com\/cs\/wp-json\/wp\/v2\/posts"}],"about":[{"href":"https:\/\/all4camper.com\/cs\/wp-json\/wp\/v2\/types\/post"}],"author":[{"embeddable":true,"href":"https:\/\/all4camper.com\/cs\/wp-json\/wp\/v2\/users\/4"}],"replies":[{"embeddable":true,"href":"https:\/\/all4camper.com\/cs\/wp-json\/wp\/v2\/comments?post=134702"}],"version-history":[{"count":0,"href":"https:\/\/all4camper.com\/cs\/wp-json\/wp\/v2\/posts\/134702\/revisions"}],"wp:featuredmedia":[{"embeddable":true,"href":"https:\/\/all4camper.com\/cs\/wp-json\/wp\/v2\/media\/134727"}],"wp:attachment":[{"href":"https:\/\/all4camper.com\/cs\/wp-json\/wp\/v2\/media?parent=134702"}],"wp:term":[{"taxonomy":"category","embeddable":true,"href":"https:\/\/all4camper.com\/cs\/wp-json\/wp\/v2\/categories?post=134702"},{"taxonomy":"post_tag","embeddable":true,"href":"https:\/\/all4camper.com\/cs\/wp-json\/wp\/v2\/tags?post=134702"}],"curies":[{"name":"wp","href":"https:\/\/api.w.org\/{rel}","templated":true}]}}