{"id":13459,"date":"2018-02-17T21:11:57","date_gmt":"2018-02-17T20:11:57","guid":{"rendered":"http:\/\/all4camper.com\/cz\/?p=13459"},"modified":"2019-09-19T12:26:35","modified_gmt":"2019-09-19T10:26:35","slug":"aquacur-bad-kotzting","status":"publish","type":"post","link":"https:\/\/all4camper.com\/cs\/aquacur-bad-kotzting\/","title":{"rendered":"AQUACUR &#8211; Bad K\u00f6tzting"},"content":{"rendered":"<p>Tyto l\u00e1zn\u011b a sauny jsme nav\u0161t\u00edvili n\u00e1hodou p\u0159i cest\u011b z Erdingu. M\u011bli jsme den volna a rozhodli se neposp\u00edchat dom\u016f, ale prodlou\u017eit si n\u00e1\u0161 saunovac\u00ed v\u00fdjezd pozn\u00e1n\u00edm dal\u0161\u00edch term\u00e1ln\u00edch l\u00e1zn\u00ed &#8211; Aquacur.<\/p>\n<h3>AQUACUR &#8211; Bad K\u00f6tzting<\/h3>\n<p>str\u00e1nky: <a href=\"http:\/\/www.aqacur.de\/aqacur-badewelt-bad-koetzting.html\" target=\"_blank\" rel=\"noopener noreferrer\">http:\/\/www.aqacur.de\/aqacur-badewelt-bad-koetzting.html<\/a><\/p>\n<p><b>Poloha:<\/b> Bavorsko, kousek od \u017delezn\u00e9 Rudy<\/p>\n<p><b>Vzd\u00e1lenost od Prahy:<\/b> cca 200km<\/p>\n<p><b>St\u00e1n\u00ed: <\/b>p\u0159\u00edmo na parkovi\u0161ti, klidn\u00e9 m\u00edsto, pro karavany je vyhrazeno parkov\u00e1n\u00ed za poplatek, ,kter\u00fd V\u00e1m ale ode\u010dtou od ceny vstupn\u00e9ho.<\/p>\n<p><b>Vstupn\u00e9:<\/b> d\u011bti 8eur\/den, dosp\u011bl\u00ed 9,8eur\/den a nebo 17,8eur\/den v\u010detn\u011b saunov\u00e9ho sv\u011bta. Samostatn\u00fd vstup do saun je 15,4eur\/den dosp\u011bl\u00ed.<\/p>\n<p><b>Rozd\u011blen\u00ed l\u00e1zn\u00ed:\u00a0<\/b>L\u00e1zn\u011b jsou rozd\u011bleny na t\u0159i \u010d\u00e1sti. Vodn\u00ed sv\u011bt, Thermarium a Saunov\u00fd sv\u011bt.<\/p>\n<p><b>Vodn\u00ed sv\u011bt<\/b><\/p>\n<p>Pokud byste jej cht\u011bli nav\u0161t\u00edvit v zimn\u00edch m\u011bs\u00edc\u00edch, z\u0159ejm\u011b Va\u0161e d\u011bti nijak nenadchne. Tedy pokud cht\u011bj\u00ed v\u011bt\u0161\u00ed z\u00e1\u017eitky a z\u00e1bavu. Bohu\u017eel, na tyto m\u011bs\u00edce je k dispozici v prvn\u00ed \u010d\u00e1sti pouze sportovn\u00ed baz\u00e9n a ve druh\u00e9 velk\u00e1 v\u00ed\u0159ivka, mal\u00e1 skluzavka a jeden 100m \u010dlunov\u00fd tobog\u00e1n. To je v\u0161e.<\/p>\n<p>V letn\u00edch m\u011bs\u00edc\u00edch je v\u0161ak venku velk\u00fd baz\u00e9n, tak\u017ee mo\u017enost z\u00e1bavn\u00e9ho koup\u00e1n\u00ed je o n\u011bco vy\u0161\u0161\u00ed. M\u00e1m-li ale napsat osobn\u00ed n\u00e1zor &#8211; s d\u011btmi bych pr\u00e1v\u011b kv\u016fli t\u00e9to \u010d\u00e1sti do N\u011bmecka nejela. Jsou zde mnohem z\u00e1bavn\u011bj\u0161\u00ed aquaparky.<\/p>\n<div><\/div>\n<div><img loading=\"lazy\" decoding=\"async\" class=\"aligncenter wp-image-13470 \" src=\"https:\/\/storage.googleapis.com\/all4c-web\/1\/2018\/02\/wellenbad-01.jpg\" alt=\"\" width=\"715\" height=\"345\" srcset=\"https:\/\/all4camper.com\/wp-content\/uploads\/2018\/02\/wellenbad-01.jpg 900w, https:\/\/all4camper.com\/wp-content\/uploads\/2018\/02\/wellenbad-01-300x145.jpg 300w, https:\/\/all4camper.com\/wp-content\/uploads\/2018\/02\/wellenbad-01-150x72.jpg 150w, https:\/\/all4camper.com\/wp-content\/uploads\/2018\/02\/wellenbad-01-768x370.jpg 768w\" sizes=\"auto, (max-width: 715px) 100vw, 715px\" \/><\/div>\n<div><\/div>\n<div><\/div>\n<div><img loading=\"lazy\" decoding=\"async\" class=\"wp-image-13469 aligncenter\" src=\"https:\/\/storage.googleapis.com\/all4c-web\/1\/2018\/02\/jugendbad-01.jpg\" alt=\"\" width=\"718\" height=\"408\" srcset=\"https:\/\/all4camper.com\/wp-content\/uploads\/2018\/02\/jugendbad-01.jpg 900w, https:\/\/all4camper.com\/wp-content\/uploads\/2018\/02\/jugendbad-01-300x171.jpg 300w, https:\/\/all4camper.com\/wp-content\/uploads\/2018\/02\/jugendbad-01-150x85.jpg 150w, https:\/\/all4camper.com\/wp-content\/uploads\/2018\/02\/jugendbad-01-768x437.jpg 768w\" sizes=\"auto, (max-width: 718px) 100vw, 718px\" \/><\/div>\n<div><\/div>\n<p><b>Thermarium<\/b><\/p>\n<p>Jedn\u00e1 se o komplex n\u011bkolika men\u0161\u00edch, kask\u00e1dov\u00fdch baz\u00e9nk\u016f, kde bylo celkem plno. Teplota v baz\u00e9nech je 32-36\u00b0 a celkov\u00fd prostor je dost mal\u00fd. I zde jsme byli zklam\u00e1ni. M\u00e1lo m\u00edsta, hodn\u011b lid\u00ed a ve v\u00fdsledku \u017e\u00e1dnou p\u0159idanou relaxa\u010dn\u00ed hodnotu jsme bohu\u017eel nenalezli. Je v\u0161ak mo\u017en\u00e9, \u017ee jsme ji\u017e trochu rozmazleni z jin\u00fdch l\u00e1zn\u00ed, kde se c\u00edt\u00edme mnohem p\u0159\u00edjemn\u011bji a tak jsou na\u0161e n\u00e1roky ji\u017e vysok\u00e9&#8230;<\/p>\n<div><\/div>\n<div><img loading=\"lazy\" decoding=\"async\" class=\"aligncenter wp-image-13468 \" src=\"https:\/\/storage.googleapis.com\/all4c-web\/1\/2018\/02\/gesundheitsbad-01.jpg\" alt=\"\" width=\"683\" height=\"396\" srcset=\"https:\/\/all4camper.com\/wp-content\/uploads\/2018\/02\/gesundheitsbad-01.jpg 900w, https:\/\/all4camper.com\/wp-content\/uploads\/2018\/02\/gesundheitsbad-01-300x174.jpg 300w, https:\/\/all4camper.com\/wp-content\/uploads\/2018\/02\/gesundheitsbad-01-150x87.jpg 150w, https:\/\/all4camper.com\/wp-content\/uploads\/2018\/02\/gesundheitsbad-01-768x445.jpg 768w\" sizes=\"auto, (max-width: 683px) 100vw, 683px\" \/><\/div>\n<p><b>Saunov\u00fd sv\u011bt<\/b><\/p>\n<div>Pokud jsme byli z p\u0159edchoz\u00edch dvou \u010d\u00e1st\u00ed l\u00e1zn\u00ed zklam\u00e1ni, tak saunov\u00fd sv\u011bt n\u00e1s velice mile p\u0159ekvapil. nen\u00ed nijak velk\u00fd, ale zato je kr\u00e1sn\u011b \u00fatuln\u00fd. Proto o n\u011bm nap\u00ed\u0161i v\u00edce.<\/div>\n<div><\/div>\n<div><strong>Jak to v saunov\u00e9m sv\u011bt\u011b vypad\u00e1:<\/strong><\/div>\n<div>\n<p>Tento sv\u011bt je rozd\u011blen do dvou pater. <b>V p\u0159\u00edzem\u00ed <\/b>naleznete n\u011bkolik saun &#8211; Finskou, Vital, parn\u00ed, bylinnou a nah\u0159\u00edvac\u00ed. D\u00e1le bahenn\u00ed terapii, v\u00ed\u0159ivku a slune\u010dn\u00ed, vnit\u0159n\u00ed, odpo\u010d\u00edv\u00e1rnu.<\/p>\n<p><b>V horn\u00edm pat\u0159e <\/b>naleznete zast\u0159e\u0161enou terasu, kter\u00e1 pat\u0159\u00ed k restauraci (m\u016f\u017eete ale na n\u00ed sed\u011bt i bez objedn\u00e1vky), d\u00e1le terasu na slun\u011bn\u00ed a odpo\u010dinkov\u00e9 m\u00edstnosti. Tyto m\u00edstnosti jsou velice \u00fatuln\u00e9. M\u016f\u017eete odpo\u010d\u00edvat jak na velice pohodln\u00fdch leh\u00e1tk\u00e1ch, tak na seda\u010dk\u00e1ch, kter\u00e9 jsou obklopeny pohodln\u00fdmi pol\u0161t\u00e1\u0159i. U t\u011bchto seda\u010dek jsou um\u00edst\u011bny i lampi\u010dky, kter\u00e9 V\u00e1m ve\u010der poslou\u017e\u00ed p\u0159i \u010dten\u00ed Va\u0161\u00ed obl\u00edben\u00e9 knihy. Zde jsem j\u00e1 osobn\u011b tr\u00e1vila k ve\u010deru nejv\u00edce \u010dasu.<\/p>\n<\/div>\n<div><img loading=\"lazy\" decoding=\"async\" class=\"wp-image-13467 aligncenter\" src=\"https:\/\/storage.googleapis.com\/all4c-web\/1\/2018\/02\/csm_kaminzimmer_1605_72334b47f4.jpg\" alt=\"\" width=\"708\" height=\"374\" srcset=\"https:\/\/all4camper.com\/wp-content\/uploads\/2018\/02\/csm_kaminzimmer_1605_72334b47f4.jpg 895w, https:\/\/all4camper.com\/wp-content\/uploads\/2018\/02\/csm_kaminzimmer_1605_72334b47f4-300x159.jpg 300w, https:\/\/all4camper.com\/wp-content\/uploads\/2018\/02\/csm_kaminzimmer_1605_72334b47f4-150x79.jpg 150w, https:\/\/all4camper.com\/wp-content\/uploads\/2018\/02\/csm_kaminzimmer_1605_72334b47f4-768x406.jpg 768w\" sizes=\"auto, (max-width: 708px) 100vw, 708px\" \/><\/div>\n<p>Sou\u010d\u00e1st\u00ed saunov\u00e9ho sv\u011bta je i <b>kr\u00e1sn\u00e1, kask\u00e1dov\u00e1 zahrada s terasami<\/b>, na kter\u00fdch se ve slune\u010dn\u00fdch dnech m\u016f\u017eete opalovat na pohodln\u00fdch leh\u00e1tk\u00e1ch, nebo se m\u016f\u017eete proch\u00e1zet a obdivovat kr\u00e1sn\u00e9 jez\u00edrko. O kousek d\u00e1l, hned u vchodu do spodn\u00ed vnit\u0159n\u00ed \u010d\u00e1sti, naleznete <b>men\u0161\u00ed baz\u00e9n, <\/b>ve kter\u00e9m se po saunov\u00e1n\u00ed m\u016f\u017eete lehce zchladit, nebo jej vyu\u017e\u00edt jen tak pro plav\u00e1n\u00ed. Pokud se dob\u0159e pamatuji, jeho teplota \u010din\u00ed 31\u00b0. Venku je tak\u00e9 um\u00edst\u011bna jedna sauna.<\/p>\n<div><img loading=\"lazy\" decoding=\"async\" class=\"wp-image-13466 aligncenter\" src=\"https:\/\/storage.googleapis.com\/all4c-web\/1\/2018\/02\/csm_abkuehlbecken-02_49112cf3c1.jpg\" alt=\"\" width=\"643\" height=\"296\" srcset=\"https:\/\/all4camper.com\/wp-content\/uploads\/2018\/02\/csm_abkuehlbecken-02_49112cf3c1.jpg 895w, https:\/\/all4camper.com\/wp-content\/uploads\/2018\/02\/csm_abkuehlbecken-02_49112cf3c1-300x138.jpg 300w, https:\/\/all4camper.com\/wp-content\/uploads\/2018\/02\/csm_abkuehlbecken-02_49112cf3c1-150x69.jpg 150w, https:\/\/all4camper.com\/wp-content\/uploads\/2018\/02\/csm_abkuehlbecken-02_49112cf3c1-768x354.jpg 768w\" sizes=\"auto, (max-width: 643px) 100vw, 643px\" \/><\/div>\n<p><b style=\"font-size: inherit;\">Saunovac\u00ed ritu\u00e1ly (aufguss)<\/b><span style=\"font-size: inherit;\"> &#8211; tak v tomto saunov\u00e9m sv\u011bt\u011b jej d\u011blaj\u00ed opravdu velice \u0161ikovn\u00ed &#8222;aufguss\u00e1ci&#8220;, nebo\u0165 absolovovat aufguss v t\u011bchto l\u00e1zn\u00edch je z\u00e1\u017eitek. Opravdu to um\u00ed a po t\u00e9to procedu\u0159e se budete c\u00edtit nejd\u0159\u00edve &#8222;uva\u0159eni&#8220; a po ochlazen\u00ed jak &#8222;znovuzrozeni&#8220;. I kdy\u017e se to nezd\u00e1 a neznal\u00fd toto nedok\u00e1\u017ee z\u0159ejm\u011b ocenit (ritu\u00e1l, jako ritu\u00e1l), <\/span><b style=\"font-size: inherit;\">spr\u00e1vn\u00fd aufguss se opravdu mus\u00ed um\u011bt. A tady jej opravdu um\u00ed. <\/b><span style=\"font-size: inherit;\">Palec nahoru.<\/span><\/p>\n<div>\n<p>Po \u00fasp\u011b\u0161n\u00e9m saunov\u00e1n\u00ed, nebo v mezi\u010dase, kdy V\u00e1m vyhl\u00e1dne, m\u016f\u017eete vyu\u017e\u00edt tamn\u00ed <b>restauraci. Ceny jsou p\u0159\u00edzniv\u00e9 a nab\u00eddka j\u00eddla je pestr\u00e1.<\/b> Stejn\u011b tak i chu\u0165 j\u00eddla je opravdu dobr\u00e1. Restaurace je uvnit\u0159, ale j\u00edst se d\u00e1 za slune\u010dn\u00edch dn\u00ed i na terase, co\u017e V\u00e1m z\u00e1\u017eitek z dob\u0159e p\u0159ipraven\u00e9ho j\u00eddla je\u0161t\u011b zv\u00fd\u0161\u00ed.<\/p>\n<p><b>Z\u00e1v\u011brem<\/b><\/p>\n<p>P\u0159esto, \u017ee s d\u011btmi bychom do t\u011bchto l\u00e1zn\u00ed nejeli, tak do saunov\u00e9ho sv\u011bta, d\u00edky jeho \u00fatulnosti, kvalitn\u00edmu aufgussu i celkov\u00e9 atmosf\u00e9\u0159e a &#8222;luxusu&#8220;, t\u011bch 200km je\u0161t\u011b ur\u010dit\u011b pojedeme. Je to tam sice mal\u00e9, ale i zde se n\u00e1m povedlo str\u00e1vit n\u00e1dhern\u00fdch 10 hodin saunov\u00e1n\u00ed, odpo\u010dinku, relaxu a slun\u011bn\u00ed se. Na druhou stranu, abych napsala i n\u011bco pozitivn\u00edho na vodn\u00ed sv\u011bt, v letn\u00edch m\u011bs\u00edc\u00edch bych si dovedla p\u0159edstavit i to, \u017ee to na\u0161e d\u011bti bude v t\u011bchto l\u00e1zn\u00edch bavit &#8211; a to jen d\u00edky venkovn\u00ed \u010d\u00e1sti, kter\u00e1 vypad\u00e1 dob\u0159e.<\/p>\n<p>P\u0159eji kr\u00e1sn\u00fd pobyt a u\u017eijte si to tam :-)<\/p>\n<\/div>\n","protected":false},"excerpt":{"rendered":"<p>Tyto l\u00e1zn\u011b a sauny jsme nav\u0161t\u00edvili n\u00e1hodou p\u0159i cest\u011b z Erdingu. M\u011bli jsme den volna a rozhodli se neposp\u00edchat dom\u016f, ale prodlou\u017eit si n\u00e1\u0161 saunovac\u00ed v\u00fdjezd pozn\u00e1n\u00edm dal\u0161\u00edch term\u00e1ln\u00edch l\u00e1zn\u00ed &#8211; Aquacur. AQUACUR &#8211; Bad K\u00f6tzting str\u00e1nky: http:\/\/www.aqacur.de\/aqacur-badewelt-bad-koetzting.html Poloha: Bavorsko, kousek od \u017delezn\u00e9 Rudy Vzd\u00e1lenost od Prahy: cca 200km St\u00e1n\u00ed: p\u0159\u00edmo na parkovi\u0161ti, klidn\u00e9 m\u00edsto, [&hellip;]<\/p>\n","protected":false},"author":4,"featured_media":13466,"comment_status":"closed","ping_status":"open","sticky":false,"template":"","format":"standard","meta":{"_monsterinsights_skip_tracking":false,"_monsterinsights_sitenote_active":false,"_monsterinsights_sitenote_note":"","_monsterinsights_sitenote_category":0,"footnotes":""},"categories":[2377,342],"tags":[89,106,105,81],"class_list":{"0":"post-13459","1":"post","2":"type-post","3":"status-publish","4":"format-standard","5":"has-post-thumbnail","7":"category-kempovani-a-cestovani-v-nemecku","8":"category-termalni-lazne-a-aquaparky-zabavni-parky","9":"tag-aquapark","10":"tag-dovolena-s-detmi-1","11":"tag-rakousko","12":"tag-termalni-lazne"},"yoast_head":"<!-- This site is optimized with the Yoast SEO plugin v27.5 - https:\/\/yoast.com\/product\/yoast-seo-wordpress\/ -->\n<title>AQUACUR - Bad K\u00f6tzting - All4Camper<\/title>\n<meta name=\"description\" content=\"All4Camper - AQUACUR - Bad K\u00f6tzting\" \/>\n<meta name=\"robots\" content=\"index, follow, max-snippet:-1, max-image-preview:large, max-video-preview:-1\" \/>\n<link rel=\"canonical\" href=\"https:\/\/all4camper.com\/cs\/aquacur-bad-kotzting\/\" \/>\n<meta property=\"og:locale\" content=\"cs_CZ\" \/>\n<meta property=\"og:type\" content=\"article\" \/>\n<meta property=\"og:title\" content=\"AQUACUR - Bad K\u00f6tzting - All4Camper\" \/>\n<meta property=\"og:description\" content=\"All4Camper - AQUACUR - Bad K\u00f6tzting\" \/>\n<meta property=\"og:url\" content=\"https:\/\/all4camper.com\/cs\/aquacur-bad-kotzting\/\" \/>\n<meta property=\"og:site_name\" content=\"All4Camper\" \/>\n<meta property=\"article:published_time\" content=\"2018-02-17T20:11:57+00:00\" \/>\n<meta property=\"article:modified_time\" content=\"2019-09-19T10:26:35+00:00\" \/>\n<meta property=\"og:image\" content=\"https:\/\/all4camper.com\/wp-content\/uploads\/2018\/02\/csm_abkuehlbecken-02_49112cf3c1.jpg\" \/>\n\t<meta property=\"og:image:width\" content=\"895\" \/>\n\t<meta property=\"og:image:height\" content=\"412\" \/>\n\t<meta property=\"og:image:type\" content=\"image\/jpeg\" \/>\n<meta name=\"author\" content=\"Kl\u00e1ra H\u00e1jkov\u00e1\" \/>\n<meta name=\"twitter:card\" content=\"summary_large_image\" \/>\n<meta name=\"twitter:label1\" content=\"Napsal(a)\" \/>\n\t<meta name=\"twitter:data1\" content=\"Kl\u00e1ra H\u00e1jkov\u00e1\" \/>\n\t<meta name=\"twitter:label2\" content=\"Odhadovan\u00e1 doba \u010dten\u00ed\" \/>\n\t<meta name=\"twitter:data2\" content=\"5 minut\" \/>\n<script type=\"application\/ld+json\" class=\"yoast-schema-graph\">{\"@context\":\"https:\\\/\\\/schema.org\",\"@graph\":[{\"@type\":\"Article\",\"@id\":\"https:\\\/\\\/all4camper.com\\\/cs\\\/aquacur-bad-kotzting\\\/#article\",\"isPartOf\":{\"@id\":\"https:\\\/\\\/all4camper.com\\\/cs\\\/aquacur-bad-kotzting\\\/\"},\"author\":{\"name\":\"Kl\u00e1ra H\u00e1jkov\u00e1\",\"@id\":\"https:\\\/\\\/all4camper.com\\\/cs\\\/#\\\/schema\\\/person\\\/c6f1efdf1d02bc7d8c53a891cbe18c62\"},\"headline\":\"AQUACUR &#8211; Bad K\u00f6tzting\",\"datePublished\":\"2018-02-17T20:11:57+00:00\",\"dateModified\":\"2019-09-19T10:26:35+00:00\",\"mainEntityOfPage\":{\"@id\":\"https:\\\/\\\/all4camper.com\\\/cs\\\/aquacur-bad-kotzting\\\/\"},\"wordCount\":959,\"publisher\":{\"@id\":\"https:\\\/\\\/all4camper.com\\\/cs\\\/#organization\"},\"image\":{\"@id\":\"https:\\\/\\\/all4camper.com\\\/cs\\\/aquacur-bad-kotzting\\\/#primaryimage\"},\"thumbnailUrl\":\"https:\\\/\\\/all4camper.com\\\/wp-content\\\/uploads\\\/2018\\\/02\\\/csm_abkuehlbecken-02_49112cf3c1.jpg\",\"keywords\":[\"aquapark\",\"Dovolen\u00e1 s d\u011btmi\",\"Rakousko\",\"Term\u00e1ln\u00ed l\u00e1zn\u011b\"],\"articleSection\":[\"Kempov\u00e1n\u00ed a cestov\u00e1n\u00ed v N\u011bmecku\",\"Term\u00e1ln\u00ed l\u00e1zn\u011b, akvaparky a z\u00e1bavn\u00ed parky\"],\"inLanguage\":\"cs\"},{\"@type\":\"WebPage\",\"@id\":\"https:\\\/\\\/all4camper.com\\\/cs\\\/aquacur-bad-kotzting\\\/\",\"url\":\"https:\\\/\\\/all4camper.com\\\/cs\\\/aquacur-bad-kotzting\\\/\",\"name\":\"AQUACUR - Bad K\u00f6tzting - All4Camper\",\"isPartOf\":{\"@id\":\"https:\\\/\\\/all4camper.com\\\/cs\\\/#website\"},\"primaryImageOfPage\":{\"@id\":\"https:\\\/\\\/all4camper.com\\\/cs\\\/aquacur-bad-kotzting\\\/#primaryimage\"},\"image\":{\"@id\":\"https:\\\/\\\/all4camper.com\\\/cs\\\/aquacur-bad-kotzting\\\/#primaryimage\"},\"thumbnailUrl\":\"https:\\\/\\\/all4camper.com\\\/wp-content\\\/uploads\\\/2018\\\/02\\\/csm_abkuehlbecken-02_49112cf3c1.jpg\",\"datePublished\":\"2018-02-17T20:11:57+00:00\",\"dateModified\":\"2019-09-19T10:26:35+00:00\",\"description\":\"All4Camper - AQUACUR - Bad K\u00f6tzting\",\"breadcrumb\":{\"@id\":\"https:\\\/\\\/all4camper.com\\\/cs\\\/aquacur-bad-kotzting\\\/#breadcrumb\"},\"inLanguage\":\"cs\",\"potentialAction\":[{\"@type\":\"ReadAction\",\"target\":[\"https:\\\/\\\/all4camper.com\\\/cs\\\/aquacur-bad-kotzting\\\/\"]}]},{\"@type\":\"ImageObject\",\"inLanguage\":\"cs\",\"@id\":\"https:\\\/\\\/all4camper.com\\\/cs\\\/aquacur-bad-kotzting\\\/#primaryimage\",\"url\":\"https:\\\/\\\/all4camper.com\\\/wp-content\\\/uploads\\\/2018\\\/02\\\/csm_abkuehlbecken-02_49112cf3c1.jpg\",\"contentUrl\":\"https:\\\/\\\/all4camper.com\\\/wp-content\\\/uploads\\\/2018\\\/02\\\/csm_abkuehlbecken-02_49112cf3c1.jpg\",\"width\":895,\"height\":412},{\"@type\":\"BreadcrumbList\",\"@id\":\"https:\\\/\\\/all4camper.com\\\/cs\\\/aquacur-bad-kotzting\\\/#breadcrumb\",\"itemListElement\":[{\"@type\":\"ListItem\",\"position\":1,\"name\":\"Dom\u016f\",\"item\":\"https:\\\/\\\/all4camper.com\\\/cs\\\/\"},{\"@type\":\"ListItem\",\"position\":2,\"name\":\"Kempov\u00e1n\u00ed a cestov\u00e1n\u00ed v N\u011bmecku\",\"item\":\"https:\\\/\\\/all4camper.com\\\/cs\\\/category\\\/kempovani-a-cestovani-v-nemecku\\\/\"},{\"@type\":\"ListItem\",\"position\":3,\"name\":\"AQUACUR &#8211; Bad K\u00f6tzting\"}]},{\"@type\":\"WebSite\",\"@id\":\"https:\\\/\\\/all4camper.com\\\/cs\\\/#website\",\"url\":\"https:\\\/\\\/all4camper.com\\\/cs\\\/\",\"name\":\"All4Camper\",\"description\":\"Nejv\u011bt\u0161\u00ed online magaz\u00edn o kempov\u00e1n\u00ed a karavaninku. V\u00edce jak 900 \u010dl\u00e1nk\u016f pln\u00fdch rad a tip\u016f o kempech a kempov\u00e1n\u00ed.\",\"publisher\":{\"@id\":\"https:\\\/\\\/all4camper.com\\\/cs\\\/#organization\"},\"potentialAction\":[{\"@type\":\"SearchAction\",\"target\":{\"@type\":\"EntryPoint\",\"urlTemplate\":\"https:\\\/\\\/all4camper.com\\\/cs\\\/?s={search_term_string}\"},\"query-input\":{\"@type\":\"PropertyValueSpecification\",\"valueRequired\":true,\"valueName\":\"search_term_string\"}}],\"inLanguage\":\"cs\"},{\"@type\":\"Organization\",\"@id\":\"https:\\\/\\\/all4camper.com\\\/cs\\\/#organization\",\"name\":\"All4Camper - kempujeme s Kl\u00e1rou\",\"url\":\"https:\\\/\\\/all4camper.com\\\/cs\\\/\",\"logo\":{\"@type\":\"ImageObject\",\"inLanguage\":\"cs\",\"@id\":\"https:\\\/\\\/all4camper.com\\\/cs\\\/#\\\/schema\\\/logo\\\/image\\\/\",\"url\":\"https:\\\/\\\/all4camper.com\\\/wp-content\\\/uploads\\\/2018\\\/09\\\/novelogo.png\",\"contentUrl\":\"https:\\\/\\\/all4camper.com\\\/wp-content\\\/uploads\\\/2018\\\/09\\\/novelogo.png\",\"width\":1520,\"height\":600,\"caption\":\"All4Camper - kempujeme s Kl\u00e1rou\"},\"image\":{\"@id\":\"https:\\\/\\\/all4camper.com\\\/cs\\\/#\\\/schema\\\/logo\\\/image\\\/\"}},{\"@type\":\"Person\",\"@id\":\"https:\\\/\\\/all4camper.com\\\/cs\\\/#\\\/schema\\\/person\\\/c6f1efdf1d02bc7d8c53a891cbe18c62\",\"name\":\"Kl\u00e1ra H\u00e1jkov\u00e1\",\"sameAs\":[\"http:\\\/\\\/www.all4camper.com\"],\"url\":\"https:\\\/\\\/all4camper.com\\\/cs\\\/author\\\/klarinkacestuje1\\\/\"}]}<\/script>\n<!-- \/ Yoast SEO plugin. -->","yoast_head_json":{"title":"AQUACUR - Bad K\u00f6tzting - All4Camper","description":"All4Camper - AQUACUR - Bad K\u00f6tzting","robots":{"index":"index","follow":"follow","max-snippet":"max-snippet:-1","max-image-preview":"max-image-preview:large","max-video-preview":"max-video-preview:-1"},"canonical":"https:\/\/all4camper.com\/cs\/aquacur-bad-kotzting\/","og_locale":"cs_CZ","og_type":"article","og_title":"AQUACUR - Bad K\u00f6tzting - All4Camper","og_description":"All4Camper - AQUACUR - Bad K\u00f6tzting","og_url":"https:\/\/all4camper.com\/cs\/aquacur-bad-kotzting\/","og_site_name":"All4Camper","article_published_time":"2018-02-17T20:11:57+00:00","article_modified_time":"2019-09-19T10:26:35+00:00","og_image":[{"width":895,"height":412,"url":"https:\/\/all4camper.com\/wp-content\/uploads\/2018\/02\/csm_abkuehlbecken-02_49112cf3c1.jpg","type":"image\/jpeg"}],"author":"Kl\u00e1ra H\u00e1jkov\u00e1","twitter_card":"summary_large_image","twitter_misc":{"Napsal(a)":"Kl\u00e1ra H\u00e1jkov\u00e1","Odhadovan\u00e1 doba \u010dten\u00ed":"5 minut"},"schema":{"@context":"https:\/\/schema.org","@graph":[{"@type":"Article","@id":"https:\/\/all4camper.com\/cs\/aquacur-bad-kotzting\/#article","isPartOf":{"@id":"https:\/\/all4camper.com\/cs\/aquacur-bad-kotzting\/"},"author":{"name":"Kl\u00e1ra H\u00e1jkov\u00e1","@id":"https:\/\/all4camper.com\/cs\/#\/schema\/person\/c6f1efdf1d02bc7d8c53a891cbe18c62"},"headline":"AQUACUR &#8211; Bad K\u00f6tzting","datePublished":"2018-02-17T20:11:57+00:00","dateModified":"2019-09-19T10:26:35+00:00","mainEntityOfPage":{"@id":"https:\/\/all4camper.com\/cs\/aquacur-bad-kotzting\/"},"wordCount":959,"publisher":{"@id":"https:\/\/all4camper.com\/cs\/#organization"},"image":{"@id":"https:\/\/all4camper.com\/cs\/aquacur-bad-kotzting\/#primaryimage"},"thumbnailUrl":"https:\/\/all4camper.com\/wp-content\/uploads\/2018\/02\/csm_abkuehlbecken-02_49112cf3c1.jpg","keywords":["aquapark","Dovolen\u00e1 s d\u011btmi","Rakousko","Term\u00e1ln\u00ed l\u00e1zn\u011b"],"articleSection":["Kempov\u00e1n\u00ed a cestov\u00e1n\u00ed v N\u011bmecku","Term\u00e1ln\u00ed l\u00e1zn\u011b, akvaparky a z\u00e1bavn\u00ed parky"],"inLanguage":"cs"},{"@type":"WebPage","@id":"https:\/\/all4camper.com\/cs\/aquacur-bad-kotzting\/","url":"https:\/\/all4camper.com\/cs\/aquacur-bad-kotzting\/","name":"AQUACUR - Bad K\u00f6tzting - All4Camper","isPartOf":{"@id":"https:\/\/all4camper.com\/cs\/#website"},"primaryImageOfPage":{"@id":"https:\/\/all4camper.com\/cs\/aquacur-bad-kotzting\/#primaryimage"},"image":{"@id":"https:\/\/all4camper.com\/cs\/aquacur-bad-kotzting\/#primaryimage"},"thumbnailUrl":"https:\/\/all4camper.com\/wp-content\/uploads\/2018\/02\/csm_abkuehlbecken-02_49112cf3c1.jpg","datePublished":"2018-02-17T20:11:57+00:00","dateModified":"2019-09-19T10:26:35+00:00","description":"All4Camper - AQUACUR - Bad K\u00f6tzting","breadcrumb":{"@id":"https:\/\/all4camper.com\/cs\/aquacur-bad-kotzting\/#breadcrumb"},"inLanguage":"cs","potentialAction":[{"@type":"ReadAction","target":["https:\/\/all4camper.com\/cs\/aquacur-bad-kotzting\/"]}]},{"@type":"ImageObject","inLanguage":"cs","@id":"https:\/\/all4camper.com\/cs\/aquacur-bad-kotzting\/#primaryimage","url":"https:\/\/all4camper.com\/wp-content\/uploads\/2018\/02\/csm_abkuehlbecken-02_49112cf3c1.jpg","contentUrl":"https:\/\/all4camper.com\/wp-content\/uploads\/2018\/02\/csm_abkuehlbecken-02_49112cf3c1.jpg","width":895,"height":412},{"@type":"BreadcrumbList","@id":"https:\/\/all4camper.com\/cs\/aquacur-bad-kotzting\/#breadcrumb","itemListElement":[{"@type":"ListItem","position":1,"name":"Dom\u016f","item":"https:\/\/all4camper.com\/cs\/"},{"@type":"ListItem","position":2,"name":"Kempov\u00e1n\u00ed a cestov\u00e1n\u00ed v N\u011bmecku","item":"https:\/\/all4camper.com\/cs\/category\/kempovani-a-cestovani-v-nemecku\/"},{"@type":"ListItem","position":3,"name":"AQUACUR &#8211; Bad K\u00f6tzting"}]},{"@type":"WebSite","@id":"https:\/\/all4camper.com\/cs\/#website","url":"https:\/\/all4camper.com\/cs\/","name":"All4Camper","description":"Nejv\u011bt\u0161\u00ed online magaz\u00edn o kempov\u00e1n\u00ed a karavaninku. V\u00edce jak 900 \u010dl\u00e1nk\u016f pln\u00fdch rad a tip\u016f o kempech a kempov\u00e1n\u00ed.","publisher":{"@id":"https:\/\/all4camper.com\/cs\/#organization"},"potentialAction":[{"@type":"SearchAction","target":{"@type":"EntryPoint","urlTemplate":"https:\/\/all4camper.com\/cs\/?s={search_term_string}"},"query-input":{"@type":"PropertyValueSpecification","valueRequired":true,"valueName":"search_term_string"}}],"inLanguage":"cs"},{"@type":"Organization","@id":"https:\/\/all4camper.com\/cs\/#organization","name":"All4Camper - kempujeme s Kl\u00e1rou","url":"https:\/\/all4camper.com\/cs\/","logo":{"@type":"ImageObject","inLanguage":"cs","@id":"https:\/\/all4camper.com\/cs\/#\/schema\/logo\/image\/","url":"https:\/\/all4camper.com\/wp-content\/uploads\/2018\/09\/novelogo.png","contentUrl":"https:\/\/all4camper.com\/wp-content\/uploads\/2018\/09\/novelogo.png","width":1520,"height":600,"caption":"All4Camper - kempujeme s Kl\u00e1rou"},"image":{"@id":"https:\/\/all4camper.com\/cs\/#\/schema\/logo\/image\/"}},{"@type":"Person","@id":"https:\/\/all4camper.com\/cs\/#\/schema\/person\/c6f1efdf1d02bc7d8c53a891cbe18c62","name":"Kl\u00e1ra H\u00e1jkov\u00e1","sameAs":["http:\/\/www.all4camper.com"],"url":"https:\/\/all4camper.com\/cs\/author\/klarinkacestuje1\/"}]}},"_links":{"self":[{"href":"https:\/\/all4camper.com\/cs\/wp-json\/wp\/v2\/posts\/13459","targetHints":{"allow":["GET"]}}],"collection":[{"href":"https:\/\/all4camper.com\/cs\/wp-json\/wp\/v2\/posts"}],"about":[{"href":"https:\/\/all4camper.com\/cs\/wp-json\/wp\/v2\/types\/post"}],"author":[{"embeddable":true,"href":"https:\/\/all4camper.com\/cs\/wp-json\/wp\/v2\/users\/4"}],"replies":[{"embeddable":true,"href":"https:\/\/all4camper.com\/cs\/wp-json\/wp\/v2\/comments?post=13459"}],"version-history":[{"count":0,"href":"https:\/\/all4camper.com\/cs\/wp-json\/wp\/v2\/posts\/13459\/revisions"}],"wp:featuredmedia":[{"embeddable":true,"href":"https:\/\/all4camper.com\/cs\/wp-json\/wp\/v2\/media\/13466"}],"wp:attachment":[{"href":"https:\/\/all4camper.com\/cs\/wp-json\/wp\/v2\/media?parent=13459"}],"wp:term":[{"taxonomy":"category","embeddable":true,"href":"https:\/\/all4camper.com\/cs\/wp-json\/wp\/v2\/categories?post=13459"},{"taxonomy":"post_tag","embeddable":true,"href":"https:\/\/all4camper.com\/cs\/wp-json\/wp\/v2\/tags?post=13459"}],"curies":[{"name":"wp","href":"https:\/\/api.w.org\/{rel}","templated":true}]}}