{"id":13434,"date":"2018-02-17T20:42:19","date_gmt":"2018-02-17T19:42:19","guid":{"rendered":"http:\/\/all4camper.com\/cz\/?p=13434"},"modified":"2020-04-21T14:53:19","modified_gmt":"2020-04-21T12:53:19","slug":"obytnakem-dva-mesice-na-peloponesu-cast-ii","status":"publish","type":"post","link":"https:\/\/all4camper.com\/cs\/obytnakem-dva-mesice-na-peloponesu-cast-ii\/","title":{"rendered":"Obyt\u0148\u00e1kem dva m\u011bs\u00edce na Pelopon\u00e9su &#8211; \u010d\u00e1st II."},"content":{"rendered":"<p>N\u00e1v\u0161t\u011bvou nejji\u017en\u011bj\u0161\u00edho bodu Pelopon\u00e9su (viz. p\u0159edchoz\u00ed p\u0159\u00edsp\u011bvek <a href=\"https:\/\/all4camper.com\/\/cz\/obytnakem-dva-mesice-na-peloponesu-cast-i\/\" target=\"_blank\" rel=\"noopener noreferrer\">ZDE<\/a>) jsme cca v polovin\u011b na\u0161eho putov\u00e1n\u00ed a p\u0159ej\u00ed\u017ed\u00edme sm\u011br Sparta.<\/p>\n<p><b>13.\u00fanora<\/b><span class=\"apple-converted-space\">\u00a0<\/span>&#8211; p\u0159ejezd cca 75km<\/p>\n<p>Odj\u00ed\u017ed\u00edme do<span class=\"apple-converted-space\">\u00a0<\/span><b>Sparty<\/b>. Po\u010das\u00ed se vylep\u0161uje a odpoledne u\u017e polojasno, 12\u00b0C. V\u00a0na\u0161em pr\u016fvodci se uv\u00e1d\u00ed, \u017ee<span class=\"apple-converted-space\">\u00a0<\/span><b>\u201earcheologick\u00e9 nalezi\u0161t\u011b ve Spart\u011b nen\u00ed ni\u010d\u00edm zaj\u00edmav\u00e9.\u201c\u00a0 Ur\u010dit\u011b to nen\u00ed pravda<\/b>. Je zde krom\u011b jin\u00e9ho starov\u011bk\u00e9<span class=\"apple-converted-space\">\u00a0<\/span><b>divadlo a to jedno z\u00a0nejv\u011bt\u0161\u00edch<\/b>.\u00a0 Bohu\u017eel, je odkryt\u00e9 jen \u010d\u00e1ste\u010dn\u011b a v\u011bt\u0161ina je pod malou vrstvou hl\u00edny, tak\u017ee je vid\u011bt pouze jeho tvar. Vstupn\u00e9 jsme zde neplatili. Parkovi\u0161t\u011b p\u0159ed vchodem<span class=\"apple-converted-space\">\u00a0<\/span><b>N37.08011 E22.42715<\/b><span class=\"apple-converted-space\">\u00a0<\/span>Sp\u00edme kousek vedle na<span class=\"apple-converted-space\">\u00a0<\/span><b>N37.07988 E22.42188.<\/b><\/p>\n<p><b>14. \u00fanora &#8211;<span class=\"apple-converted-space\">\u00a0<\/span><\/b>p\u0159ejezd cca 86km<\/p>\n<p>Nov\u00fd den n\u00e1s v\u00edt\u00e1 jasnou oblohou a p\u0159ed n\u00e1mi je p\u0159\u00edslib v\u00fdjime\u010dn\u00e9ho z\u00e1\u017eitku a tak\u00e9 tomu tak bylo.<\/p>\n<p><b>Mystras, dal\u0161\u00ed skvost Pelopon\u00e9su<\/b>, le\u017e\u00ed 6 km z\u00e1padn\u011b od Sparty. Na mohutn\u00e9m kopci je pevnost z\u00a0roku 1249 a pod n\u00ed ve strm\u00e9m svahu postupn\u011b vzniklo centrum byzantsk\u00e9 dvorsk\u00e9 kultury s\u00a0n\u00e1dhern\u00fdmi kostely a pal\u00e1ci. Pam\u00e1tka m\u00e1 \u201ehorn\u00ed\u201c a \u201edoln\u00ed\u201c parkovi\u0161t\u011b a na dv\u011b \u010d\u00e1sti je nejl\u00e9pe i rozd\u011blit prohl\u00eddku za jedno vstupn\u00e9 \u2013 v\u00a0zim\u011b 6 Euro.<span class=\"apple-converted-space\">\u00a0<\/span><b>Na horn\u00edm parkovi\u0161ti je z\u00e1kaz p\u0159enocov\u00e1n\u00ed.<\/b><span class=\"apple-converted-space\">\u00a0<\/span><\/p>\n<div><img loading=\"lazy\" decoding=\"async\" class=\"size-full wp-image-13436 aligncenter\" src=\"https:\/\/storage.googleapis.com\/all4c-web\/1\/2018\/02\/IMG_2591.jpg\" alt=\"\" width=\"640\" height=\"359\" srcset=\"https:\/\/all4camper.com\/wp-content\/uploads\/2018\/02\/IMG_2591.jpg 640w, https:\/\/all4camper.com\/wp-content\/uploads\/2018\/02\/IMG_2591-300x168.jpg 300w, https:\/\/all4camper.com\/wp-content\/uploads\/2018\/02\/IMG_2591-150x84.jpg 150w\" sizes=\"auto, (max-width: 640px) 100vw, 640px\" \/><\/div>\n<p>Pokud odtud m\u00ed\u0159\u00edte do Kalamaty, tak jako my, ur\u010dit\u011b doporu\u010dujeme pr\u016fjezd silnic\u00ed E65. Je dlouh\u00e1 60 km a z\u00a0devades\u00e1ti procent sv\u00e9 d\u00e9lky vede sout\u011bskou a\u017e na pr\u016fsmyk 1340m\/n.m. s\u00a0n\u00e1dhern\u00fdmi v\u00fdhledy. Kon\u010d\u00edme u mo\u0159e v\u00a0Petalidi, 25 km za Kalamatou, na velk\u00e9m\u00a0 p\u011bkn\u00e9m parkovi\u0161ti\u00a0<span class=\"apple-converted-space\">\u00a0<\/span><b>N36.95890 E21.93532<\/b><span class=\"apple-converted-space\">\u00a0<\/span>Dnes jasno, 12\u00b0C.<\/p>\n<div><img loading=\"lazy\" decoding=\"async\" class=\"size-full wp-image-13437 aligncenter\" src=\"https:\/\/storage.googleapis.com\/all4c-web\/1\/2018\/02\/IMG_2701.jpg\" alt=\"\" width=\"640\" height=\"359\" srcset=\"https:\/\/all4camper.com\/wp-content\/uploads\/2018\/02\/IMG_2701.jpg 640w, https:\/\/all4camper.com\/wp-content\/uploads\/2018\/02\/IMG_2701-300x168.jpg 300w, https:\/\/all4camper.com\/wp-content\/uploads\/2018\/02\/IMG_2701-150x84.jpg 150w\" sizes=\"auto, (max-width: 640px) 100vw, 640px\" \/><\/div>\n<div><\/div>\n<div>\n<p><b>15 \u2013 26. \u00fanora\u00a0<\/b><\/p>\n<p>Mezi Petalidi a Messini\u00a0 jsou pl\u00e1\u017ee a mnoho parkovac\u00edch m\u00edst. V\u00a0t\u00e9to oblasti jsme str\u00e1vili tyto dny<span class=\"apple-converted-space\">\u00a0<\/span><b>leno\u0161en\u00edm, opalov\u00e1n\u00edm a mnoha v\u00fdlety na kole do p\u011bkn\u00e9ho vnitrozem\u00ed.<\/b><span class=\"apple-converted-space\">\u00a0<\/span>V\u00a0naprost\u00e9 v\u011bt\u0161in\u011b bylo polojasno nebo jasno a teploty 15-20\u00b0C. V\u011bt\u0161inou bezv\u011bt\u0159\u00ed, nebo lehk\u00fd v\u00e1nek. Teplota mo\u0159e 16\u00b0C.<\/p>\n<p><b>27. \u00fanora &#8211;<span class=\"apple-converted-space\">\u00a0<\/span><\/b>p\u0159ejezd cca 45km<\/p>\n<p>Odpoledne odj\u00ed\u017ed\u00edme do<span class=\"apple-converted-space\">\u00a0<\/span><b>Koroni<\/b>. Je to malebn\u00e9 m\u011bste\u010dko \u00fazk\u00fdch uli\u010dek a jdeme si prohl\u00e9dnout<span class=\"apple-converted-space\">\u00a0<\/span><b>m\u00edstn\u00ed pevnost<\/b>. M\u00e1me de\u0161\u0165ovou p\u0159eh\u00e1\u0148ku, ale st\u00e1le 17\u00b0C, tak \u017e\u00e1dn\u00fd probl\u00e9m.<\/p>\n<p><b>Koroni a Methoni<\/b>, dv\u011b pevnosti na jihu, kter\u00fdm se \u0159\u00edkalo, jak jsme se do\u010detli:<span class=\"apple-converted-space\">\u00a0<\/span><b>\u201eo\u010di Pelopon\u00e9su\u201c<\/b>. Hl\u00eddaly pohyb lod\u00ed p\u0159ed poloostrovem. Odpoledne u\u017e zase slun\u00ed\u010dko a my p\u0159ej\u00ed\u017ed\u00edme se soumrakem na z\u00e1padn\u00ed stranu do Methoni.\u00a0<span class=\"apple-converted-space\">\u00a0<\/span><b>N36.81781 E21.70763<\/b><\/p>\n<div><img loading=\"lazy\" decoding=\"async\" class=\"size-full wp-image-13438 aligncenter\" src=\"https:\/\/storage.googleapis.com\/all4c-web\/1\/2018\/02\/IMG_2798.jpg\" alt=\"\" width=\"640\" height=\"359\" srcset=\"https:\/\/all4camper.com\/wp-content\/uploads\/2018\/02\/IMG_2798.jpg 640w, https:\/\/all4camper.com\/wp-content\/uploads\/2018\/02\/IMG_2798-300x168.jpg 300w, https:\/\/all4camper.com\/wp-content\/uploads\/2018\/02\/IMG_2798-150x84.jpg 150w\" sizes=\"auto, (max-width: 640px) 100vw, 640px\" \/><\/div>\n<div><\/div>\n<div><\/div>\n<div><img loading=\"lazy\" decoding=\"async\" class=\"size-full wp-image-13439 aligncenter\" src=\"https:\/\/storage.googleapis.com\/all4c-web\/1\/2018\/02\/IMG_2810.jpg\" alt=\"\" width=\"640\" height=\"359\" srcset=\"https:\/\/all4camper.com\/wp-content\/uploads\/2018\/02\/IMG_2810.jpg 640w, https:\/\/all4camper.com\/wp-content\/uploads\/2018\/02\/IMG_2810-300x168.jpg 300w, https:\/\/all4camper.com\/wp-content\/uploads\/2018\/02\/IMG_2810-150x84.jpg 150w\" sizes=\"auto, (max-width: 640px) 100vw, 640px\" \/><\/div>\n<div><\/div>\n<\/div>\n<div><b style=\"font-size: inherit;\">28. \u00fanora<\/b><\/div>\n<div>\n<p>Proj\u00ed\u017ed\u00edme na kole pob\u0159e\u017e\u00ed\u00a0 zp\u011bt a\u017e k\u00a0m\u011bste\u010dku Finikounda. Jsou tu<span class=\"apple-converted-space\">\u00a0<\/span><b>p\u011bkn\u00e9 pl\u00e1\u017ee, hodn\u011b kemp\u016f a\u00a0 v\u0161e je uzp\u016fsobeno na letn\u00ed sez\u00f3nu.<\/b><span class=\"apple-converted-space\">\u00a0<\/span>Po n\u00e1vratu na kole jsme je\u0161t\u011b pl\u00e1novali prohl\u00eddku pevnosti Methoni, ale u\u017e bylo zav\u0159eno. V\u00a0zimn\u00ed sez\u00f3n\u011b se na v\u0161ech pam\u00e1tk\u00e1ch, kter\u00e9 jsme nav\u0161t\u00edvili, zav\u00edr\u00e1 v\u00a015 hodin. Mo\u017en\u00e1 pro n\u00e1s trochu nezvykl\u00e9, ale za to vstupy po\u0159\u00edd\u00edte v\u011bt\u0161inou za polovinu (zpravidla 6 Euro nebo zdarma, nikde nebylo zav\u0159eno).<\/p>\n<p><b>1. b\u0159ezna\u00a0<\/b><\/p>\n<p>Prohl\u00eddka pevnosti\u00a0 Methoni a pak p\u0159ejezd do 11 km vzd\u00e1len\u00e9ho<span class=\"apple-converted-space\">\u00a0<\/span><b>Pilosu<\/b><span class=\"apple-converted-space\">\u00a0<\/span>a hned n\u00e1v\u0161t\u011bva dal\u0161\u00ed pevnosti. Zde mus\u00edme upozornit na<span class=\"apple-converted-space\">\u00a0<\/span><b>p\u011bkn\u00e9 archeologick\u00e9 muzeum<\/b>. Sp\u00e1t jedeme na velk\u00e9 molo<span class=\"apple-converted-space\">\u00a0<\/span><b>N36.91551 E21.69521<\/b>. Dnes jasno, 17\u00b0C. Druh\u00fd den 2.3. se pl\u00e1novan\u00e9 kolo nekon\u00e1, je velk\u00fd v\u00edtr, 7m\/s, ale jasno, 17\u00b0C.<\/p>\n<\/div>\n<div><img loading=\"lazy\" decoding=\"async\" class=\"size-full wp-image-13440 aligncenter\" src=\"https:\/\/storage.googleapis.com\/all4c-web\/1\/2018\/02\/IMG_2924.jpg\" alt=\"\" width=\"640\" height=\"359\" srcset=\"https:\/\/all4camper.com\/wp-content\/uploads\/2018\/02\/IMG_2924.jpg 640w, https:\/\/all4camper.com\/wp-content\/uploads\/2018\/02\/IMG_2924-300x168.jpg 300w, https:\/\/all4camper.com\/wp-content\/uploads\/2018\/02\/IMG_2924-150x84.jpg 150w\" sizes=\"auto, (max-width: 640px) 100vw, 640px\" \/><\/div>\n<div><\/div>\n<p><b style=\"font-size: inherit;\">3.b\u0159ezna\u00a0<\/b><\/p>\n<div>\n<p>V\u00fdlet na kole kolem<span class=\"apple-converted-space\">\u00a0<\/span><b>z\u00e1livu Navarino<\/b><span class=\"apple-converted-space\">\u00a0<\/span>a kolem sladkovodn\u00ed laguny, kde<span class=\"apple-converted-space\">\u00a0<\/span><b>fot\u00edme plame\u0148\u00e1ky odpo\u010d\u00edvaj\u00edc\u00ed na sv\u00e9 cest\u011b<\/b>. Za vesnic\u00ed Gialova je kolem mo\u0159e mnoho m\u00edst k\u00a0zast\u00e1vce, dlouh\u00e1 pl\u00e1\u017e a dva kempy. (Pro \u00faplnost podot\u00fdk\u00e1m, \u017ee t\u00e9m\u011b\u0159 v\u0161echny kempy jsou v\u00a0t\u00e9to ro\u010dn\u00ed dob\u011b zav\u0159en\u00e9) Dnes jasno, 18\u00b0C.<\/p>\n<p><b>4 -5.b\u0159ezna\u00a0<\/b><\/p>\n<p>Odpo\u010dinek a opalov\u00e1n\u00ed na pl\u00e1\u017e\u00edch. Jasno, 18-20\u00b0C.<span class=\"apple-converted-space\">\u00a0<\/span><b>Voda v\u00a0m\u011blk\u00e9m zav\u0159en\u00e9m z\u00e1livu Navarino m\u011bla u\u017e 18\u00b0C!\u00a0<\/b><\/p>\n<p><b>6. b\u0159ezna &#8211;<span class=\"apple-converted-space\">\u00a0<\/span><\/b>p\u0159ejezd cca 140km<\/p>\n<div>\n<p>Od\u00a0 7.3. se m\u00e1 pokazit po\u010das\u00ed, tak hned brzy r\u00e1no odj\u00ed\u017ed\u00edme, abychom si u\u017eili pl\u00e1novanou n\u00e1v\u0161t\u011bvu<span class=\"apple-converted-space\">\u00a0<\/span><b>Olympie<\/b>. Kr\u00e1sn\u00e9 a klidn\u00e9 m\u00edsto se starov\u011bk\u00fdm<span class=\"apple-converted-space\">\u00a0<\/span><b>olympijsk\u00fdm stadionem, kam se ve\u0161lo 45000 div\u00e1k\u016f<\/b>, p\u011bkn\u00fdm muzeem a m\u00edstem, kde se p\u0159ed ka\u017edou olympi\u00e1dou<span class=\"apple-converted-space\">\u00a0<\/span><b>za\u017eehne pomoc\u00ed parabolick\u00e9ho zrcadla olympijsk\u00fd ohe\u0148<\/b>. Nejen v\u00a0Olympii, ale u v\u0161ech v\u00fdznamn\u00fdch pam\u00e1tek v\u00a0\u0158ecku, se nocovat nesm\u00ed, tak odj\u00ed\u017ed\u00edme k\u00a0mo\u0159i a sp\u00edme na parkovi\u0161ti<span class=\"apple-converted-space\">\u00a0<\/span><b>N37.77100 E21.29353<\/b>. Dnes polojasno, 17\u00b0C.<\/p>\n<\/div>\n<div><img loading=\"lazy\" decoding=\"async\" class=\"size-full wp-image-13441 aligncenter\" src=\"https:\/\/storage.googleapis.com\/all4c-web\/1\/2018\/02\/IMG_3070.jpg\" alt=\"\" width=\"640\" height=\"359\" srcset=\"https:\/\/all4camper.com\/wp-content\/uploads\/2018\/02\/IMG_3070.jpg 640w, https:\/\/all4camper.com\/wp-content\/uploads\/2018\/02\/IMG_3070-300x168.jpg 300w, https:\/\/all4camper.com\/wp-content\/uploads\/2018\/02\/IMG_3070-150x84.jpg 150w\" sizes=\"auto, (max-width: 640px) 100vw, 640px\" \/><\/div>\n<div><\/div>\n<\/div>\n<p><b style=\"font-size: inherit;\">7. b\u0159ezna<\/b><span style=\"font-size: inherit;\">\u00a0&#8211; p\u0159ejezd cca 70km<\/span><\/p>\n<div>\n<p>P\u0159edpov\u011b\u010f\u00a0 nevych\u00e1z\u00ed a r\u00e1no je p\u011bkn\u00e9, tak jedeme d\u00e1l k\u00a0severu sm\u011brem<span class=\"apple-converted-space\">\u00a0<\/span><b>k\u00a0mysu Araxos<\/b>, po cest\u011b nav\u0161t\u011bvujeme dv\u011b na map\u011b ozna\u010den\u00e1 m\u00edsta l\u00e1zn\u00ed, ale nach\u00e1z\u00edme jen poz\u016fstatky, kter\u00e9 nestoj\u00ed za zm\u00ednku.<span class=\"apple-converted-space\">\u00a0<\/span><b>Cel\u00e1 tato severoz\u00e1padn\u00ed \u010d\u00e1st je rovinat\u00e1, zem\u011bd\u011blsk\u00e1 a pro n\u00e1s byla nejm\u00e9n\u011b zaj\u00edmavou<\/b>. Dne\u0161n\u00ed den polojasno a\u017e zata\u017eeno, 16\u00b0C. Kon\u010d\u00edme na parkovi\u0161ti<span class=\"apple-converted-space\">\u00a0<\/span><b>N38.15796 E21.52367<\/b><span class=\"apple-converted-space\">\u00a0<\/span>na severn\u00ed stran\u011b s\u00a0<b>kr\u00e1sn\u00fdm v\u00fdhledem do Korintsk\u00e9ho z\u00e1livu a na stavitelsk\u00fd skvost \u2013 most spojuj\u00edc\u00ed Pelopon\u00e9s s\u00a0pevninou.<\/b><span class=\"apple-converted-space\">\u00a0<\/span>Otev\u0159en v\u00a0roce 2004. Hodinu po p\u0159\u00edjezdu za\u010dalo pr\u0161et. Z\u016fst\u00e1v\u00e1me zde i\u00a0 8. a 9.3.,\u00a0 proto\u017ee na druh\u00e9 stran\u011b Korintsk\u00e9ho z\u00e1livu nen\u00ed dobr\u00e1 p\u0159edpov\u011b\u010f. Tady\u00a0 polojasno a\u017e zata\u017eeno, 16\u00b0C.<\/p>\n<p><b>10. b\u0159ezna<\/b><\/p>\n<p>Po sn\u00eddani odj\u00ed\u017ed\u00edme do P\u00e1try a pak na most \u201eRio \u2013 Antirio\u201c,\u00a0 kter\u00fdm opou\u0161t\u00edme Pelopon\u00e9s.<\/p>\n<\/div>\n<div><img loading=\"lazy\" decoding=\"async\" class=\"size-full wp-image-13442 aligncenter\" src=\"https:\/\/storage.googleapis.com\/all4c-web\/1\/2018\/02\/IMG_3164.jpg\" alt=\"\" width=\"640\" height=\"359\" srcset=\"https:\/\/all4camper.com\/wp-content\/uploads\/2018\/02\/IMG_3164.jpg 640w, https:\/\/all4camper.com\/wp-content\/uploads\/2018\/02\/IMG_3164-300x168.jpg 300w, https:\/\/all4camper.com\/wp-content\/uploads\/2018\/02\/IMG_3164-150x84.jpg 150w\" sizes=\"auto, (max-width: 640px) 100vw, 640px\" \/><\/div>\n<div><\/div>\n<div>\n<p>Dal\u0161\u00ed dny jsme str\u00e1vili op\u011bt v\u00a0Thermophylech a na pevninsk\u00e9 \u010d\u00e1sti \u0158ecka s\u00a0p\u011bkn\u00fdm slune\u010dn\u00fdm po\u010das\u00edm.<\/p>\n<p><b>Dom\u016f jsme p\u0159ijeli 19.3., tak\u017ee na cest\u011b jsme byli 8 t\u00fddn\u016f, 56 noc\u00ed v\u00a0aut\u011b.<\/b><\/p>\n<\/div>\n","protected":false},"excerpt":{"rendered":"<p>N\u00e1v\u0161t\u011bvou nejji\u017en\u011bj\u0161\u00edho bodu Pelopon\u00e9su (viz. p\u0159edchoz\u00ed p\u0159\u00edsp\u011bvek ZDE) jsme cca v polovin\u011b na\u0161eho putov\u00e1n\u00ed a p\u0159ej\u00ed\u017ed\u00edme sm\u011br Sparta. 13.\u00fanora\u00a0&#8211; p\u0159ejezd cca 75km Odj\u00ed\u017ed\u00edme do\u00a0Sparty. Po\u010das\u00ed se vylep\u0161uje a odpoledne u\u017e polojasno, 12\u00b0C. V\u00a0na\u0161em pr\u016fvodci se uv\u00e1d\u00ed, \u017ee\u00a0\u201earcheologick\u00e9 nalezi\u0161t\u011b ve Spart\u011b nen\u00ed ni\u010d\u00edm zaj\u00edmav\u00e9.\u201c\u00a0 Ur\u010dit\u011b to nen\u00ed pravda. Je zde krom\u011b jin\u00e9ho starov\u011bk\u00e9\u00a0divadlo a to jedno [&hellip;]<\/p>\n","protected":false},"author":27,"featured_media":13432,"comment_status":"closed","ping_status":"open","sticky":false,"template":"","format":"standard","meta":{"_monsterinsights_skip_tracking":false,"_monsterinsights_sitenote_active":false,"_monsterinsights_sitenote_note":"","_monsterinsights_sitenote_category":0,"footnotes":""},"categories":[2373],"tags":[110,383,114],"class_list":{"0":"post-13434","1":"post","2":"type-post","3":"status-publish","4":"format-standard","5":"has-post-thumbnail","7":"category-ostatni-zeme","8":"tag-cestopis","9":"tag-ostatni-zeme","10":"tag-recko"},"yoast_head":"<!-- This site is optimized with the Yoast SEO plugin v27.5 - https:\/\/yoast.com\/product\/yoast-seo-wordpress\/ -->\n<title>Obyt\u0148\u00e1kem dva m\u011bs\u00edce na Pelopon\u00e9su - \u010d\u00e1st II. - All4Camper<\/title>\n<meta name=\"description\" content=\"All4Camper - Obyt\u0148\u00e1kem dva m\u011bs\u00edce na Pelopon\u00e9su - \u010d\u00e1st II.\" \/>\n<meta name=\"robots\" content=\"index, follow, max-snippet:-1, max-image-preview:large, max-video-preview:-1\" \/>\n<link rel=\"canonical\" href=\"https:\/\/all4camper.com\/cs\/obytnakem-dva-mesice-na-peloponesu-cast-ii\/\" \/>\n<meta property=\"og:locale\" content=\"cs_CZ\" \/>\n<meta property=\"og:type\" content=\"article\" \/>\n<meta property=\"og:title\" content=\"Obyt\u0148\u00e1kem dva m\u011bs\u00edce na Pelopon\u00e9su - \u010d\u00e1st II. - All4Camper\" \/>\n<meta property=\"og:description\" content=\"All4Camper - Obyt\u0148\u00e1kem dva m\u011bs\u00edce na Pelopon\u00e9su - \u010d\u00e1st II.\" \/>\n<meta property=\"og:url\" content=\"https:\/\/all4camper.com\/cs\/obytnakem-dva-mesice-na-peloponesu-cast-ii\/\" \/>\n<meta property=\"og:site_name\" content=\"All4Camper\" \/>\n<meta property=\"article:published_time\" content=\"2018-02-17T19:42:19+00:00\" \/>\n<meta property=\"article:modified_time\" content=\"2020-04-21T12:53:19+00:00\" \/>\n<meta property=\"og:image\" content=\"https:\/\/all4camper.com\/wp-content\/uploads\/2018\/02\/reckoIII.jpg\" \/>\n\t<meta property=\"og:image:width\" content=\"651\" \/>\n\t<meta property=\"og:image:height\" content=\"490\" \/>\n\t<meta property=\"og:image:type\" content=\"image\/jpeg\" \/>\n<meta name=\"author\" content=\"Od na\u0161ich \u010dten\u00e1\u0159\u016f\" \/>\n<meta name=\"twitter:card\" content=\"summary_large_image\" \/>\n<meta name=\"twitter:label1\" content=\"Napsal(a)\" \/>\n\t<meta name=\"twitter:data1\" content=\"Od na\u0161ich \u010dten\u00e1\u0159\u016f\" \/>\n\t<meta name=\"twitter:label2\" content=\"Odhadovan\u00e1 doba \u010dten\u00ed\" \/>\n\t<meta name=\"twitter:data2\" content=\"5 minut\" \/>\n<script type=\"application\/ld+json\" class=\"yoast-schema-graph\">{\"@context\":\"https:\\\/\\\/schema.org\",\"@graph\":[{\"@type\":\"Article\",\"@id\":\"https:\\\/\\\/all4camper.com\\\/cs\\\/obytnakem-dva-mesice-na-peloponesu-cast-ii\\\/#article\",\"isPartOf\":{\"@id\":\"https:\\\/\\\/all4camper.com\\\/cs\\\/obytnakem-dva-mesice-na-peloponesu-cast-ii\\\/\"},\"author\":{\"name\":\"Od na\u0161ich \u010dten\u00e1\u0159\u016f\",\"@id\":\"https:\\\/\\\/all4camper.com\\\/cs\\\/#\\\/schema\\\/person\\\/6e44acf123c404fdffce72310b6e0f1c\"},\"headline\":\"Obyt\u0148\u00e1kem dva m\u011bs\u00edce na Pelopon\u00e9su &#8211; \u010d\u00e1st II.\",\"datePublished\":\"2018-02-17T19:42:19+00:00\",\"dateModified\":\"2020-04-21T12:53:19+00:00\",\"mainEntityOfPage\":{\"@id\":\"https:\\\/\\\/all4camper.com\\\/cs\\\/obytnakem-dva-mesice-na-peloponesu-cast-ii\\\/\"},\"wordCount\":1063,\"publisher\":{\"@id\":\"https:\\\/\\\/all4camper.com\\\/cs\\\/#organization\"},\"image\":{\"@id\":\"https:\\\/\\\/all4camper.com\\\/cs\\\/obytnakem-dva-mesice-na-peloponesu-cast-ii\\\/#primaryimage\"},\"thumbnailUrl\":\"https:\\\/\\\/all4camper.com\\\/wp-content\\\/uploads\\\/2018\\\/02\\\/reckoIII.jpg\",\"keywords\":[\"Cestopis\",\"Ostatn\u00ed zem\u011b\",\"\u0158ecko\"],\"articleSection\":[\"Ostatn\u00ed zem\u011b\"],\"inLanguage\":\"cs\"},{\"@type\":\"WebPage\",\"@id\":\"https:\\\/\\\/all4camper.com\\\/cs\\\/obytnakem-dva-mesice-na-peloponesu-cast-ii\\\/\",\"url\":\"https:\\\/\\\/all4camper.com\\\/cs\\\/obytnakem-dva-mesice-na-peloponesu-cast-ii\\\/\",\"name\":\"Obyt\u0148\u00e1kem dva m\u011bs\u00edce na Pelopon\u00e9su - \u010d\u00e1st II. - All4Camper\",\"isPartOf\":{\"@id\":\"https:\\\/\\\/all4camper.com\\\/cs\\\/#website\"},\"primaryImageOfPage\":{\"@id\":\"https:\\\/\\\/all4camper.com\\\/cs\\\/obytnakem-dva-mesice-na-peloponesu-cast-ii\\\/#primaryimage\"},\"image\":{\"@id\":\"https:\\\/\\\/all4camper.com\\\/cs\\\/obytnakem-dva-mesice-na-peloponesu-cast-ii\\\/#primaryimage\"},\"thumbnailUrl\":\"https:\\\/\\\/all4camper.com\\\/wp-content\\\/uploads\\\/2018\\\/02\\\/reckoIII.jpg\",\"datePublished\":\"2018-02-17T19:42:19+00:00\",\"dateModified\":\"2020-04-21T12:53:19+00:00\",\"description\":\"All4Camper - Obyt\u0148\u00e1kem dva m\u011bs\u00edce na Pelopon\u00e9su - \u010d\u00e1st II.\",\"breadcrumb\":{\"@id\":\"https:\\\/\\\/all4camper.com\\\/cs\\\/obytnakem-dva-mesice-na-peloponesu-cast-ii\\\/#breadcrumb\"},\"inLanguage\":\"cs\",\"potentialAction\":[{\"@type\":\"ReadAction\",\"target\":[\"https:\\\/\\\/all4camper.com\\\/cs\\\/obytnakem-dva-mesice-na-peloponesu-cast-ii\\\/\"]}]},{\"@type\":\"ImageObject\",\"inLanguage\":\"cs\",\"@id\":\"https:\\\/\\\/all4camper.com\\\/cs\\\/obytnakem-dva-mesice-na-peloponesu-cast-ii\\\/#primaryimage\",\"url\":\"https:\\\/\\\/all4camper.com\\\/wp-content\\\/uploads\\\/2018\\\/02\\\/reckoIII.jpg\",\"contentUrl\":\"https:\\\/\\\/all4camper.com\\\/wp-content\\\/uploads\\\/2018\\\/02\\\/reckoIII.jpg\",\"width\":651,\"height\":490},{\"@type\":\"BreadcrumbList\",\"@id\":\"https:\\\/\\\/all4camper.com\\\/cs\\\/obytnakem-dva-mesice-na-peloponesu-cast-ii\\\/#breadcrumb\",\"itemListElement\":[{\"@type\":\"ListItem\",\"position\":1,\"name\":\"Dom\u016f\",\"item\":\"https:\\\/\\\/all4camper.com\\\/cs\\\/\"},{\"@type\":\"ListItem\",\"position\":2,\"name\":\"Ostatn\u00ed zem\u011b\",\"item\":\"https:\\\/\\\/all4camper.com\\\/cs\\\/category\\\/ostatni-zeme\\\/\"},{\"@type\":\"ListItem\",\"position\":3,\"name\":\"Obyt\u0148\u00e1kem dva m\u011bs\u00edce na Pelopon\u00e9su &#8211; \u010d\u00e1st II.\"}]},{\"@type\":\"WebSite\",\"@id\":\"https:\\\/\\\/all4camper.com\\\/cs\\\/#website\",\"url\":\"https:\\\/\\\/all4camper.com\\\/cs\\\/\",\"name\":\"All4Camper\",\"description\":\"Nejv\u011bt\u0161\u00ed online magaz\u00edn o kempov\u00e1n\u00ed a karavaninku. V\u00edce jak 900 \u010dl\u00e1nk\u016f pln\u00fdch rad a tip\u016f o kempech a kempov\u00e1n\u00ed.\",\"publisher\":{\"@id\":\"https:\\\/\\\/all4camper.com\\\/cs\\\/#organization\"},\"potentialAction\":[{\"@type\":\"SearchAction\",\"target\":{\"@type\":\"EntryPoint\",\"urlTemplate\":\"https:\\\/\\\/all4camper.com\\\/cs\\\/?s={search_term_string}\"},\"query-input\":{\"@type\":\"PropertyValueSpecification\",\"valueRequired\":true,\"valueName\":\"search_term_string\"}}],\"inLanguage\":\"cs\"},{\"@type\":\"Organization\",\"@id\":\"https:\\\/\\\/all4camper.com\\\/cs\\\/#organization\",\"name\":\"All4Camper - kempujeme s Kl\u00e1rou\",\"url\":\"https:\\\/\\\/all4camper.com\\\/cs\\\/\",\"logo\":{\"@type\":\"ImageObject\",\"inLanguage\":\"cs\",\"@id\":\"https:\\\/\\\/all4camper.com\\\/cs\\\/#\\\/schema\\\/logo\\\/image\\\/\",\"url\":\"https:\\\/\\\/all4camper.com\\\/wp-content\\\/uploads\\\/2018\\\/09\\\/novelogo.png\",\"contentUrl\":\"https:\\\/\\\/all4camper.com\\\/wp-content\\\/uploads\\\/2018\\\/09\\\/novelogo.png\",\"width\":1520,\"height\":600,\"caption\":\"All4Camper - kempujeme s Kl\u00e1rou\"},\"image\":{\"@id\":\"https:\\\/\\\/all4camper.com\\\/cs\\\/#\\\/schema\\\/logo\\\/image\\\/\"}},{\"@type\":\"Person\",\"@id\":\"https:\\\/\\\/all4camper.com\\\/cs\\\/#\\\/schema\\\/person\\\/6e44acf123c404fdffce72310b6e0f1c\",\"name\":\"Od na\u0161ich \u010dten\u00e1\u0159\u016f\",\"url\":\"https:\\\/\\\/all4camper.com\\\/cs\\\/author\\\/od-nasich-ctenaru\\\/\"}]}<\/script>\n<!-- \/ Yoast SEO plugin. -->","yoast_head_json":{"title":"Obyt\u0148\u00e1kem dva m\u011bs\u00edce na Pelopon\u00e9su - \u010d\u00e1st II. - All4Camper","description":"All4Camper - Obyt\u0148\u00e1kem dva m\u011bs\u00edce na Pelopon\u00e9su - \u010d\u00e1st II.","robots":{"index":"index","follow":"follow","max-snippet":"max-snippet:-1","max-image-preview":"max-image-preview:large","max-video-preview":"max-video-preview:-1"},"canonical":"https:\/\/all4camper.com\/cs\/obytnakem-dva-mesice-na-peloponesu-cast-ii\/","og_locale":"cs_CZ","og_type":"article","og_title":"Obyt\u0148\u00e1kem dva m\u011bs\u00edce na Pelopon\u00e9su - \u010d\u00e1st II. - All4Camper","og_description":"All4Camper - Obyt\u0148\u00e1kem dva m\u011bs\u00edce na Pelopon\u00e9su - \u010d\u00e1st II.","og_url":"https:\/\/all4camper.com\/cs\/obytnakem-dva-mesice-na-peloponesu-cast-ii\/","og_site_name":"All4Camper","article_published_time":"2018-02-17T19:42:19+00:00","article_modified_time":"2020-04-21T12:53:19+00:00","og_image":[{"width":651,"height":490,"url":"https:\/\/all4camper.com\/wp-content\/uploads\/2018\/02\/reckoIII.jpg","type":"image\/jpeg"}],"author":"Od na\u0161ich \u010dten\u00e1\u0159\u016f","twitter_card":"summary_large_image","twitter_misc":{"Napsal(a)":"Od na\u0161ich \u010dten\u00e1\u0159\u016f","Odhadovan\u00e1 doba \u010dten\u00ed":"5 minut"},"schema":{"@context":"https:\/\/schema.org","@graph":[{"@type":"Article","@id":"https:\/\/all4camper.com\/cs\/obytnakem-dva-mesice-na-peloponesu-cast-ii\/#article","isPartOf":{"@id":"https:\/\/all4camper.com\/cs\/obytnakem-dva-mesice-na-peloponesu-cast-ii\/"},"author":{"name":"Od na\u0161ich \u010dten\u00e1\u0159\u016f","@id":"https:\/\/all4camper.com\/cs\/#\/schema\/person\/6e44acf123c404fdffce72310b6e0f1c"},"headline":"Obyt\u0148\u00e1kem dva m\u011bs\u00edce na Pelopon\u00e9su &#8211; \u010d\u00e1st II.","datePublished":"2018-02-17T19:42:19+00:00","dateModified":"2020-04-21T12:53:19+00:00","mainEntityOfPage":{"@id":"https:\/\/all4camper.com\/cs\/obytnakem-dva-mesice-na-peloponesu-cast-ii\/"},"wordCount":1063,"publisher":{"@id":"https:\/\/all4camper.com\/cs\/#organization"},"image":{"@id":"https:\/\/all4camper.com\/cs\/obytnakem-dva-mesice-na-peloponesu-cast-ii\/#primaryimage"},"thumbnailUrl":"https:\/\/all4camper.com\/wp-content\/uploads\/2018\/02\/reckoIII.jpg","keywords":["Cestopis","Ostatn\u00ed zem\u011b","\u0158ecko"],"articleSection":["Ostatn\u00ed zem\u011b"],"inLanguage":"cs"},{"@type":"WebPage","@id":"https:\/\/all4camper.com\/cs\/obytnakem-dva-mesice-na-peloponesu-cast-ii\/","url":"https:\/\/all4camper.com\/cs\/obytnakem-dva-mesice-na-peloponesu-cast-ii\/","name":"Obyt\u0148\u00e1kem dva m\u011bs\u00edce na Pelopon\u00e9su - \u010d\u00e1st II. - All4Camper","isPartOf":{"@id":"https:\/\/all4camper.com\/cs\/#website"},"primaryImageOfPage":{"@id":"https:\/\/all4camper.com\/cs\/obytnakem-dva-mesice-na-peloponesu-cast-ii\/#primaryimage"},"image":{"@id":"https:\/\/all4camper.com\/cs\/obytnakem-dva-mesice-na-peloponesu-cast-ii\/#primaryimage"},"thumbnailUrl":"https:\/\/all4camper.com\/wp-content\/uploads\/2018\/02\/reckoIII.jpg","datePublished":"2018-02-17T19:42:19+00:00","dateModified":"2020-04-21T12:53:19+00:00","description":"All4Camper - Obyt\u0148\u00e1kem dva m\u011bs\u00edce na Pelopon\u00e9su - \u010d\u00e1st II.","breadcrumb":{"@id":"https:\/\/all4camper.com\/cs\/obytnakem-dva-mesice-na-peloponesu-cast-ii\/#breadcrumb"},"inLanguage":"cs","potentialAction":[{"@type":"ReadAction","target":["https:\/\/all4camper.com\/cs\/obytnakem-dva-mesice-na-peloponesu-cast-ii\/"]}]},{"@type":"ImageObject","inLanguage":"cs","@id":"https:\/\/all4camper.com\/cs\/obytnakem-dva-mesice-na-peloponesu-cast-ii\/#primaryimage","url":"https:\/\/all4camper.com\/wp-content\/uploads\/2018\/02\/reckoIII.jpg","contentUrl":"https:\/\/all4camper.com\/wp-content\/uploads\/2018\/02\/reckoIII.jpg","width":651,"height":490},{"@type":"BreadcrumbList","@id":"https:\/\/all4camper.com\/cs\/obytnakem-dva-mesice-na-peloponesu-cast-ii\/#breadcrumb","itemListElement":[{"@type":"ListItem","position":1,"name":"Dom\u016f","item":"https:\/\/all4camper.com\/cs\/"},{"@type":"ListItem","position":2,"name":"Ostatn\u00ed zem\u011b","item":"https:\/\/all4camper.com\/cs\/category\/ostatni-zeme\/"},{"@type":"ListItem","position":3,"name":"Obyt\u0148\u00e1kem dva m\u011bs\u00edce na Pelopon\u00e9su &#8211; \u010d\u00e1st II."}]},{"@type":"WebSite","@id":"https:\/\/all4camper.com\/cs\/#website","url":"https:\/\/all4camper.com\/cs\/","name":"All4Camper","description":"Nejv\u011bt\u0161\u00ed online magaz\u00edn o kempov\u00e1n\u00ed a karavaninku. V\u00edce jak 900 \u010dl\u00e1nk\u016f pln\u00fdch rad a tip\u016f o kempech a kempov\u00e1n\u00ed.","publisher":{"@id":"https:\/\/all4camper.com\/cs\/#organization"},"potentialAction":[{"@type":"SearchAction","target":{"@type":"EntryPoint","urlTemplate":"https:\/\/all4camper.com\/cs\/?s={search_term_string}"},"query-input":{"@type":"PropertyValueSpecification","valueRequired":true,"valueName":"search_term_string"}}],"inLanguage":"cs"},{"@type":"Organization","@id":"https:\/\/all4camper.com\/cs\/#organization","name":"All4Camper - kempujeme s Kl\u00e1rou","url":"https:\/\/all4camper.com\/cs\/","logo":{"@type":"ImageObject","inLanguage":"cs","@id":"https:\/\/all4camper.com\/cs\/#\/schema\/logo\/image\/","url":"https:\/\/all4camper.com\/wp-content\/uploads\/2018\/09\/novelogo.png","contentUrl":"https:\/\/all4camper.com\/wp-content\/uploads\/2018\/09\/novelogo.png","width":1520,"height":600,"caption":"All4Camper - kempujeme s Kl\u00e1rou"},"image":{"@id":"https:\/\/all4camper.com\/cs\/#\/schema\/logo\/image\/"}},{"@type":"Person","@id":"https:\/\/all4camper.com\/cs\/#\/schema\/person\/6e44acf123c404fdffce72310b6e0f1c","name":"Od na\u0161ich \u010dten\u00e1\u0159\u016f","url":"https:\/\/all4camper.com\/cs\/author\/od-nasich-ctenaru\/"}]}},"_links":{"self":[{"href":"https:\/\/all4camper.com\/cs\/wp-json\/wp\/v2\/posts\/13434","targetHints":{"allow":["GET"]}}],"collection":[{"href":"https:\/\/all4camper.com\/cs\/wp-json\/wp\/v2\/posts"}],"about":[{"href":"https:\/\/all4camper.com\/cs\/wp-json\/wp\/v2\/types\/post"}],"author":[{"embeddable":true,"href":"https:\/\/all4camper.com\/cs\/wp-json\/wp\/v2\/users\/27"}],"replies":[{"embeddable":true,"href":"https:\/\/all4camper.com\/cs\/wp-json\/wp\/v2\/comments?post=13434"}],"version-history":[{"count":0,"href":"https:\/\/all4camper.com\/cs\/wp-json\/wp\/v2\/posts\/13434\/revisions"}],"wp:featuredmedia":[{"embeddable":true,"href":"https:\/\/all4camper.com\/cs\/wp-json\/wp\/v2\/media\/13432"}],"wp:attachment":[{"href":"https:\/\/all4camper.com\/cs\/wp-json\/wp\/v2\/media?parent=13434"}],"wp:term":[{"taxonomy":"category","embeddable":true,"href":"https:\/\/all4camper.com\/cs\/wp-json\/wp\/v2\/categories?post=13434"},{"taxonomy":"post_tag","embeddable":true,"href":"https:\/\/all4camper.com\/cs\/wp-json\/wp\/v2\/tags?post=13434"}],"curies":[{"name":"wp","href":"https:\/\/api.w.org\/{rel}","templated":true}]}}