{"id":134040,"date":"2021-06-03T08:10:26","date_gmt":"2021-06-03T06:10:26","guid":{"rendered":"https:\/\/all4camper.com\/\/?p=134040"},"modified":"2021-06-03T08:42:05","modified_gmt":"2021-06-03T06:42:05","slug":"kdyz-jedete-uplne-poprve-na-dovolenou-s-karavanem","status":"publish","type":"post","link":"https:\/\/all4camper.com\/cs\/kdyz-jedete-uplne-poprve-na-dovolenou-s-karavanem\/","title":{"rendered":"Kdy\u017e jedete \u00fapln\u011b poprv\u00e9 na dovolenou s karavanem"},"content":{"rendered":"\n<h4 class=\"wp-block-heading\">Volnost a to kr\u00e1sn\u00e9 ticho, kter\u00e9 ob\u010das p\u0159eru\u0161\u00ed pt\u00e1ci nebo jin\u00e1 zv\u00ed\u0159ata, to jsou d\u016fvody, pro\u010d vyj\u00ed\u017ed\u00edme s karavanem. Na volnost se v\u0161ak v\u00e1\u017ee samostatnost a ta dok\u00e1\u017ee b\u00fdt dvouse\u010dnou zbran\u00ed. Jak si zajistit, \u017ee si z v\u00fdletu s karavanem odnesete hezk\u00e9 vzpom\u00ednky? P\u0159ipravit. Pozor. Te\u010f!<\/h4>\n\n\n\n<figure class=\"wp-block-image size-large\"><img loading=\"lazy\" decoding=\"async\" width=\"1538\" height=\"1080\" src=\"https:\/\/all4camper.com\/\/wp-content\/uploads\/2021\/06\/DSC_1312-1538x1080.jpg\" alt=\"\" class=\"wp-image-134044\" srcset=\"https:\/\/all4camper.com\/wp-content\/uploads\/2021\/06\/DSC_1312-1538x1080.jpg 1538w, https:\/\/all4camper.com\/wp-content\/uploads\/2021\/06\/DSC_1312-300x211.jpg 300w, https:\/\/all4camper.com\/wp-content\/uploads\/2021\/06\/DSC_1312-150x105.jpg 150w, https:\/\/all4camper.com\/wp-content\/uploads\/2021\/06\/DSC_1312-768x539.jpg 768w, https:\/\/all4camper.com\/wp-content\/uploads\/2021\/06\/DSC_1312-1536x1078.jpg 1536w, https:\/\/all4camper.com\/wp-content\/uploads\/2021\/06\/DSC_1312-2048x1438.jpg 2048w, https:\/\/all4camper.com\/wp-content\/uploads\/2021\/06\/DSC_1312-696x489.jpg 696w, https:\/\/all4camper.com\/wp-content\/uploads\/2021\/06\/DSC_1312-1068x750.jpg 1068w, https:\/\/all4camper.com\/wp-content\/uploads\/2021\/06\/DSC_1312-1920x1348.jpg 1920w, https:\/\/all4camper.com\/wp-content\/uploads\/2021\/06\/DSC_1312-598x420.jpg 598w, https:\/\/all4camper.com\/wp-content\/uploads\/2021\/06\/DSC_1312-100x70.jpg 100w\" sizes=\"auto, (max-width: 1538px) 100vw, 1538px\" \/><\/figure>\n\n\n\n<p>Nejd\u0159\u00edve si ujasn\u011bte, co v\u0161e si vezmete s sebou. Karavaning a kempov\u00e1n\u00ed nen\u00ed \u017e\u00e1dn\u00fd z\u00e1vod, je to z\u00e1\u017eitek. Proto p\u0159em\u00fd\u0161lejte pe\u010dliv\u011b i z pohledu bezpe\u010d\u00ed a toho, aby byla va\u0161e dovolen\u00e1 co nejlep\u0161\u00ed a nez\u00e1\u017eitkov\u011bj\u0161\u00ed. L\u00e9k\u00e1rni\u010dka, j\u00eddlo a pit\u00ed, to jsou jasn\u00e9 v\u011bci. Nespol\u00e9hejte se na sv\u00e9 skryt\u00e9 loveck\u00e9 vlohy. Nezapome\u0148te si vz\u00edt ani pevn\u00e9 boty, tepl\u00e9 oble\u010den\u00ed a nab\u00edje\u010dku, pop\u0159\u00edpad\u011b powerbanku. Pokud pl\u00e1nujete v\u00fdpravu do lesa, doporu\u010dujeme tak\u00e9 repelent, aby v\u00e1s ochr\u00e1nil p\u0159ed kl\u00ed\u0161\u0165aty a kom\u00e1ry. Inspirac\u00ed m\u016f\u017ee b\u00fdt i tento check list <a target=\"_blank\" href=\"\/cs?p=15162\" rel=\"noreferrer noopener\">nez-vyjedete-karavanem<\/a>.<\/p>\n\n\n\n<figure class=\"wp-block-image size-large\"><img loading=\"lazy\" decoding=\"async\" width=\"1417\" height=\"1080\" src=\"https:\/\/all4camper.com\/\/wp-content\/uploads\/2021\/06\/DSC_1325-HDR-1417x1080.jpg\" alt=\"\" class=\"wp-image-134045\" srcset=\"https:\/\/all4camper.com\/wp-content\/uploads\/2021\/06\/DSC_1325-HDR-1417x1080.jpg 1417w, https:\/\/all4camper.com\/wp-content\/uploads\/2021\/06\/DSC_1325-HDR-300x229.jpg 300w, https:\/\/all4camper.com\/wp-content\/uploads\/2021\/06\/DSC_1325-HDR-150x114.jpg 150w, https:\/\/all4camper.com\/wp-content\/uploads\/2021\/06\/DSC_1325-HDR-768x585.jpg 768w, https:\/\/all4camper.com\/wp-content\/uploads\/2021\/06\/DSC_1325-HDR-1536x1171.jpg 1536w, https:\/\/all4camper.com\/wp-content\/uploads\/2021\/06\/DSC_1325-HDR-2048x1561.jpg 2048w, https:\/\/all4camper.com\/wp-content\/uploads\/2021\/06\/DSC_1325-HDR-696x530.jpg 696w, https:\/\/all4camper.com\/wp-content\/uploads\/2021\/06\/DSC_1325-HDR-1068x814.jpg 1068w, https:\/\/all4camper.com\/wp-content\/uploads\/2021\/06\/DSC_1325-HDR-1920x1463.jpg 1920w, https:\/\/all4camper.com\/wp-content\/uploads\/2021\/06\/DSC_1325-HDR-551x420.jpg 551w, https:\/\/all4camper.com\/wp-content\/uploads\/2021\/06\/DSC_1325-HDR-80x60.jpg 80w\" sizes=\"auto, (max-width: 1417px) 100vw, 1417px\" \/><\/figure>\n\n\n\n<h3 class=\"wp-block-heading\">Kde se ut\u00e1bo\u0159it?<\/h3>\n\n\n\n<p>Nev\u00edte, kam jet? Nocovat \u010di kr\u00e1tkodob\u011b &#8222;kempovat&#8220; s karavanem (doporu\u010dujeme maxim\u00e1ln\u011b dv\u011b noci) v \u010cesk\u00e9 republice m\u016f\u017eete na ka\u017ed\u00e9m pozemku, kter\u00fd nespad\u00e1 pod soukrom\u00e9ho vlastn\u00edka, nen\u00ed to m\u00edstn\u00ed vyhl\u00e1\u0161kou zak\u00e1z\u00e1no \u010di se nejedn\u00e1 o CHKO nebo NP. Pamatujte, \u017ee ne ka\u017ed\u00e1 vhodn\u011b vypadaj\u00edc\u00ed louka m\u00e1 zna\u010den\u00ed, nebo n\u011bjakou podobnou formu identifikace a je tak t\u011b\u017ek\u00e9 poznat, zda n\u011bco neporu\u0161ujete. Pokud si tedy nejste jist\u00ed a majitel nen\u00ed nikde k zasti\u017een\u00ed, tak je dobr\u00e9 schovat v\u0161echno kempa\u0159sk\u00e9 vybaven\u00ed, ne\u017e p\u016fjdete sp\u00e1t nebo vyraz\u00edte na v\u00fdpravu po okol\u00ed. Rozhodn\u011b se chovejte nen\u00e1padn\u011b a v\u0161e po sob\u011b ukli\u010fte. To se samoz\u0159ejm\u011b t\u00fdk\u00e1 i odpadk\u016f. Opou\u0161t\u011bjte m\u00edsto v takov\u00e9m stavu, v jak\u00e9m bylo p\u0159ed va\u0161\u00edm p\u0159\u00edjezdem.<\/p>\n\n\n\n<p><em><strong>Pokud st\u00e1le nev\u00edte, kam chcete jet, tak se m\u016f\u017eete pod\u00edvat nap\u0159\u00edklad zde <a target=\"_blank\" href=\"https:\/\/hledamkaravan.cz\/mista-na-taboreni\/\" rel=\"noreferrer noopener\">mista-na-taboreni<\/a>. Dal\u0161\u00ed perfektn\u00ed mo\u017enost\u00ed na takov\u00e9to kempov\u00e1n\u00ed v p\u0159\u00edrod\u011b jsou t\u00e1bo\u0159i\u0161t\u011b nebo vod\u00e1ck\u00e9 kempy.<\/strong><\/em><\/p>\n\n\n\n<figure class=\"wp-block-image size-large\"><img loading=\"lazy\" decoding=\"async\" width=\"1619\" height=\"1080\" src=\"https:\/\/all4camper.com\/\/wp-content\/uploads\/2021\/06\/DSC_1340-1619x1080.jpg\" alt=\"\" class=\"wp-image-134046\" srcset=\"https:\/\/all4camper.com\/wp-content\/uploads\/2021\/06\/DSC_1340-1619x1080.jpg 1619w, https:\/\/all4camper.com\/wp-content\/uploads\/2021\/06\/DSC_1340-300x200.jpg 300w, https:\/\/all4camper.com\/wp-content\/uploads\/2021\/06\/DSC_1340-150x100.jpg 150w, https:\/\/all4camper.com\/wp-content\/uploads\/2021\/06\/DSC_1340-768x512.jpg 768w, https:\/\/all4camper.com\/wp-content\/uploads\/2021\/06\/DSC_1340-1536x1024.jpg 1536w, https:\/\/all4camper.com\/wp-content\/uploads\/2021\/06\/DSC_1340-2048x1366.jpg 2048w, https:\/\/all4camper.com\/wp-content\/uploads\/2021\/06\/DSC_1340-696x464.jpg 696w, https:\/\/all4camper.com\/wp-content\/uploads\/2021\/06\/DSC_1340-1068x712.jpg 1068w, https:\/\/all4camper.com\/wp-content\/uploads\/2021\/06\/DSC_1340-1920x1281.jpg 1920w, https:\/\/all4camper.com\/wp-content\/uploads\/2021\/06\/DSC_1340-630x420.jpg 630w\" sizes=\"auto, (max-width: 1619px) 100vw, 1619px\" \/><\/figure>\n\n\n\n<h3 class=\"wp-block-heading\">A co voda?<\/h3>\n\n\n\n<p>Jeden t\u00fdden, to je doba, kterou lidsk\u00fd organismus vydr\u017e\u00ed bez vody. Hodn\u011b karavan\u016f je vybaveno n\u00e1dr\u017e\u00ed na pitnou vodu. Kdy\u017e v\u00e1m dojde, tak ur\u010dit\u011b nedopl\u0148ujte z\u00e1soby v \u0159ece nebo v potoce. Zbyte\u010dn\u011b byste kontaminovali vodovodn\u00ed rozvody a v p\u0159\u00edpad\u011b jejich budouc\u00edho pou\u017eit\u00ed v kombinaci s pitnou vodou by bylo t\u0159eba je vy\u010distit.<\/p>\n\n\n\n<p>Pitnou vodu naleznete v kempech nebo na karavanov\u00fdch st\u00e1n\u00edch. P\u0159esv\u011bd\u010dte se v\u0161ak, \u017ee jde o opravdu vodu pitnou a nezapome\u0148te ji tak\u00e9 ochutnat. Je slan\u00e1, trpk\u00e1, pop\u0159\u00edpad\u011b jinak znehodnocen\u00e1? Je\u010fte d\u00e1l. P\u00edt m\u016f\u017eete i z p\u0159\u00edrodn\u00edch zdroj\u016f \u2013 jako jsou stud\u00e1nky. V\u011bt\u0161inou b\u00fdvaj\u00ed pr\u00e1v\u011b zdrojem ide\u00e1ln\u00ed zdrav\u00e9 vody, leda\u017ee je v jejich bl\u00edzkosti cedulka, kter\u00e1 hovo\u0159\u00ed o opaku. Nejbezpe\u010dn\u011bj\u0161\u00ed je v\u0161ak vodu z podobn\u00fdch zdroj\u016f p\u0159eva\u0159it. <\/p>\n\n\n\n<figure class=\"wp-block-image size-large\"><img loading=\"lazy\" decoding=\"async\" width=\"1620\" height=\"1080\" src=\"https:\/\/all4camper.com\/\/wp-content\/uploads\/2021\/06\/DSC_1373-1620x1080.jpg\" alt=\"\" class=\"wp-image-134047\" srcset=\"https:\/\/all4camper.com\/wp-content\/uploads\/2021\/06\/DSC_1373-1620x1080.jpg 1620w, https:\/\/all4camper.com\/wp-content\/uploads\/2021\/06\/DSC_1373-300x200.jpg 300w, https:\/\/all4camper.com\/wp-content\/uploads\/2021\/06\/DSC_1373-150x100.jpg 150w, https:\/\/all4camper.com\/wp-content\/uploads\/2021\/06\/DSC_1373-768x512.jpg 768w, https:\/\/all4camper.com\/wp-content\/uploads\/2021\/06\/DSC_1373-1536x1024.jpg 1536w, https:\/\/all4camper.com\/wp-content\/uploads\/2021\/06\/DSC_1373-2048x1366.jpg 2048w, https:\/\/all4camper.com\/wp-content\/uploads\/2021\/06\/DSC_1373-696x464.jpg 696w, https:\/\/all4camper.com\/wp-content\/uploads\/2021\/06\/DSC_1373-1068x712.jpg 1068w, https:\/\/all4camper.com\/wp-content\/uploads\/2021\/06\/DSC_1373-1920x1280.jpg 1920w, https:\/\/all4camper.com\/wp-content\/uploads\/2021\/06\/DSC_1373-630x420.jpg 630w\" sizes=\"auto, (max-width: 1620px) 100vw, 1620px\" \/><\/figure>\n\n\n\n<h3 class=\"wp-block-heading\">V\u00fdbava, to je i karavan.<\/h3>\n\n\n\n<p>Je tak\u00e9 dobr\u00e9 si napl\u00e1novat, do jak\u00e9ho ter\u00e9nu vlastn\u011b pojedete. Ne v\u0161echny karavany se hod\u00ed do ka\u017ed\u00fdch podm\u00ednek. Pokud pl\u00e1nujete opustit cesty a vyjet do offroadu, tak byste se m\u011bli zamyslet nad t\u00edm, jestli to v\u00e1\u0161 karavan vlastn\u011b zvl\u00e1dne. Kvalita podvozku, n\u00e1klon, v\u00e1ha\u2026 To v\u0161e plus n\u00e1ro\u010dnost ter\u00e9nu jsou faktory, kter\u00e9 mohou rozhodovat o tom, zda v\u00e1\u0161 karavan zvl\u00e1dne cestu.<\/p>\n\n\n\n<p>Ne v\u0161echny karavany jsou v\u0161ak t\u011b\u017ek\u00e9 a rozm\u011brn\u00e9, jsou i karavany, kter\u00e9 se &#8222;vezou samy&#8220;. Nap\u0159\u00edklad model X-Line <a target=\"_blank\" href=\"https:\/\/lifestylecamper.cz\/karavan-x-line\/\" rel=\"noreferrer noopener\">karavan-x-line<\/a> od Life Style Camper <a target=\"_blank\" href=\"https:\/\/lifestylecamper.cz\/\" rel=\"noreferrer noopener\">lifestylecamper<\/a> je kompaktn\u00ed a lehk\u00fd (550 kg) model, kter\u00fd zvl\u00e1dne ka\u017ed\u00fd ter\u00e9n a man\u00e9vrov\u00e1n\u00ed s n\u00edm zase zvl\u00e1dne ka\u017ed\u00fd \u0159idi\u010d.<\/p>\n\n\n\n<figure class=\"wp-block-image size-large\"><img loading=\"lazy\" decoding=\"async\" width=\"1620\" height=\"1080\" src=\"https:\/\/all4camper.com\/\/wp-content\/uploads\/2021\/06\/DSCF4303-1620x1080.jpg\" alt=\"\" class=\"wp-image-134043\" srcset=\"https:\/\/all4camper.com\/wp-content\/uploads\/2021\/06\/DSCF4303-1620x1080.jpg 1620w, https:\/\/all4camper.com\/wp-content\/uploads\/2021\/06\/DSCF4303-300x200.jpg 300w, https:\/\/all4camper.com\/wp-content\/uploads\/2021\/06\/DSCF4303-150x100.jpg 150w, https:\/\/all4camper.com\/wp-content\/uploads\/2021\/06\/DSCF4303-768x512.jpg 768w, https:\/\/all4camper.com\/wp-content\/uploads\/2021\/06\/DSCF4303-1536x1024.jpg 1536w, https:\/\/all4camper.com\/wp-content\/uploads\/2021\/06\/DSCF4303-2048x1365.jpg 2048w, https:\/\/all4camper.com\/wp-content\/uploads\/2021\/06\/DSCF4303-696x464.jpg 696w, https:\/\/all4camper.com\/wp-content\/uploads\/2021\/06\/DSCF4303-1068x712.jpg 1068w, https:\/\/all4camper.com\/wp-content\/uploads\/2021\/06\/DSCF4303-1920x1280.jpg 1920w, https:\/\/all4camper.com\/wp-content\/uploads\/2021\/06\/DSCF4303-630x420.jpg 630w\" sizes=\"auto, (max-width: 1620px) 100vw, 1620px\" \/><\/figure>\n","protected":false},"excerpt":{"rendered":"<p>Volnost a to kr\u00e1sn\u00e9 ticho, kter\u00e9 ob\u010das p\u0159eru\u0161\u00ed pt\u00e1ci nebo jin\u00e1 zv\u00ed\u0159ata, to jsou d\u016fvody, pro\u010d vyj\u00ed\u017ed\u00edme s karavanem. Na volnost se v\u0161ak v\u00e1\u017ee samostatnost a ta dok\u00e1\u017ee b\u00fdt dvouse\u010dnou zbran\u00ed. Jak si zajistit, \u017ee si z v\u00fdletu s karavanem odnesete hezk\u00e9 vzpom\u00ednky? P\u0159ipravit. Pozor. Te\u010f! Nejd\u0159\u00edve si ujasn\u011bte, co v\u0161e si vezmete s sebou. [&hellip;]<\/p>\n","protected":false},"author":161,"featured_media":134056,"comment_status":"closed","ping_status":"open","sticky":false,"template":"","format":"standard","meta":{"_monsterinsights_skip_tracking":false,"_monsterinsights_sitenote_active":false,"_monsterinsights_sitenote_note":"","_monsterinsights_sitenote_category":0,"footnotes":""},"categories":[368,422,8209],"tags":[226],"class_list":{"0":"post-134040","1":"post","2":"type-post","3":"status-publish","4":"format-standard","5":"has-post-thumbnail","7":"category-magazin_all4camper","8":"category-novinky-kempovani-a-karavaning","9":"category-rady-tipy-informace","10":"tag-rady-a-tipy"},"yoast_head":"<!-- This site is optimized with the Yoast SEO plugin v27.5 - https:\/\/yoast.com\/product\/yoast-seo-wordpress\/ -->\n<title>Kdy\u017e jedete \u00fapln\u011b poprv\u00e9 na dovolenou s karavanem - All4Camper<\/title>\n<meta name=\"description\" content=\"All4Camper - Novinky - Kempov\u00e1n\u00ed a karavaning - Kdy\u017e jedete \u00fapln\u011b poprv\u00e9 na dovolenou s karavanem\" \/>\n<meta name=\"robots\" content=\"index, follow, max-snippet:-1, max-image-preview:large, max-video-preview:-1\" \/>\n<link rel=\"canonical\" href=\"https:\/\/all4camper.com\/cs\/kdyz-jedete-uplne-poprve-na-dovolenou-s-karavanem\/\" \/>\n<meta property=\"og:locale\" content=\"cs_CZ\" \/>\n<meta property=\"og:type\" content=\"article\" \/>\n<meta property=\"og:title\" content=\"Kdy\u017e jedete \u00fapln\u011b poprv\u00e9 na dovolenou s karavanem - All4Camper\" \/>\n<meta property=\"og:description\" content=\"All4Camper - Novinky - Kempov\u00e1n\u00ed a karavaning - Kdy\u017e jedete \u00fapln\u011b poprv\u00e9 na dovolenou s karavanem\" \/>\n<meta property=\"og:url\" content=\"https:\/\/all4camper.com\/cs\/kdyz-jedete-uplne-poprve-na-dovolenou-s-karavanem\/\" \/>\n<meta property=\"og:site_name\" content=\"All4Camper\" \/>\n<meta property=\"article:published_time\" content=\"2021-06-03T06:10:26+00:00\" \/>\n<meta property=\"article:modified_time\" content=\"2021-06-03T06:42:05+00:00\" \/>\n<meta property=\"og:image\" content=\"https:\/\/all4camper.com\/wp-content\/uploads\/2021\/06\/U\u0301vodni\u0301.jpg\" \/>\n\t<meta property=\"og:image:width\" content=\"1200\" \/>\n\t<meta property=\"og:image:height\" content=\"700\" \/>\n\t<meta property=\"og:image:type\" content=\"image\/jpeg\" \/>\n<meta name=\"author\" content=\"Kate\u0159ina\" \/>\n<meta name=\"twitter:card\" content=\"summary_large_image\" \/>\n<meta name=\"twitter:label1\" content=\"Napsal(a)\" \/>\n\t<meta name=\"twitter:data1\" content=\"Kate\u0159ina\" \/>\n\t<meta name=\"twitter:label2\" content=\"Odhadovan\u00e1 doba \u010dten\u00ed\" \/>\n\t<meta name=\"twitter:data2\" content=\"4 minuty\" \/>\n<script type=\"application\/ld+json\" class=\"yoast-schema-graph\">{\"@context\":\"https:\\\/\\\/schema.org\",\"@graph\":[{\"@type\":\"Article\",\"@id\":\"https:\\\/\\\/all4camper.com\\\/cs\\\/kdyz-jedete-uplne-poprve-na-dovolenou-s-karavanem\\\/#article\",\"isPartOf\":{\"@id\":\"https:\\\/\\\/all4camper.com\\\/cs\\\/kdyz-jedete-uplne-poprve-na-dovolenou-s-karavanem\\\/\"},\"author\":{\"name\":\"Kate\u0159ina\",\"@id\":\"https:\\\/\\\/all4camper.com\\\/cs\\\/#\\\/schema\\\/person\\\/9349489688d4c221ca0fc39ae6bcb70b\"},\"headline\":\"Kdy\u017e jedete \u00fapln\u011b poprv\u00e9 na dovolenou s karavanem\",\"datePublished\":\"2021-06-03T06:10:26+00:00\",\"dateModified\":\"2021-06-03T06:42:05+00:00\",\"mainEntityOfPage\":{\"@id\":\"https:\\\/\\\/all4camper.com\\\/cs\\\/kdyz-jedete-uplne-poprve-na-dovolenou-s-karavanem\\\/\"},\"wordCount\":685,\"publisher\":{\"@id\":\"https:\\\/\\\/all4camper.com\\\/cs\\\/#organization\"},\"image\":{\"@id\":\"https:\\\/\\\/all4camper.com\\\/cs\\\/kdyz-jedete-uplne-poprve-na-dovolenou-s-karavanem\\\/#primaryimage\"},\"thumbnailUrl\":\"https:\\\/\\\/all4camper.com\\\/wp-content\\\/uploads\\\/2021\\\/06\\\/U\u0301vodni\u0301.jpg\",\"keywords\":[\"Rady-tipy-informace\"],\"articleSection\":[\"\u010cten\u00ed na cesty\",\"Novinky - Kempov\u00e1n\u00ed a karavaning\",\"Rady, tipy, informace\"],\"inLanguage\":\"cs\"},{\"@type\":\"WebPage\",\"@id\":\"https:\\\/\\\/all4camper.com\\\/cs\\\/kdyz-jedete-uplne-poprve-na-dovolenou-s-karavanem\\\/\",\"url\":\"https:\\\/\\\/all4camper.com\\\/cs\\\/kdyz-jedete-uplne-poprve-na-dovolenou-s-karavanem\\\/\",\"name\":\"Kdy\u017e jedete \u00fapln\u011b poprv\u00e9 na dovolenou s karavanem - All4Camper\",\"isPartOf\":{\"@id\":\"https:\\\/\\\/all4camper.com\\\/cs\\\/#website\"},\"primaryImageOfPage\":{\"@id\":\"https:\\\/\\\/all4camper.com\\\/cs\\\/kdyz-jedete-uplne-poprve-na-dovolenou-s-karavanem\\\/#primaryimage\"},\"image\":{\"@id\":\"https:\\\/\\\/all4camper.com\\\/cs\\\/kdyz-jedete-uplne-poprve-na-dovolenou-s-karavanem\\\/#primaryimage\"},\"thumbnailUrl\":\"https:\\\/\\\/all4camper.com\\\/wp-content\\\/uploads\\\/2021\\\/06\\\/U\u0301vodni\u0301.jpg\",\"datePublished\":\"2021-06-03T06:10:26+00:00\",\"dateModified\":\"2021-06-03T06:42:05+00:00\",\"description\":\"All4Camper - Novinky - Kempov\u00e1n\u00ed a karavaning - Kdy\u017e jedete \u00fapln\u011b poprv\u00e9 na dovolenou s karavanem\",\"breadcrumb\":{\"@id\":\"https:\\\/\\\/all4camper.com\\\/cs\\\/kdyz-jedete-uplne-poprve-na-dovolenou-s-karavanem\\\/#breadcrumb\"},\"inLanguage\":\"cs\",\"potentialAction\":[{\"@type\":\"ReadAction\",\"target\":[\"https:\\\/\\\/all4camper.com\\\/cs\\\/kdyz-jedete-uplne-poprve-na-dovolenou-s-karavanem\\\/\"]}]},{\"@type\":\"ImageObject\",\"inLanguage\":\"cs\",\"@id\":\"https:\\\/\\\/all4camper.com\\\/cs\\\/kdyz-jedete-uplne-poprve-na-dovolenou-s-karavanem\\\/#primaryimage\",\"url\":\"https:\\\/\\\/all4camper.com\\\/wp-content\\\/uploads\\\/2021\\\/06\\\/U\u0301vodni\u0301.jpg\",\"contentUrl\":\"https:\\\/\\\/all4camper.com\\\/wp-content\\\/uploads\\\/2021\\\/06\\\/U\u0301vodni\u0301.jpg\",\"width\":1200,\"height\":700},{\"@type\":\"BreadcrumbList\",\"@id\":\"https:\\\/\\\/all4camper.com\\\/cs\\\/kdyz-jedete-uplne-poprve-na-dovolenou-s-karavanem\\\/#breadcrumb\",\"itemListElement\":[{\"@type\":\"ListItem\",\"position\":1,\"name\":\"Dom\u016f\",\"item\":\"https:\\\/\\\/all4camper.com\\\/cs\\\/\"},{\"@type\":\"ListItem\",\"position\":2,\"name\":\"Novinky - Kempov\u00e1n\u00ed a karavaning\",\"item\":\"https:\\\/\\\/all4camper.com\\\/cs\\\/category\\\/novinky-kempovani-a-karavaning\\\/\"},{\"@type\":\"ListItem\",\"position\":3,\"name\":\"Kdy\u017e jedete \u00fapln\u011b poprv\u00e9 na dovolenou s karavanem\"}]},{\"@type\":\"WebSite\",\"@id\":\"https:\\\/\\\/all4camper.com\\\/cs\\\/#website\",\"url\":\"https:\\\/\\\/all4camper.com\\\/cs\\\/\",\"name\":\"All4Camper\",\"description\":\"Nejv\u011bt\u0161\u00ed online magaz\u00edn o kempov\u00e1n\u00ed a karavaninku. V\u00edce jak 900 \u010dl\u00e1nk\u016f pln\u00fdch rad a tip\u016f o kempech a kempov\u00e1n\u00ed.\",\"publisher\":{\"@id\":\"https:\\\/\\\/all4camper.com\\\/cs\\\/#organization\"},\"potentialAction\":[{\"@type\":\"SearchAction\",\"target\":{\"@type\":\"EntryPoint\",\"urlTemplate\":\"https:\\\/\\\/all4camper.com\\\/cs\\\/?s={search_term_string}\"},\"query-input\":{\"@type\":\"PropertyValueSpecification\",\"valueRequired\":true,\"valueName\":\"search_term_string\"}}],\"inLanguage\":\"cs\"},{\"@type\":\"Organization\",\"@id\":\"https:\\\/\\\/all4camper.com\\\/cs\\\/#organization\",\"name\":\"All4Camper - kempujeme s Kl\u00e1rou\",\"url\":\"https:\\\/\\\/all4camper.com\\\/cs\\\/\",\"logo\":{\"@type\":\"ImageObject\",\"inLanguage\":\"cs\",\"@id\":\"https:\\\/\\\/all4camper.com\\\/cs\\\/#\\\/schema\\\/logo\\\/image\\\/\",\"url\":\"https:\\\/\\\/all4camper.com\\\/wp-content\\\/uploads\\\/2018\\\/09\\\/novelogo.png\",\"contentUrl\":\"https:\\\/\\\/all4camper.com\\\/wp-content\\\/uploads\\\/2018\\\/09\\\/novelogo.png\",\"width\":1520,\"height\":600,\"caption\":\"All4Camper - kempujeme s Kl\u00e1rou\"},\"image\":{\"@id\":\"https:\\\/\\\/all4camper.com\\\/cs\\\/#\\\/schema\\\/logo\\\/image\\\/\"}},{\"@type\":\"Person\",\"@id\":\"https:\\\/\\\/all4camper.com\\\/cs\\\/#\\\/schema\\\/person\\\/9349489688d4c221ca0fc39ae6bcb70b\",\"name\":\"Kate\u0159ina\",\"url\":\"https:\\\/\\\/all4camper.com\\\/cs\\\/author\\\/kterina\\\/\"}]}<\/script>\n<!-- \/ Yoast SEO plugin. -->","yoast_head_json":{"title":"Kdy\u017e jedete \u00fapln\u011b poprv\u00e9 na dovolenou s karavanem - All4Camper","description":"All4Camper - Novinky - Kempov\u00e1n\u00ed a karavaning - Kdy\u017e jedete \u00fapln\u011b poprv\u00e9 na dovolenou s karavanem","robots":{"index":"index","follow":"follow","max-snippet":"max-snippet:-1","max-image-preview":"max-image-preview:large","max-video-preview":"max-video-preview:-1"},"canonical":"https:\/\/all4camper.com\/cs\/kdyz-jedete-uplne-poprve-na-dovolenou-s-karavanem\/","og_locale":"cs_CZ","og_type":"article","og_title":"Kdy\u017e jedete \u00fapln\u011b poprv\u00e9 na dovolenou s karavanem - All4Camper","og_description":"All4Camper - Novinky - Kempov\u00e1n\u00ed a karavaning - Kdy\u017e jedete \u00fapln\u011b poprv\u00e9 na dovolenou s karavanem","og_url":"https:\/\/all4camper.com\/cs\/kdyz-jedete-uplne-poprve-na-dovolenou-s-karavanem\/","og_site_name":"All4Camper","article_published_time":"2021-06-03T06:10:26+00:00","article_modified_time":"2021-06-03T06:42:05+00:00","og_image":[{"width":1200,"height":700,"url":"https:\/\/all4camper.com\/wp-content\/uploads\/2021\/06\/U\u0301vodni\u0301.jpg","type":"image\/jpeg"}],"author":"Kate\u0159ina","twitter_card":"summary_large_image","twitter_misc":{"Napsal(a)":"Kate\u0159ina","Odhadovan\u00e1 doba \u010dten\u00ed":"4 minuty"},"schema":{"@context":"https:\/\/schema.org","@graph":[{"@type":"Article","@id":"https:\/\/all4camper.com\/cs\/kdyz-jedete-uplne-poprve-na-dovolenou-s-karavanem\/#article","isPartOf":{"@id":"https:\/\/all4camper.com\/cs\/kdyz-jedete-uplne-poprve-na-dovolenou-s-karavanem\/"},"author":{"name":"Kate\u0159ina","@id":"https:\/\/all4camper.com\/cs\/#\/schema\/person\/9349489688d4c221ca0fc39ae6bcb70b"},"headline":"Kdy\u017e jedete \u00fapln\u011b poprv\u00e9 na dovolenou s karavanem","datePublished":"2021-06-03T06:10:26+00:00","dateModified":"2021-06-03T06:42:05+00:00","mainEntityOfPage":{"@id":"https:\/\/all4camper.com\/cs\/kdyz-jedete-uplne-poprve-na-dovolenou-s-karavanem\/"},"wordCount":685,"publisher":{"@id":"https:\/\/all4camper.com\/cs\/#organization"},"image":{"@id":"https:\/\/all4camper.com\/cs\/kdyz-jedete-uplne-poprve-na-dovolenou-s-karavanem\/#primaryimage"},"thumbnailUrl":"https:\/\/all4camper.com\/wp-content\/uploads\/2021\/06\/U\u0301vodni\u0301.jpg","keywords":["Rady-tipy-informace"],"articleSection":["\u010cten\u00ed na cesty","Novinky - Kempov\u00e1n\u00ed a karavaning","Rady, tipy, informace"],"inLanguage":"cs"},{"@type":"WebPage","@id":"https:\/\/all4camper.com\/cs\/kdyz-jedete-uplne-poprve-na-dovolenou-s-karavanem\/","url":"https:\/\/all4camper.com\/cs\/kdyz-jedete-uplne-poprve-na-dovolenou-s-karavanem\/","name":"Kdy\u017e jedete \u00fapln\u011b poprv\u00e9 na dovolenou s karavanem - All4Camper","isPartOf":{"@id":"https:\/\/all4camper.com\/cs\/#website"},"primaryImageOfPage":{"@id":"https:\/\/all4camper.com\/cs\/kdyz-jedete-uplne-poprve-na-dovolenou-s-karavanem\/#primaryimage"},"image":{"@id":"https:\/\/all4camper.com\/cs\/kdyz-jedete-uplne-poprve-na-dovolenou-s-karavanem\/#primaryimage"},"thumbnailUrl":"https:\/\/all4camper.com\/wp-content\/uploads\/2021\/06\/U\u0301vodni\u0301.jpg","datePublished":"2021-06-03T06:10:26+00:00","dateModified":"2021-06-03T06:42:05+00:00","description":"All4Camper - Novinky - Kempov\u00e1n\u00ed a karavaning - Kdy\u017e jedete \u00fapln\u011b poprv\u00e9 na dovolenou s karavanem","breadcrumb":{"@id":"https:\/\/all4camper.com\/cs\/kdyz-jedete-uplne-poprve-na-dovolenou-s-karavanem\/#breadcrumb"},"inLanguage":"cs","potentialAction":[{"@type":"ReadAction","target":["https:\/\/all4camper.com\/cs\/kdyz-jedete-uplne-poprve-na-dovolenou-s-karavanem\/"]}]},{"@type":"ImageObject","inLanguage":"cs","@id":"https:\/\/all4camper.com\/cs\/kdyz-jedete-uplne-poprve-na-dovolenou-s-karavanem\/#primaryimage","url":"https:\/\/all4camper.com\/wp-content\/uploads\/2021\/06\/U\u0301vodni\u0301.jpg","contentUrl":"https:\/\/all4camper.com\/wp-content\/uploads\/2021\/06\/U\u0301vodni\u0301.jpg","width":1200,"height":700},{"@type":"BreadcrumbList","@id":"https:\/\/all4camper.com\/cs\/kdyz-jedete-uplne-poprve-na-dovolenou-s-karavanem\/#breadcrumb","itemListElement":[{"@type":"ListItem","position":1,"name":"Dom\u016f","item":"https:\/\/all4camper.com\/cs\/"},{"@type":"ListItem","position":2,"name":"Novinky - Kempov\u00e1n\u00ed a karavaning","item":"https:\/\/all4camper.com\/cs\/category\/novinky-kempovani-a-karavaning\/"},{"@type":"ListItem","position":3,"name":"Kdy\u017e jedete \u00fapln\u011b poprv\u00e9 na dovolenou s karavanem"}]},{"@type":"WebSite","@id":"https:\/\/all4camper.com\/cs\/#website","url":"https:\/\/all4camper.com\/cs\/","name":"All4Camper","description":"Nejv\u011bt\u0161\u00ed online magaz\u00edn o kempov\u00e1n\u00ed a karavaninku. V\u00edce jak 900 \u010dl\u00e1nk\u016f pln\u00fdch rad a tip\u016f o kempech a kempov\u00e1n\u00ed.","publisher":{"@id":"https:\/\/all4camper.com\/cs\/#organization"},"potentialAction":[{"@type":"SearchAction","target":{"@type":"EntryPoint","urlTemplate":"https:\/\/all4camper.com\/cs\/?s={search_term_string}"},"query-input":{"@type":"PropertyValueSpecification","valueRequired":true,"valueName":"search_term_string"}}],"inLanguage":"cs"},{"@type":"Organization","@id":"https:\/\/all4camper.com\/cs\/#organization","name":"All4Camper - kempujeme s Kl\u00e1rou","url":"https:\/\/all4camper.com\/cs\/","logo":{"@type":"ImageObject","inLanguage":"cs","@id":"https:\/\/all4camper.com\/cs\/#\/schema\/logo\/image\/","url":"https:\/\/all4camper.com\/wp-content\/uploads\/2018\/09\/novelogo.png","contentUrl":"https:\/\/all4camper.com\/wp-content\/uploads\/2018\/09\/novelogo.png","width":1520,"height":600,"caption":"All4Camper - kempujeme s Kl\u00e1rou"},"image":{"@id":"https:\/\/all4camper.com\/cs\/#\/schema\/logo\/image\/"}},{"@type":"Person","@id":"https:\/\/all4camper.com\/cs\/#\/schema\/person\/9349489688d4c221ca0fc39ae6bcb70b","name":"Kate\u0159ina","url":"https:\/\/all4camper.com\/cs\/author\/kterina\/"}]}},"_links":{"self":[{"href":"https:\/\/all4camper.com\/cs\/wp-json\/wp\/v2\/posts\/134040","targetHints":{"allow":["GET"]}}],"collection":[{"href":"https:\/\/all4camper.com\/cs\/wp-json\/wp\/v2\/posts"}],"about":[{"href":"https:\/\/all4camper.com\/cs\/wp-json\/wp\/v2\/types\/post"}],"author":[{"embeddable":true,"href":"https:\/\/all4camper.com\/cs\/wp-json\/wp\/v2\/users\/161"}],"replies":[{"embeddable":true,"href":"https:\/\/all4camper.com\/cs\/wp-json\/wp\/v2\/comments?post=134040"}],"version-history":[{"count":0,"href":"https:\/\/all4camper.com\/cs\/wp-json\/wp\/v2\/posts\/134040\/revisions"}],"wp:featuredmedia":[{"embeddable":true,"href":"https:\/\/all4camper.com\/cs\/wp-json\/wp\/v2\/media\/134056"}],"wp:attachment":[{"href":"https:\/\/all4camper.com\/cs\/wp-json\/wp\/v2\/media?parent=134040"}],"wp:term":[{"taxonomy":"category","embeddable":true,"href":"https:\/\/all4camper.com\/cs\/wp-json\/wp\/v2\/categories?post=134040"},{"taxonomy":"post_tag","embeddable":true,"href":"https:\/\/all4camper.com\/cs\/wp-json\/wp\/v2\/tags?post=134040"}],"curies":[{"name":"wp","href":"https:\/\/api.w.org\/{rel}","templated":true}]}}