{"id":133658,"date":"2021-05-24T08:39:41","date_gmt":"2021-05-24T06:39:41","guid":{"rendered":"https:\/\/all4camper.com\/\/?p=133658"},"modified":"2021-08-03T10:05:52","modified_gmt":"2021-08-03T08:05:52","slug":"kempovani-mimo-kempy-v-krkonosich-kde-jsou-na-karavanisty-pripraveni","status":"publish","type":"post","link":"https:\/\/all4camper.com\/cs\/kempovani-mimo-kempy-v-krkonosich-kde-jsou-na-karavanisty-pripraveni\/","title":{"rendered":"Kempov\u00e1n\u00ed mimo kempy v Krkono\u0161\u00edch zak\u00e1z\u00e1no. P\u0159esto jsou zde m\u00edsta, kde jsou na karavanisty p\u0159ipraveni"},"content":{"rendered":"\n<p>V\u010dera vy\u0161el \u010dl\u00e1nek <a href=\"https:\/\/hradec.rozhlas.cz\/s-karavanem-uz-jen-tak-nekde-dlouhodobe-nezaparkujete-pocitejte-s-tim-pri-vyletu-8496069\" target=\"_blank\" rel=\"noreferrer noopener\">S karavanem u\u017e jen tak n\u011bkde dlouhodob\u011b nezaparkujete. Po\u010d\u00edtejte s&nbsp;t\u00edm p\u0159i v\u00fdletu do Krkono\u0161<\/a> ve kter\u00e9m jeho auto\u0159i p\u00ed\u0161\u00ed o tom, \u017ee n\u011bkter\u00e9 obce tohoto regionu nejsou na karavanisty p\u0159ipraven\u00e9 a proto p\u0159ich\u00e1zej\u00ed se z\u00e1kazem parkov\u00e1n\u00ed karavan\u016f na jejich parkovi\u0161t\u00edch. To samoz\u0159ejm\u011b pro n\u00e1s karavanisty nen\u00ed dobr\u00e1 zpr\u00e1va. Av\u0161ak je t\u0159eba si uv\u011bdomit, \u017ee pokud v dan\u00e9m m\u00edst\u011b jsou parkovi\u0161t\u011b prim\u00e1rn\u011b ur\u010dena pro &#8222;klasick\u00e9&#8220; osobn\u00ed vozy, je t\u0159eba to respektovat.<\/p>\n\n\n\n<figure class=\"wp-block-image size-large\"><img loading=\"lazy\" decoding=\"async\" width=\"1619\" height=\"1080\" src=\"https:\/\/all4camper.com\/\/wp-content\/uploads\/2021\/05\/harrachov-region-krkonos\u030ce-1619x1080.jpeg\" alt=\"\" class=\"wp-image-133659\" srcset=\"https:\/\/all4camper.com\/wp-content\/uploads\/2021\/05\/harrachov-region-krkonos\u030ce-1619x1080.jpeg 1619w, https:\/\/all4camper.com\/wp-content\/uploads\/2021\/05\/harrachov-region-krkonos\u030ce-300x200.jpeg 300w, https:\/\/all4camper.com\/wp-content\/uploads\/2021\/05\/harrachov-region-krkonos\u030ce-150x100.jpeg 150w, https:\/\/all4camper.com\/wp-content\/uploads\/2021\/05\/harrachov-region-krkonos\u030ce-768x512.jpeg 768w, https:\/\/all4camper.com\/wp-content\/uploads\/2021\/05\/harrachov-region-krkonos\u030ce-1536x1025.jpeg 1536w, https:\/\/all4camper.com\/wp-content\/uploads\/2021\/05\/harrachov-region-krkonos\u030ce-696x464.jpeg 696w, https:\/\/all4camper.com\/wp-content\/uploads\/2021\/05\/harrachov-region-krkonos\u030ce-1068x713.jpeg 1068w, https:\/\/all4camper.com\/wp-content\/uploads\/2021\/05\/harrachov-region-krkonos\u030ce-1920x1281.jpeg 1920w, https:\/\/all4camper.com\/wp-content\/uploads\/2021\/05\/harrachov-region-krkonos\u030ce-630x420.jpeg 630w, https:\/\/all4camper.com\/wp-content\/uploads\/2021\/05\/harrachov-region-krkonos\u030ce.jpeg 2046w\" sizes=\"auto, (max-width: 1619px) 100vw, 1619px\" \/><figcaption>Skiare\u00e1l Harrachov, zdroj: <a href=\"https:\/\/www.facebook.com\/SkiarealHarrachov\/\" target=\"_blank\" rel=\"noreferrer noopener\">facebook.com\/SkiarealHarrachov<\/a><\/figcaption><\/figure>\n\n\n\n<h3 class=\"wp-block-heading\">Vyberte si z celkem 12 parkovi\u0161\u0165 na kter\u00fdch m\u016f\u017eete leg\u00e1ln\u011b a bezpe\u010dn\u011b nocovat<\/h3>\n\n\n\n<p>Na druhou stranu to v\u0161ak neznamen\u00e1, \u017ee v tomto regionu budeme muset pouze do kemp\u016f, zejm\u00e9na pokud chceme v dan\u00e9m m\u00edst\u011b tr\u00e1vit jen jednu noc. <strong>D\u00edky ned\u00e1vno proveden\u00e9mu mapov\u00e1n\u00ed m\u00edst &#8222;kde jsou a budou karavanist\u00e9 v\u00edt\u00e1ni&#8220; vznikla p\u0159ehledn\u00e1 tabulka ve kter\u00e9 si my, milovn\u00edci tohoto \u017eivotn\u00edho stylu, m\u016f\u017eeme vybrat z celkem 12 parkovi\u0161\u0165 kde to mo\u017en\u00e9 je.<\/strong> Toto mapov\u00e1n\u00ed provedl <a href=\"https:\/\/svazek.krkonose.eu\/\" target=\"_blank\" rel=\"noreferrer noopener nofollow\">Krkono\u0161e &#8211; svazek m\u011bst a obc\u00ed<\/a> v sou\u010dinnosti s m\u00edstn\u00edmi obcemi, m\u011bsty, Informa\u010dn\u00edmi centry a sv\u00fdmi partnery. (zobrazit <a href=\"https:\/\/www.krkonose.eu\/sites\/default\/files\/docs\/krkonose-stani-pro-karavany-obytne-vozy.pdf\" target=\"_blank\" rel=\"noreferrer noopener nofollow\">p\u0159ehled<\/a> parkovi\u0161\u0165). Z\u00e1rove\u0148 na sv\u00fdch str\u00e1nk\u00e1ch velice p\u0159ehledn\u011b rozepsal i mo\u017enost kempov\u00e1n\u00ed v kempech a navrch p\u0159idal i tipy na v\u00fdlety (<a href=\"https:\/\/www.krkonose.eu\/karavany-kempy\" target=\"_blank\" rel=\"noreferrer noopener nofollow\">tady<\/a>). Za tento po\u010din jim pat\u0159\u00ed velk\u00e9 d\u00edky, proto\u017ee t\u00edm uk\u00e1zali, \u017ee karavanist\u00e9 jsou v Krkono\u0161\u00edch v\u00edt\u00e1ni.<\/p>\n\n\n\n<figure class=\"wp-block-image size-large\"><img loading=\"lazy\" decoding=\"async\" width=\"1280\" height=\"720\" src=\"https:\/\/all4camper.com\/\/wp-content\/uploads\/2021\/05\/krkonose-giant-mountains-3469542_1280.jpg\" alt=\"\" class=\"wp-image-133667\" srcset=\"https:\/\/all4camper.com\/wp-content\/uploads\/2021\/05\/krkonose-giant-mountains-3469542_1280.jpg 1280w, https:\/\/all4camper.com\/wp-content\/uploads\/2021\/05\/krkonose-giant-mountains-3469542_1280-300x169.jpg 300w, https:\/\/all4camper.com\/wp-content\/uploads\/2021\/05\/krkonose-giant-mountains-3469542_1280-150x84.jpg 150w, https:\/\/all4camper.com\/wp-content\/uploads\/2021\/05\/krkonose-giant-mountains-3469542_1280-768x432.jpg 768w, https:\/\/all4camper.com\/wp-content\/uploads\/2021\/05\/krkonose-giant-mountains-3469542_1280-696x392.jpg 696w, https:\/\/all4camper.com\/wp-content\/uploads\/2021\/05\/krkonose-giant-mountains-3469542_1280-1068x601.jpg 1068w, https:\/\/all4camper.com\/wp-content\/uploads\/2021\/05\/krkonose-giant-mountains-3469542_1280-747x420.jpg 747w\" sizes=\"auto, (max-width: 1280px) 100vw, 1280px\" \/><\/figure>\n\n\n\n<p>Z\u00e1v\u011brem. &#8222;Na divoko&#8220; do Krkono\u0161 nejezd\u011bte! Free camping ani t\u00e1bo\u0159en\u00ed nen\u00ed vzhledem k ochran\u011b p\u0159\u00edrody <strong>mimo povolen\u00e9 plochy <\/strong>povoleno. V\u00edt\u00e1ni jsou u n\u00e1s v\u0161ak v\u0161ichni, kte\u0159\u00ed cht\u011bj\u00ed str\u00e1vit svou dovolenou v souladu s t\u011bmito pravidly a krkono\u0161skou p\u0159\u00edrodu si vychutnat bez obav, \u017ee j\u00ed sv\u00fdm chov\u00e1n\u00edm ubl\u00ed\u017e\u00ed.&nbsp;<\/p>\n\n\n\n<h3 class=\"wp-block-heading\"><strong>O co pros\u00ed Krakono\u0161<\/strong><\/h3>\n\n\n\n<ul class=\"wp-block-list\"><li>Chovejte se k&nbsp;na\u0161im hor\u00e1m s&nbsp;\u00factou a m\u011bjte na pam\u011bti, \u017ee se pohybujete na m\u00edstech, kter\u00e1 si zaslou\u017e\u00ed&nbsp;ohledupln\u00e9 chov\u00e1n\u00ed a respekt.<\/li><li>H\u0159ebenov\u00e9 partie jsou sou\u010d\u00e1st\u00ed klidov\u00e9ho \u00fazem\u00ed KRNAP, kde nen\u00ed mo\u017en\u00e9 chodit voln\u00fdm ter\u00e9nem mimo zna\u010den\u00e9 cesty a nen\u00ed zde povolen free camping. A stejn\u011b tak i t\u00e1bo\u0159en\u00ed. Snadno byste se mohli dostat do konfliktu se z\u00e1konem. Parkujte na leg\u00e1ln\u00edch m\u00edstech, vyhn\u011bte se soukrom\u00fdm cest\u00e1m a pozemk\u016fm a v\u017edy myslete na sv\u00e9 okol\u00ed. Nevypou\u0161t\u011bjte zbyte\u010dn\u011b odpadn\u00ed vodu z barelu, kdy\u017e m\u00e1te mo\u017enost popov\u00e9zt ji trochu d\u00e1l na m\u00edsta tomu ur\u010den\u00e1 a co si p\u0159ivezete, to si i odvezte \u2013 odpadky vyho\u010fte na m\u00edstech k tomu ur\u010den\u00fdm.<\/li><li>Nenechte na \u00fazem\u00ed Krkono\u0161sk\u00e9ho n\u00e1rodn\u00edho parku voln\u011b pob\u00edhat svoje psy. Pokud v\u00e1s pes poslouch\u00e1 na slovo, nemus\u00ed b\u00fdt celou dobu na vod\u00edtku, m\u011bjte jej ale v&nbsp;dosahu a pod kontrolou. P\u0159edev\u0161\u00edm v bl\u00edzkosti ohrad s pasouc\u00edmi se hospod\u00e1\u0159sk\u00fdmi zv\u00ed\u0159aty si jej ale na vod\u00edtko vezm\u011bte. Na polsk\u00e9 stran\u011b hor, kde plat\u00ed p\u0159\u00edsn\u011bj\u0161\u00ed pravidla, mus\u00ed b\u00fdt pes na vod\u00edtku neust\u00e1le.<\/li><\/ul>\n\n\n\n<p>Vytvo\u0159eno ve spolupr\u00e1ci s <strong><a href=\"https:\/\/www.krkonose.eu\/s-karavanem-nebo-obytnakem-do-krkonos\" target=\"_blank\" rel=\"noreferrer noopener nofollow\">Krkono\u0161e &#8211; svazek m\u011bst a obc\u00ed, destina\u010dn\u00ed spole\u010dnost pro turistickou oblast Krkono\u0161e<\/a><\/strong>. Nezapome\u0148te se tak\u00e9 pod\u00edvat na <a href=\"https:\/\/neznamekrkonose.cz\/castedotazy\/\" target=\"_blank\" rel=\"noreferrer noopener nofollow\">tento odkaz<\/a>, kde najdete mnoho dal\u0161\u00edch u\u017eite\u010dn\u00fdch informac\u00ed o pobytu v tomto malebn\u00e9m regionu.<\/p>\n","protected":false},"excerpt":{"rendered":"<p>V\u010dera vy\u0161el \u010dl\u00e1nek S karavanem u\u017e jen tak n\u011bkde dlouhodob\u011b nezaparkujete. Po\u010d\u00edtejte s&nbsp;t\u00edm p\u0159i v\u00fdletu do Krkono\u0161 ve kter\u00e9m jeho auto\u0159i p\u00ed\u0161\u00ed o tom, \u017ee n\u011bkter\u00e9 obce tohoto regionu nejsou na karavanisty p\u0159ipraven\u00e9 a proto p\u0159ich\u00e1zej\u00ed se z\u00e1kazem parkov\u00e1n\u00ed karavan\u016f na jejich parkovi\u0161t\u00edch. To samoz\u0159ejm\u011b pro n\u00e1s karavanisty nen\u00ed dobr\u00e1 zpr\u00e1va. Av\u0161ak je t\u0159eba si [&hellip;]<\/p>\n","protected":false},"author":4,"featured_media":133671,"comment_status":"closed","ping_status":"open","sticky":false,"template":"","format":"standard","meta":{"_monsterinsights_skip_tracking":false,"_monsterinsights_sitenote_active":false,"_monsterinsights_sitenote_note":"","_monsterinsights_sitenote_category":0,"footnotes":""},"categories":[364,422,11224],"tags":[100,437],"class_list":{"0":"post-133658","1":"post","2":"type-post","3":"status-publish","4":"format-standard","5":"has-post-thumbnail","7":"category-cestujeme-a-kempujeme-v-cr","8":"category-novinky-kempovani-a-karavaning","9":"category-stellplatzy","10":"tag-cechy","11":"tag-karavanova-stani"},"yoast_head":"<!-- This site is optimized with the Yoast SEO plugin v27.5 - https:\/\/yoast.com\/product\/yoast-seo-wordpress\/ -->\n<title>Kempov\u00e1n\u00ed mimo kempy v Krkono\u0161\u00edch zak\u00e1z\u00e1no. P\u0159esto jsou zde m\u00edsta, kde jsou na karavanisty p\u0159ipraveni - All4Camper<\/title>\n<meta name=\"description\" content=\"V\u010dera vy\u0161el \u010dl\u00e1nek S karavanem u\u017e jen tak n\u011bkde dlouhodob\u011b nezaparkujete. Po\u010d\u00edtejte s t\u00edm p\u0159i v\u00fdletu do Krkono\u0161 ve kter\u00e9m jeho auto\u0159i p\u00ed\u0161\u00ed o tom, \u017ee n\u011bkter\u00e9 obce tohoto regionu nejsou na karavanisty p\u0159ipraven\u00e9 a proto p\u0159ich\u00e1zej\u00ed se z\u00e1kazem parkov\u00e1n\u00ed karavan\u016f na jejich parkovi\u0161t\u00edch. To samoz\u0159ejm\u011b pro n\u00e1s karavanisty nen\u00ed dobr\u00e1 zpr\u00e1va.\" \/>\n<meta name=\"robots\" content=\"index, follow, max-snippet:-1, max-image-preview:large, max-video-preview:-1\" \/>\n<link rel=\"canonical\" href=\"https:\/\/all4camper.com\/cs\/kempovani-mimo-kempy-v-krkonosich-kde-jsou-na-karavanisty-pripraveni\/\" \/>\n<meta property=\"og:locale\" content=\"cs_CZ\" \/>\n<meta property=\"og:type\" content=\"article\" \/>\n<meta property=\"og:title\" content=\"Kempov\u00e1n\u00ed mimo kempy v Krkono\u0161\u00edch zak\u00e1z\u00e1no. P\u0159esto jsou zde m\u00edsta, kde jsou na karavanisty p\u0159ipraveni - All4Camper\" \/>\n<meta property=\"og:description\" content=\"V\u010dera vy\u0161el \u010dl\u00e1nek S karavanem u\u017e jen tak n\u011bkde dlouhodob\u011b nezaparkujete. Po\u010d\u00edtejte s t\u00edm p\u0159i v\u00fdletu do Krkono\u0161 ve kter\u00e9m jeho auto\u0159i p\u00ed\u0161\u00ed o tom, \u017ee n\u011bkter\u00e9 obce tohoto regionu nejsou na karavanisty p\u0159ipraven\u00e9 a proto p\u0159ich\u00e1zej\u00ed se z\u00e1kazem parkov\u00e1n\u00ed karavan\u016f na jejich parkovi\u0161t\u00edch. To samoz\u0159ejm\u011b pro n\u00e1s karavanisty nen\u00ed dobr\u00e1 zpr\u00e1va.\" \/>\n<meta property=\"og:url\" content=\"https:\/\/all4camper.com\/cs\/kempovani-mimo-kempy-v-krkonosich-kde-jsou-na-karavanisty-pripraveni\/\" \/>\n<meta property=\"og:site_name\" content=\"All4Camper\" \/>\n<meta property=\"article:published_time\" content=\"2021-05-24T06:39:41+00:00\" \/>\n<meta property=\"article:modified_time\" content=\"2021-08-03T08:05:52+00:00\" \/>\n<meta property=\"og:image\" content=\"https:\/\/all4camper.com\/wp-content\/uploads\/2021\/05\/DSC01202.jpg\" \/>\n\t<meta property=\"og:image:width\" content=\"1920\" \/>\n\t<meta property=\"og:image:height\" content=\"1080\" \/>\n\t<meta property=\"og:image:type\" content=\"image\/jpeg\" \/>\n<meta name=\"author\" content=\"Kl\u00e1ra H\u00e1jkov\u00e1\" \/>\n<meta name=\"twitter:card\" content=\"summary_large_image\" \/>\n<meta name=\"twitter:label1\" content=\"Napsal(a)\" \/>\n\t<meta name=\"twitter:data1\" content=\"Kl\u00e1ra H\u00e1jkov\u00e1\" \/>\n\t<meta name=\"twitter:label2\" content=\"Odhadovan\u00e1 doba \u010dten\u00ed\" \/>\n\t<meta name=\"twitter:data2\" content=\"3 minuty\" \/>\n<script type=\"application\/ld+json\" class=\"yoast-schema-graph\">{\"@context\":\"https:\\\/\\\/schema.org\",\"@graph\":[{\"@type\":\"Article\",\"@id\":\"https:\\\/\\\/all4camper.com\\\/cs\\\/kempovani-mimo-kempy-v-krkonosich-kde-jsou-na-karavanisty-pripraveni\\\/#article\",\"isPartOf\":{\"@id\":\"https:\\\/\\\/all4camper.com\\\/cs\\\/kempovani-mimo-kempy-v-krkonosich-kde-jsou-na-karavanisty-pripraveni\\\/\"},\"author\":{\"name\":\"Kl\u00e1ra H\u00e1jkov\u00e1\",\"@id\":\"https:\\\/\\\/all4camper.com\\\/cs\\\/#\\\/schema\\\/person\\\/c6f1efdf1d02bc7d8c53a891cbe18c62\"},\"headline\":\"Kempov\u00e1n\u00ed mimo kempy v Krkono\u0161\u00edch zak\u00e1z\u00e1no. P\u0159esto jsou zde m\u00edsta, kde jsou na karavanisty p\u0159ipraveni\",\"datePublished\":\"2021-05-24T06:39:41+00:00\",\"dateModified\":\"2021-08-03T08:05:52+00:00\",\"mainEntityOfPage\":{\"@id\":\"https:\\\/\\\/all4camper.com\\\/cs\\\/kempovani-mimo-kempy-v-krkonosich-kde-jsou-na-karavanisty-pripraveni\\\/\"},\"wordCount\":661,\"publisher\":{\"@id\":\"https:\\\/\\\/all4camper.com\\\/cs\\\/#organization\"},\"image\":{\"@id\":\"https:\\\/\\\/all4camper.com\\\/cs\\\/kempovani-mimo-kempy-v-krkonosich-kde-jsou-na-karavanisty-pripraveni\\\/#primaryimage\"},\"thumbnailUrl\":\"https:\\\/\\\/all4camper.com\\\/wp-content\\\/uploads\\\/2021\\\/05\\\/DSC01202.jpg\",\"keywords\":[\"\u010cechy\",\"karavanov\u00e1 st\u00e1n\u00ed\"],\"articleSection\":[\"Cestujeme a kempujeme v \u010cR\",\"Novinky - Kempov\u00e1n\u00ed a karavaning\",\"Stellplatzy\"],\"inLanguage\":\"cs\"},{\"@type\":\"WebPage\",\"@id\":\"https:\\\/\\\/all4camper.com\\\/cs\\\/kempovani-mimo-kempy-v-krkonosich-kde-jsou-na-karavanisty-pripraveni\\\/\",\"url\":\"https:\\\/\\\/all4camper.com\\\/cs\\\/kempovani-mimo-kempy-v-krkonosich-kde-jsou-na-karavanisty-pripraveni\\\/\",\"name\":\"Kempov\u00e1n\u00ed mimo kempy v Krkono\u0161\u00edch zak\u00e1z\u00e1no. P\u0159esto jsou zde m\u00edsta, kde jsou na karavanisty p\u0159ipraveni - All4Camper\",\"isPartOf\":{\"@id\":\"https:\\\/\\\/all4camper.com\\\/cs\\\/#website\"},\"primaryImageOfPage\":{\"@id\":\"https:\\\/\\\/all4camper.com\\\/cs\\\/kempovani-mimo-kempy-v-krkonosich-kde-jsou-na-karavanisty-pripraveni\\\/#primaryimage\"},\"image\":{\"@id\":\"https:\\\/\\\/all4camper.com\\\/cs\\\/kempovani-mimo-kempy-v-krkonosich-kde-jsou-na-karavanisty-pripraveni\\\/#primaryimage\"},\"thumbnailUrl\":\"https:\\\/\\\/all4camper.com\\\/wp-content\\\/uploads\\\/2021\\\/05\\\/DSC01202.jpg\",\"datePublished\":\"2021-05-24T06:39:41+00:00\",\"dateModified\":\"2021-08-03T08:05:52+00:00\",\"description\":\"V\u010dera vy\u0161el \u010dl\u00e1nek S karavanem u\u017e jen tak n\u011bkde dlouhodob\u011b nezaparkujete. Po\u010d\u00edtejte s t\u00edm p\u0159i v\u00fdletu do Krkono\u0161 ve kter\u00e9m jeho auto\u0159i p\u00ed\u0161\u00ed o tom, \u017ee n\u011bkter\u00e9 obce tohoto regionu nejsou na karavanisty p\u0159ipraven\u00e9 a proto p\u0159ich\u00e1zej\u00ed se z\u00e1kazem parkov\u00e1n\u00ed karavan\u016f na jejich parkovi\u0161t\u00edch. To samoz\u0159ejm\u011b pro n\u00e1s karavanisty nen\u00ed dobr\u00e1 zpr\u00e1va.\",\"breadcrumb\":{\"@id\":\"https:\\\/\\\/all4camper.com\\\/cs\\\/kempovani-mimo-kempy-v-krkonosich-kde-jsou-na-karavanisty-pripraveni\\\/#breadcrumb\"},\"inLanguage\":\"cs\",\"potentialAction\":[{\"@type\":\"ReadAction\",\"target\":[\"https:\\\/\\\/all4camper.com\\\/cs\\\/kempovani-mimo-kempy-v-krkonosich-kde-jsou-na-karavanisty-pripraveni\\\/\"]}]},{\"@type\":\"ImageObject\",\"inLanguage\":\"cs\",\"@id\":\"https:\\\/\\\/all4camper.com\\\/cs\\\/kempovani-mimo-kempy-v-krkonosich-kde-jsou-na-karavanisty-pripraveni\\\/#primaryimage\",\"url\":\"https:\\\/\\\/all4camper.com\\\/wp-content\\\/uploads\\\/2021\\\/05\\\/DSC01202.jpg\",\"contentUrl\":\"https:\\\/\\\/all4camper.com\\\/wp-content\\\/uploads\\\/2021\\\/05\\\/DSC01202.jpg\",\"width\":1920,\"height\":1080},{\"@type\":\"BreadcrumbList\",\"@id\":\"https:\\\/\\\/all4camper.com\\\/cs\\\/kempovani-mimo-kempy-v-krkonosich-kde-jsou-na-karavanisty-pripraveni\\\/#breadcrumb\",\"itemListElement\":[{\"@type\":\"ListItem\",\"position\":1,\"name\":\"Dom\u016f\",\"item\":\"https:\\\/\\\/all4camper.com\\\/cs\\\/\"},{\"@type\":\"ListItem\",\"position\":2,\"name\":\"Novinky - Kempov\u00e1n\u00ed a karavaning\",\"item\":\"https:\\\/\\\/all4camper.com\\\/cs\\\/category\\\/novinky-kempovani-a-karavaning\\\/\"},{\"@type\":\"ListItem\",\"position\":3,\"name\":\"Kempov\u00e1n\u00ed mimo kempy v Krkono\u0161\u00edch zak\u00e1z\u00e1no. P\u0159esto jsou zde m\u00edsta, kde jsou na karavanisty p\u0159ipraveni\"}]},{\"@type\":\"WebSite\",\"@id\":\"https:\\\/\\\/all4camper.com\\\/cs\\\/#website\",\"url\":\"https:\\\/\\\/all4camper.com\\\/cs\\\/\",\"name\":\"All4Camper\",\"description\":\"Nejv\u011bt\u0161\u00ed online magaz\u00edn o kempov\u00e1n\u00ed a karavaninku. V\u00edce jak 900 \u010dl\u00e1nk\u016f pln\u00fdch rad a tip\u016f o kempech a kempov\u00e1n\u00ed.\",\"publisher\":{\"@id\":\"https:\\\/\\\/all4camper.com\\\/cs\\\/#organization\"},\"potentialAction\":[{\"@type\":\"SearchAction\",\"target\":{\"@type\":\"EntryPoint\",\"urlTemplate\":\"https:\\\/\\\/all4camper.com\\\/cs\\\/?s={search_term_string}\"},\"query-input\":{\"@type\":\"PropertyValueSpecification\",\"valueRequired\":true,\"valueName\":\"search_term_string\"}}],\"inLanguage\":\"cs\"},{\"@type\":\"Organization\",\"@id\":\"https:\\\/\\\/all4camper.com\\\/cs\\\/#organization\",\"name\":\"All4Camper - kempujeme s Kl\u00e1rou\",\"url\":\"https:\\\/\\\/all4camper.com\\\/cs\\\/\",\"logo\":{\"@type\":\"ImageObject\",\"inLanguage\":\"cs\",\"@id\":\"https:\\\/\\\/all4camper.com\\\/cs\\\/#\\\/schema\\\/logo\\\/image\\\/\",\"url\":\"https:\\\/\\\/all4camper.com\\\/wp-content\\\/uploads\\\/2018\\\/09\\\/novelogo.png\",\"contentUrl\":\"https:\\\/\\\/all4camper.com\\\/wp-content\\\/uploads\\\/2018\\\/09\\\/novelogo.png\",\"width\":1520,\"height\":600,\"caption\":\"All4Camper - kempujeme s Kl\u00e1rou\"},\"image\":{\"@id\":\"https:\\\/\\\/all4camper.com\\\/cs\\\/#\\\/schema\\\/logo\\\/image\\\/\"}},{\"@type\":\"Person\",\"@id\":\"https:\\\/\\\/all4camper.com\\\/cs\\\/#\\\/schema\\\/person\\\/c6f1efdf1d02bc7d8c53a891cbe18c62\",\"name\":\"Kl\u00e1ra H\u00e1jkov\u00e1\",\"sameAs\":[\"http:\\\/\\\/www.all4camper.com\"],\"url\":\"https:\\\/\\\/all4camper.com\\\/cs\\\/author\\\/klarinkacestuje1\\\/\"}]}<\/script>\n<!-- \/ Yoast SEO plugin. -->","yoast_head_json":{"title":"Kempov\u00e1n\u00ed mimo kempy v Krkono\u0161\u00edch zak\u00e1z\u00e1no. P\u0159esto jsou zde m\u00edsta, kde jsou na karavanisty p\u0159ipraveni - All4Camper","description":"V\u010dera vy\u0161el \u010dl\u00e1nek S karavanem u\u017e jen tak n\u011bkde dlouhodob\u011b nezaparkujete. Po\u010d\u00edtejte s t\u00edm p\u0159i v\u00fdletu do Krkono\u0161 ve kter\u00e9m jeho auto\u0159i p\u00ed\u0161\u00ed o tom, \u017ee n\u011bkter\u00e9 obce tohoto regionu nejsou na karavanisty p\u0159ipraven\u00e9 a proto p\u0159ich\u00e1zej\u00ed se z\u00e1kazem parkov\u00e1n\u00ed karavan\u016f na jejich parkovi\u0161t\u00edch. To samoz\u0159ejm\u011b pro n\u00e1s karavanisty nen\u00ed dobr\u00e1 zpr\u00e1va.","robots":{"index":"index","follow":"follow","max-snippet":"max-snippet:-1","max-image-preview":"max-image-preview:large","max-video-preview":"max-video-preview:-1"},"canonical":"https:\/\/all4camper.com\/cs\/kempovani-mimo-kempy-v-krkonosich-kde-jsou-na-karavanisty-pripraveni\/","og_locale":"cs_CZ","og_type":"article","og_title":"Kempov\u00e1n\u00ed mimo kempy v Krkono\u0161\u00edch zak\u00e1z\u00e1no. P\u0159esto jsou zde m\u00edsta, kde jsou na karavanisty p\u0159ipraveni - All4Camper","og_description":"V\u010dera vy\u0161el \u010dl\u00e1nek S karavanem u\u017e jen tak n\u011bkde dlouhodob\u011b nezaparkujete. Po\u010d\u00edtejte s t\u00edm p\u0159i v\u00fdletu do Krkono\u0161 ve kter\u00e9m jeho auto\u0159i p\u00ed\u0161\u00ed o tom, \u017ee n\u011bkter\u00e9 obce tohoto regionu nejsou na karavanisty p\u0159ipraven\u00e9 a proto p\u0159ich\u00e1zej\u00ed se z\u00e1kazem parkov\u00e1n\u00ed karavan\u016f na jejich parkovi\u0161t\u00edch. To samoz\u0159ejm\u011b pro n\u00e1s karavanisty nen\u00ed dobr\u00e1 zpr\u00e1va.","og_url":"https:\/\/all4camper.com\/cs\/kempovani-mimo-kempy-v-krkonosich-kde-jsou-na-karavanisty-pripraveni\/","og_site_name":"All4Camper","article_published_time":"2021-05-24T06:39:41+00:00","article_modified_time":"2021-08-03T08:05:52+00:00","og_image":[{"width":1920,"height":1080,"url":"https:\/\/all4camper.com\/wp-content\/uploads\/2021\/05\/DSC01202.jpg","type":"image\/jpeg"}],"author":"Kl\u00e1ra H\u00e1jkov\u00e1","twitter_card":"summary_large_image","twitter_misc":{"Napsal(a)":"Kl\u00e1ra H\u00e1jkov\u00e1","Odhadovan\u00e1 doba \u010dten\u00ed":"3 minuty"},"schema":{"@context":"https:\/\/schema.org","@graph":[{"@type":"Article","@id":"https:\/\/all4camper.com\/cs\/kempovani-mimo-kempy-v-krkonosich-kde-jsou-na-karavanisty-pripraveni\/#article","isPartOf":{"@id":"https:\/\/all4camper.com\/cs\/kempovani-mimo-kempy-v-krkonosich-kde-jsou-na-karavanisty-pripraveni\/"},"author":{"name":"Kl\u00e1ra H\u00e1jkov\u00e1","@id":"https:\/\/all4camper.com\/cs\/#\/schema\/person\/c6f1efdf1d02bc7d8c53a891cbe18c62"},"headline":"Kempov\u00e1n\u00ed mimo kempy v Krkono\u0161\u00edch zak\u00e1z\u00e1no. P\u0159esto jsou zde m\u00edsta, kde jsou na karavanisty p\u0159ipraveni","datePublished":"2021-05-24T06:39:41+00:00","dateModified":"2021-08-03T08:05:52+00:00","mainEntityOfPage":{"@id":"https:\/\/all4camper.com\/cs\/kempovani-mimo-kempy-v-krkonosich-kde-jsou-na-karavanisty-pripraveni\/"},"wordCount":661,"publisher":{"@id":"https:\/\/all4camper.com\/cs\/#organization"},"image":{"@id":"https:\/\/all4camper.com\/cs\/kempovani-mimo-kempy-v-krkonosich-kde-jsou-na-karavanisty-pripraveni\/#primaryimage"},"thumbnailUrl":"https:\/\/all4camper.com\/wp-content\/uploads\/2021\/05\/DSC01202.jpg","keywords":["\u010cechy","karavanov\u00e1 st\u00e1n\u00ed"],"articleSection":["Cestujeme a kempujeme v \u010cR","Novinky - Kempov\u00e1n\u00ed a karavaning","Stellplatzy"],"inLanguage":"cs"},{"@type":"WebPage","@id":"https:\/\/all4camper.com\/cs\/kempovani-mimo-kempy-v-krkonosich-kde-jsou-na-karavanisty-pripraveni\/","url":"https:\/\/all4camper.com\/cs\/kempovani-mimo-kempy-v-krkonosich-kde-jsou-na-karavanisty-pripraveni\/","name":"Kempov\u00e1n\u00ed mimo kempy v Krkono\u0161\u00edch zak\u00e1z\u00e1no. P\u0159esto jsou zde m\u00edsta, kde jsou na karavanisty p\u0159ipraveni - All4Camper","isPartOf":{"@id":"https:\/\/all4camper.com\/cs\/#website"},"primaryImageOfPage":{"@id":"https:\/\/all4camper.com\/cs\/kempovani-mimo-kempy-v-krkonosich-kde-jsou-na-karavanisty-pripraveni\/#primaryimage"},"image":{"@id":"https:\/\/all4camper.com\/cs\/kempovani-mimo-kempy-v-krkonosich-kde-jsou-na-karavanisty-pripraveni\/#primaryimage"},"thumbnailUrl":"https:\/\/all4camper.com\/wp-content\/uploads\/2021\/05\/DSC01202.jpg","datePublished":"2021-05-24T06:39:41+00:00","dateModified":"2021-08-03T08:05:52+00:00","description":"V\u010dera vy\u0161el \u010dl\u00e1nek S karavanem u\u017e jen tak n\u011bkde dlouhodob\u011b nezaparkujete. Po\u010d\u00edtejte s t\u00edm p\u0159i v\u00fdletu do Krkono\u0161 ve kter\u00e9m jeho auto\u0159i p\u00ed\u0161\u00ed o tom, \u017ee n\u011bkter\u00e9 obce tohoto regionu nejsou na karavanisty p\u0159ipraven\u00e9 a proto p\u0159ich\u00e1zej\u00ed se z\u00e1kazem parkov\u00e1n\u00ed karavan\u016f na jejich parkovi\u0161t\u00edch. To samoz\u0159ejm\u011b pro n\u00e1s karavanisty nen\u00ed dobr\u00e1 zpr\u00e1va.","breadcrumb":{"@id":"https:\/\/all4camper.com\/cs\/kempovani-mimo-kempy-v-krkonosich-kde-jsou-na-karavanisty-pripraveni\/#breadcrumb"},"inLanguage":"cs","potentialAction":[{"@type":"ReadAction","target":["https:\/\/all4camper.com\/cs\/kempovani-mimo-kempy-v-krkonosich-kde-jsou-na-karavanisty-pripraveni\/"]}]},{"@type":"ImageObject","inLanguage":"cs","@id":"https:\/\/all4camper.com\/cs\/kempovani-mimo-kempy-v-krkonosich-kde-jsou-na-karavanisty-pripraveni\/#primaryimage","url":"https:\/\/all4camper.com\/wp-content\/uploads\/2021\/05\/DSC01202.jpg","contentUrl":"https:\/\/all4camper.com\/wp-content\/uploads\/2021\/05\/DSC01202.jpg","width":1920,"height":1080},{"@type":"BreadcrumbList","@id":"https:\/\/all4camper.com\/cs\/kempovani-mimo-kempy-v-krkonosich-kde-jsou-na-karavanisty-pripraveni\/#breadcrumb","itemListElement":[{"@type":"ListItem","position":1,"name":"Dom\u016f","item":"https:\/\/all4camper.com\/cs\/"},{"@type":"ListItem","position":2,"name":"Novinky - Kempov\u00e1n\u00ed a karavaning","item":"https:\/\/all4camper.com\/cs\/category\/novinky-kempovani-a-karavaning\/"},{"@type":"ListItem","position":3,"name":"Kempov\u00e1n\u00ed mimo kempy v Krkono\u0161\u00edch zak\u00e1z\u00e1no. P\u0159esto jsou zde m\u00edsta, kde jsou na karavanisty p\u0159ipraveni"}]},{"@type":"WebSite","@id":"https:\/\/all4camper.com\/cs\/#website","url":"https:\/\/all4camper.com\/cs\/","name":"All4Camper","description":"Nejv\u011bt\u0161\u00ed online magaz\u00edn o kempov\u00e1n\u00ed a karavaninku. V\u00edce jak 900 \u010dl\u00e1nk\u016f pln\u00fdch rad a tip\u016f o kempech a kempov\u00e1n\u00ed.","publisher":{"@id":"https:\/\/all4camper.com\/cs\/#organization"},"potentialAction":[{"@type":"SearchAction","target":{"@type":"EntryPoint","urlTemplate":"https:\/\/all4camper.com\/cs\/?s={search_term_string}"},"query-input":{"@type":"PropertyValueSpecification","valueRequired":true,"valueName":"search_term_string"}}],"inLanguage":"cs"},{"@type":"Organization","@id":"https:\/\/all4camper.com\/cs\/#organization","name":"All4Camper - kempujeme s Kl\u00e1rou","url":"https:\/\/all4camper.com\/cs\/","logo":{"@type":"ImageObject","inLanguage":"cs","@id":"https:\/\/all4camper.com\/cs\/#\/schema\/logo\/image\/","url":"https:\/\/all4camper.com\/wp-content\/uploads\/2018\/09\/novelogo.png","contentUrl":"https:\/\/all4camper.com\/wp-content\/uploads\/2018\/09\/novelogo.png","width":1520,"height":600,"caption":"All4Camper - kempujeme s Kl\u00e1rou"},"image":{"@id":"https:\/\/all4camper.com\/cs\/#\/schema\/logo\/image\/"}},{"@type":"Person","@id":"https:\/\/all4camper.com\/cs\/#\/schema\/person\/c6f1efdf1d02bc7d8c53a891cbe18c62","name":"Kl\u00e1ra H\u00e1jkov\u00e1","sameAs":["http:\/\/www.all4camper.com"],"url":"https:\/\/all4camper.com\/cs\/author\/klarinkacestuje1\/"}]}},"_links":{"self":[{"href":"https:\/\/all4camper.com\/cs\/wp-json\/wp\/v2\/posts\/133658","targetHints":{"allow":["GET"]}}],"collection":[{"href":"https:\/\/all4camper.com\/cs\/wp-json\/wp\/v2\/posts"}],"about":[{"href":"https:\/\/all4camper.com\/cs\/wp-json\/wp\/v2\/types\/post"}],"author":[{"embeddable":true,"href":"https:\/\/all4camper.com\/cs\/wp-json\/wp\/v2\/users\/4"}],"replies":[{"embeddable":true,"href":"https:\/\/all4camper.com\/cs\/wp-json\/wp\/v2\/comments?post=133658"}],"version-history":[{"count":0,"href":"https:\/\/all4camper.com\/cs\/wp-json\/wp\/v2\/posts\/133658\/revisions"}],"wp:featuredmedia":[{"embeddable":true,"href":"https:\/\/all4camper.com\/cs\/wp-json\/wp\/v2\/media\/133671"}],"wp:attachment":[{"href":"https:\/\/all4camper.com\/cs\/wp-json\/wp\/v2\/media?parent=133658"}],"wp:term":[{"taxonomy":"category","embeddable":true,"href":"https:\/\/all4camper.com\/cs\/wp-json\/wp\/v2\/categories?post=133658"},{"taxonomy":"post_tag","embeddable":true,"href":"https:\/\/all4camper.com\/cs\/wp-json\/wp\/v2\/tags?post=133658"}],"curies":[{"name":"wp","href":"https:\/\/api.w.org\/{rel}","templated":true}]}}