{"id":13212,"date":"2018-02-17T17:16:47","date_gmt":"2018-02-17T16:16:47","guid":{"rendered":"http:\/\/all4camper.com\/cz\/?p=13212"},"modified":"2021-08-04T10:41:17","modified_gmt":"2021-08-04T08:41:17","slug":"vylet-za-severni-polarni-kruh-a-zpet-ii-cast","status":"publish","type":"post","link":"https:\/\/all4camper.com\/cs\/vylet-za-severni-polarni-kruh-a-zpet-ii-cast\/","title":{"rendered":"V\u00fdlet za Severn\u00ed pol\u00e1rn\u00ed kruh a zp\u011bt II. \u010d\u00e1st"},"content":{"rendered":"<p>&#8222;Caravaning&#8220; se d\u00e1 provozovat v\u0161elijak. Nen\u00ed tedy nutn\u00e9 m\u00edt k tomu p\u0159\u00edmo karavan, sta\u010d\u00ed vz\u00edt s\u016fj automobil, upravit jej na span\u00ed, nezapomenout na sv\u00e9 nad\u0161en\u00ed a vyrazit! A pr\u00e1v\u011b o tom je tento cestopis. P\u0159eji kr\u00e1sn\u00e9 \u010dten\u00ed.<!--more--><\/p>\n<p><strong>Pokra\u010dov\u00e1n\u00ed prvn\u00edho d\u00edlu cestopisu\u00a0V\u00fdlet za Severn\u00ed pol\u00e1rn\u00ed kruh a zp\u011bt.\u00a0<\/strong><\/p>\n<p><strong>8. 7. 2009 \u2013 st\u0159eda (2.190 km)<\/strong><\/p>\n<p>V\u00a0noci trochu sprchlo, je zamra\u010deno, ale teplo. Snad nebude pr\u0161et, kdy\u017e n\u00e1s \u010dek\u00e1 takov\u00fd z\u00e1\u017eitek, jak Jan slibuje.<\/p>\n<p><strong>Prekestolen!\u00a0<\/strong><\/p>\n<p><img loading=\"lazy\" decoding=\"async\" class=\"aligncenter wp-image-13215 size-full\" src=\"https:\/\/all4camper.com\/\/wp-content\/uploads\/2018\/02\/Severn\u00ed20Evropa20dovolen\u00e12020O920156.jpg\" alt=\"\" width=\"796\" height=\"597\" srcset=\"https:\/\/all4camper.com\/wp-content\/uploads\/2018\/02\/Severn\u00ed20Evropa20dovolen\u00e12020O920156.jpg 796w, https:\/\/all4camper.com\/wp-content\/uploads\/2018\/02\/Severn\u00ed20Evropa20dovolen\u00e12020O920156-300x225.jpg 300w, https:\/\/all4camper.com\/wp-content\/uploads\/2018\/02\/Severn\u00ed20Evropa20dovolen\u00e12020O920156-150x113.jpg 150w, https:\/\/all4camper.com\/wp-content\/uploads\/2018\/02\/Severn\u00ed20Evropa20dovolen\u00e12020O920156-768x576.jpg 768w, https:\/\/all4camper.com\/wp-content\/uploads\/2018\/02\/Severn\u00ed20Evropa20dovolen\u00e12020O920156-678x509.jpg 678w, https:\/\/all4camper.com\/wp-content\/uploads\/2018\/02\/Severn\u00ed20Evropa20dovolen\u00e12020O920156-326x245.jpg 326w, https:\/\/all4camper.com\/wp-content\/uploads\/2018\/02\/Severn\u00ed20Evropa20dovolen\u00e12020O920156-80x60.jpg 80w, https:\/\/all4camper.com\/wp-content\/uploads\/2018\/02\/Severn\u00ed20Evropa20dovolen\u00e12020O920156-700x525.jpg 700w, https:\/\/all4camper.com\/wp-content\/uploads\/2018\/02\/Severn\u00ed20Evropa20dovolen\u00e12020O920156-200x150.jpg 200w, https:\/\/all4camper.com\/wp-content\/uploads\/2018\/02\/Severn\u00ed20Evropa20dovolen\u00e12020O920156-400x300.jpg 400w, https:\/\/all4camper.com\/wp-content\/uploads\/2018\/02\/Severn\u00ed20Evropa20dovolen\u00e12020O920156-600x450.jpg 600w\" sizes=\"auto, (max-width: 796px) 100vw, 796px\" \/><\/p>\n<p>Kolem p\u016fl 10 vyr\u00e1\u017e\u00edme <strong>na t\u016fru na \u201ekazatelnu\u201c Prekestolen.<\/strong> Je to skaln\u00ed plo\u0161ina cca 600 m na m. spadaj\u00edc\u00ed do Lysenfjordu. Informa\u010dn\u00ed tabule doporu\u010duje dobrou obuv, pit\u00ed, tepl\u00e9 pr\u00e1dlo. <strong>Prvn\u00ed \u010d\u00e1st cesty vyfun\u00edme do kopce les\u00edkem, pak n\u00e1sleduje pozvoln\u00e1 cesti\u010dka po hat\u00edch.<\/strong><\/p>\n<p>Ov\u0161em to co objevilo ve v\u00fdhledu se tak poeticky nejev\u00ed. Stezka 200 m p\u0159ev\u00fd\u0161en\u00ed po ohromn\u00fdch \u0161utrech. Nejprve sk\u00e1\u010deme jako kamz\u00edci, potom jako chc\u00edpl\u00ed kamz\u00edci. Je to s\u00edla! St\u00e1le to nem\u00e1 konce.<\/p>\n<p>Jan ze strachu prch\u00e1 nap\u0159ed a za n\u00edm fun\u00ed na\u0161e zdivo\u010del\u00e1 sme\u010dka. Pak je\u0161t\u011b m\u00edrn\u00fd kope\u010dek po skaln\u00edch plo\u0161in\u00e1ch a <strong>kone\u010dn\u011b c\u00edl!<\/strong> Jan rad\u011bji vyleze je\u0161t\u011b o p\u00e1r metr\u016f v\u00fd\u0161, proto\u017ee na n\u011bj sr\u0161\u00ed nad\u00e1vky. Ov\u0161em <strong>pohled dol\u016f, do fjordu a n\u00e1dhern\u00e9 po\u010das\u00ed v\u0161e vynahrad\u00ed.<\/strong><\/p>\n<p>Pro vychutn\u00e1n\u00ed pohledu dol\u016f si leh\u00e1me na b\u0159icho, proto\u017ee vestoje trne cel\u00e9 t\u011blo. Jan se k\u00a0na\u0161\u00ed zdivo\u010del\u00e9 sme\u010dce zat\u00edm neodv\u00e1\u017eil p\u0159ibl\u00ed\u017eit.\u00a0To netu\u0161\u00edme, <strong>co n\u00e1s \u010dek\u00e1 na cest\u011b dol\u016f. Peklo!<\/strong> Proti n\u00e1m davy turist\u016f, sl\u00e9z\u00e1me \u0161utry. Klouby u\u017e n\u00e1m ani nevr\u017eou, prost\u011b nejsou. Jsme jak parta t\u011blesn\u011b posti\u017een\u00fdch. V\u00a0polovin\u011b cesty se rozhoduji, zda pokra\u010dovat, \u010di zde zem\u0159\u00edt.<\/p>\n<p>Na\u0161t\u011bst\u00ed, tedy jak pro koho, jsou <strong>na parkovi\u0161ti sprchy.<\/strong> V\u0161ichni se vysprchovali vla\u017enou vodi\u010dkou a na mne zbyla pouze studen\u00e1 sprcha bez n\u00e1stavce. Um\u00edm si p\u0159edstavit rozpa\u010ditou Emu, kter\u00e1 m\u011b p\u0159ed sprchami hl\u00eddala a musela \u010delit p\u0159ekvapen\u00fdm v\u00fdraz\u016fm kolemjdouc\u00edm na zvuky, kter\u00e9 se ze sprchy oz\u00fdvaly. Smyla jsem tolik soli, co ani Milu\u0161ka v\u00a0pytl\u00edku nem\u011bla. Zaplat\u00edme za parkovi\u0161t\u011b 80,-NoK a <strong>pokra\u010dujeme po silnici \u010d. 13.<\/strong><\/p>\n<p>Mus\u00edme najet n\u011bjak\u00e9 kilometry, neb \u010das kvap\u00ed a cesta neub\u00edh\u00e1.\u00a0<strong>V\u00a0Nesviku jedeme trajektem.<\/strong>\u00a0Cestou na Odda jsme narazili na n\u00e1dhern\u00e9 vodop\u00e1dy.<\/p>\n<p><img loading=\"lazy\" decoding=\"async\" class=\"aligncenter wp-image-13217 size-full\" src=\"https:\/\/all4camper.com\/\/wp-content\/uploads\/2018\/02\/Severn\u00ed20Evropa20dovolen\u00e12020O920200-1.jpg\" alt=\"\" width=\"796\" height=\"597\" srcset=\"https:\/\/all4camper.com\/wp-content\/uploads\/2018\/02\/Severn\u00ed20Evropa20dovolen\u00e12020O920200-1.jpg 796w, https:\/\/all4camper.com\/wp-content\/uploads\/2018\/02\/Severn\u00ed20Evropa20dovolen\u00e12020O920200-1-300x225.jpg 300w, https:\/\/all4camper.com\/wp-content\/uploads\/2018\/02\/Severn\u00ed20Evropa20dovolen\u00e12020O920200-1-150x113.jpg 150w, https:\/\/all4camper.com\/wp-content\/uploads\/2018\/02\/Severn\u00ed20Evropa20dovolen\u00e12020O920200-1-768x576.jpg 768w, https:\/\/all4camper.com\/wp-content\/uploads\/2018\/02\/Severn\u00ed20Evropa20dovolen\u00e12020O920200-1-678x509.jpg 678w, https:\/\/all4camper.com\/wp-content\/uploads\/2018\/02\/Severn\u00ed20Evropa20dovolen\u00e12020O920200-1-326x245.jpg 326w, https:\/\/all4camper.com\/wp-content\/uploads\/2018\/02\/Severn\u00ed20Evropa20dovolen\u00e12020O920200-1-80x60.jpg 80w, https:\/\/all4camper.com\/wp-content\/uploads\/2018\/02\/Severn\u00ed20Evropa20dovolen\u00e12020O920200-1-700x525.jpg 700w, https:\/\/all4camper.com\/wp-content\/uploads\/2018\/02\/Severn\u00ed20Evropa20dovolen\u00e12020O920200-1-200x150.jpg 200w, https:\/\/all4camper.com\/wp-content\/uploads\/2018\/02\/Severn\u00ed20Evropa20dovolen\u00e12020O920200-1-400x300.jpg 400w, https:\/\/all4camper.com\/wp-content\/uploads\/2018\/02\/Severn\u00ed20Evropa20dovolen\u00e12020O920200-1-600x450.jpg 600w\" sizes=\"auto, (max-width: 796px) 100vw, 796px\" \/> <img loading=\"lazy\" decoding=\"async\" class=\"aligncenter wp-image-13216 size-full\" src=\"https:\/\/all4camper.com\/\/wp-content\/uploads\/2018\/02\/Severn\u00ed20Evropa20dovolen\u00e12020O920195.jpg\" alt=\"\" width=\"800\" height=\"600\" srcset=\"https:\/\/all4camper.com\/wp-content\/uploads\/2018\/02\/Severn\u00ed20Evropa20dovolen\u00e12020O920195.jpg 800w, https:\/\/all4camper.com\/wp-content\/uploads\/2018\/02\/Severn\u00ed20Evropa20dovolen\u00e12020O920195-300x225.jpg 300w, https:\/\/all4camper.com\/wp-content\/uploads\/2018\/02\/Severn\u00ed20Evropa20dovolen\u00e12020O920195-150x113.jpg 150w, https:\/\/all4camper.com\/wp-content\/uploads\/2018\/02\/Severn\u00ed20Evropa20dovolen\u00e12020O920195-768x576.jpg 768w, https:\/\/all4camper.com\/wp-content\/uploads\/2018\/02\/Severn\u00ed20Evropa20dovolen\u00e12020O920195-678x509.jpg 678w, https:\/\/all4camper.com\/wp-content\/uploads\/2018\/02\/Severn\u00ed20Evropa20dovolen\u00e12020O920195-326x245.jpg 326w, https:\/\/all4camper.com\/wp-content\/uploads\/2018\/02\/Severn\u00ed20Evropa20dovolen\u00e12020O920195-80x60.jpg 80w, https:\/\/all4camper.com\/wp-content\/uploads\/2018\/02\/Severn\u00ed20Evropa20dovolen\u00e12020O920195-700x525.jpg 700w, https:\/\/all4camper.com\/wp-content\/uploads\/2018\/02\/Severn\u00ed20Evropa20dovolen\u00e12020O920195-200x150.jpg 200w, https:\/\/all4camper.com\/wp-content\/uploads\/2018\/02\/Severn\u00ed20Evropa20dovolen\u00e12020O920195-400x300.jpg 400w, https:\/\/all4camper.com\/wp-content\/uploads\/2018\/02\/Severn\u00ed20Evropa20dovolen\u00e12020O920195-600x450.jpg 600w\" sizes=\"auto, (max-width: 800px) 100vw, 800px\" \/><\/p>\n<p>S\u00a0odpo\u010d\u00edvadlem je trochu probl\u00e9m, ale kdo si po\u010dk\u00e1, ten se do\u010dk\u00e1. Odpo\u010d\u00edvadlo s\u00a0teplou vodou je zde. Celou noc sv\u011btlo. Sed\u00edme a prob\u00edr\u00e1me z\u00e1\u017eitky do p\u016flnoci.<\/p>\n<p><strong>9. 7. 2009 \u2013 \u010dtvrtek (2.417 km)<\/strong><\/p>\n<p>Trochu se ochladilo, tak si p\u0159isp\u00edme.\u00a0Jdu vykonat o\u010distu, pot\u00e9 obejdu odpo\u010d\u00edvadlo a naleznu prop\u00edchnutou plze\u0148 od v\u010derej\u0161ka a luxusn\u011b posn\u00edd\u00e1m.<br \/>\n<strong>Jedeme st\u00e1le po silnici \u010d. 13. \u010cekaj\u00ed n\u00e1s dva trajekty (107,- a 88,-NoK).<\/strong><\/p>\n<p>Cesta pokra\u010duje bez probl\u00e9m\u016f. Silnice sice I. t\u0159\u00eddy, ale jako v\u00a0Nep\u00e1lu. <strong>Proj\u00ed\u017ed\u00edme asi 50 km cestou tunel\u016f.<\/strong>\u00a0Jeden je dokonce 25 km dlouh\u00fd, pr\u00fd nejdel\u0161\u00ed v\u00a0Evrop\u011b. Jsou zadarmo a ten nejdel\u0161\u00ed je vylep\u0161en\u00fd o barevn\u011b osv\u011btlen\u00e9 s\u00edn\u011b pro rozpt\u00fdlen\u00ed us\u00ednaj\u00edc\u00edch \u0159idi\u010d\u016f. <strong>N\u00e1\u0161 c\u00edl je Geiranger.\u00a0<\/strong><\/p>\n<p>Zvol\u00edme silnici \u010d 15 na Lom. Vypad\u00e1 to na jeden a p\u016fl proudovku. <strong>No, hr\u016fza!<\/strong> Ale je\u0161t\u011b, \u017ee jsme tuto trasu zvolili. Asi v\u00a0polovin\u011b cesty se n\u00e1m nask\u00fdt\u00e1 \u00fa\u017easn\u00e1 pod\u00edvan\u00e1.<\/p>\n<p><img loading=\"lazy\" decoding=\"async\" class=\"aligncenter wp-image-13218 size-full\" src=\"https:\/\/all4camper.com\/\/wp-content\/uploads\/2018\/02\/Severn\u00ed20Evropa20dovolen\u00e12020O920206.jpg\" alt=\"\" width=\"800\" height=\"600\" srcset=\"https:\/\/all4camper.com\/wp-content\/uploads\/2018\/02\/Severn\u00ed20Evropa20dovolen\u00e12020O920206.jpg 800w, https:\/\/all4camper.com\/wp-content\/uploads\/2018\/02\/Severn\u00ed20Evropa20dovolen\u00e12020O920206-300x225.jpg 300w, https:\/\/all4camper.com\/wp-content\/uploads\/2018\/02\/Severn\u00ed20Evropa20dovolen\u00e12020O920206-150x113.jpg 150w, https:\/\/all4camper.com\/wp-content\/uploads\/2018\/02\/Severn\u00ed20Evropa20dovolen\u00e12020O920206-768x576.jpg 768w, https:\/\/all4camper.com\/wp-content\/uploads\/2018\/02\/Severn\u00ed20Evropa20dovolen\u00e12020O920206-678x509.jpg 678w, https:\/\/all4camper.com\/wp-content\/uploads\/2018\/02\/Severn\u00ed20Evropa20dovolen\u00e12020O920206-326x245.jpg 326w, https:\/\/all4camper.com\/wp-content\/uploads\/2018\/02\/Severn\u00ed20Evropa20dovolen\u00e12020O920206-80x60.jpg 80w, https:\/\/all4camper.com\/wp-content\/uploads\/2018\/02\/Severn\u00ed20Evropa20dovolen\u00e12020O920206-700x525.jpg 700w, https:\/\/all4camper.com\/wp-content\/uploads\/2018\/02\/Severn\u00ed20Evropa20dovolen\u00e12020O920206-200x150.jpg 200w, https:\/\/all4camper.com\/wp-content\/uploads\/2018\/02\/Severn\u00ed20Evropa20dovolen\u00e12020O920206-400x300.jpg 400w, https:\/\/all4camper.com\/wp-content\/uploads\/2018\/02\/Severn\u00ed20Evropa20dovolen\u00e12020O920206-600x450.jpg 600w\" sizes=\"auto, (max-width: 800px) 100vw, 800px\" \/><\/p>\n<p>Proj\u00ed\u017ed\u00edme hory ve v\u00fd\u0161ce asi 1.000 metr\u016f. <strong>Je tu plno sn\u011bhu<\/strong>. Honem se b\u011b\u017e\u00edme do sn\u011b\u017en\u00e9ho pole vyfotit a pos\u00edl\u00e1me emesky ze slunn\u00e9 dovolen\u00e9.<\/p>\n<p><img loading=\"lazy\" decoding=\"async\" class=\"aligncenter wp-image-13219 size-full\" src=\"https:\/\/all4camper.com\/\/wp-content\/uploads\/2018\/02\/Severn\u00ed20Evropa20dovolen\u00e12020O920211.jpg\" alt=\"\" width=\"800\" height=\"600\" srcset=\"https:\/\/all4camper.com\/wp-content\/uploads\/2018\/02\/Severn\u00ed20Evropa20dovolen\u00e12020O920211.jpg 800w, https:\/\/all4camper.com\/wp-content\/uploads\/2018\/02\/Severn\u00ed20Evropa20dovolen\u00e12020O920211-300x225.jpg 300w, https:\/\/all4camper.com\/wp-content\/uploads\/2018\/02\/Severn\u00ed20Evropa20dovolen\u00e12020O920211-150x113.jpg 150w, https:\/\/all4camper.com\/wp-content\/uploads\/2018\/02\/Severn\u00ed20Evropa20dovolen\u00e12020O920211-768x576.jpg 768w, https:\/\/all4camper.com\/wp-content\/uploads\/2018\/02\/Severn\u00ed20Evropa20dovolen\u00e12020O920211-678x509.jpg 678w, https:\/\/all4camper.com\/wp-content\/uploads\/2018\/02\/Severn\u00ed20Evropa20dovolen\u00e12020O920211-326x245.jpg 326w, https:\/\/all4camper.com\/wp-content\/uploads\/2018\/02\/Severn\u00ed20Evropa20dovolen\u00e12020O920211-80x60.jpg 80w, https:\/\/all4camper.com\/wp-content\/uploads\/2018\/02\/Severn\u00ed20Evropa20dovolen\u00e12020O920211-700x525.jpg 700w, https:\/\/all4camper.com\/wp-content\/uploads\/2018\/02\/Severn\u00ed20Evropa20dovolen\u00e12020O920211-200x150.jpg 200w, https:\/\/all4camper.com\/wp-content\/uploads\/2018\/02\/Severn\u00ed20Evropa20dovolen\u00e12020O920211-400x300.jpg 400w, https:\/\/all4camper.com\/wp-content\/uploads\/2018\/02\/Severn\u00ed20Evropa20dovolen\u00e12020O920211-600x450.jpg 600w\" sizes=\"auto, (max-width: 800px) 100vw, 800px\" \/> <img loading=\"lazy\" decoding=\"async\" class=\"aligncenter wp-image-13220 size-full\" src=\"https:\/\/all4camper.com\/\/wp-content\/uploads\/2018\/02\/Severn\u00ed20Evropa20dovolen\u00e12020O920213.jpg\" alt=\"\" width=\"800\" height=\"600\" srcset=\"https:\/\/all4camper.com\/wp-content\/uploads\/2018\/02\/Severn\u00ed20Evropa20dovolen\u00e12020O920213.jpg 800w, https:\/\/all4camper.com\/wp-content\/uploads\/2018\/02\/Severn\u00ed20Evropa20dovolen\u00e12020O920213-300x225.jpg 300w, https:\/\/all4camper.com\/wp-content\/uploads\/2018\/02\/Severn\u00ed20Evropa20dovolen\u00e12020O920213-150x113.jpg 150w, https:\/\/all4camper.com\/wp-content\/uploads\/2018\/02\/Severn\u00ed20Evropa20dovolen\u00e12020O920213-768x576.jpg 768w, https:\/\/all4camper.com\/wp-content\/uploads\/2018\/02\/Severn\u00ed20Evropa20dovolen\u00e12020O920213-678x509.jpg 678w, https:\/\/all4camper.com\/wp-content\/uploads\/2018\/02\/Severn\u00ed20Evropa20dovolen\u00e12020O920213-326x245.jpg 326w, https:\/\/all4camper.com\/wp-content\/uploads\/2018\/02\/Severn\u00ed20Evropa20dovolen\u00e12020O920213-80x60.jpg 80w, https:\/\/all4camper.com\/wp-content\/uploads\/2018\/02\/Severn\u00ed20Evropa20dovolen\u00e12020O920213-700x525.jpg 700w, https:\/\/all4camper.com\/wp-content\/uploads\/2018\/02\/Severn\u00ed20Evropa20dovolen\u00e12020O920213-200x150.jpg 200w, https:\/\/all4camper.com\/wp-content\/uploads\/2018\/02\/Severn\u00ed20Evropa20dovolen\u00e12020O920213-400x300.jpg 400w, https:\/\/all4camper.com\/wp-content\/uploads\/2018\/02\/Severn\u00ed20Evropa20dovolen\u00e12020O920213-600x450.jpg 600w\" sizes=\"auto, (max-width: 800px) 100vw, 800px\" \/><\/p>\n<p><strong>Kolem n\u00e1s jsou jezera pln\u00e1 ker.<\/strong> Pak kles\u00e1me dol\u016f do n\u00e1dhern\u00e9 krajiny.<strong>\u00a0B\u011bhem dne jsme projeli Jadran, Alpy a Kanadu.\u00a0<\/strong>Asi 70 km p\u0159ed Geirangerfjordem budeme nocovat na odpo\u010d\u00edvadle. Po\u010das\u00ed se m\u011bn\u00ed, ale zat\u00edm fajn.\u00a0Pove\u010de\u0159\u00edme rum, fernet a pivo.<\/p>\n<p>Ema se n\u00e1m sv\u011b\u0159\u00ed, \u017ee cestou utrp\u011bla dv\u011b zran\u011bn\u00ed a m\u00e1 dv\u011b boule. Hezk\u00fd pohled. Jednu utr\u017eila na invalidn\u00edm hajzl\u00edku, kdy se j\u00ed vymr\u0161tilo podp\u016frn\u00e9 madlo a \u0161vihlo j\u00ed do hlavy, druhou si ud\u011blala o plast v\u00a0aut\u011b, kdy\u017e do n\u011bj nastupovala \u0161ipkou.<\/p>\n<p><strong>Ve\u010der, jako stejn\u011b jako v ten p\u0159edchoz\u00ed, se oz\u00fdvaj\u00ed zvuky v\u0161eho druhu. Zat\u00edm bez zhmotn\u011bl\u00fdch n\u00e1sledk\u016f.<\/strong><\/p>\n<p><strong>10. 7. 2009 \u2013 p\u00e1tek (2.793 km)<\/strong><\/p>\n<p>P\u0159\u00edjemn\u00e1 noc n\u00e1m umo\u017enila dlouh\u00fd a vydatn\u00fd sp\u00e1nek. R\u00e1no je chladn\u00e9 a v\u011btrn\u00e9. P\u0159ece jsme u\u017e docela daleko na severu.<\/p>\n<p>Sn\u00eddan\u011b, o\u010dista a jedeme do Geirangeru. Zat\u00edm toho moc nevid\u00edme. Je mlha a poprch\u00e1v\u00e1. Serpent\u00fdny pln\u00e9 m\u016fstk\u016f a vodop\u00e1dk\u016f a sj\u00ed\u017ed\u00edme dol\u016f k\u00a0p\u0159\u00edstavu.<\/p>\n<p><img loading=\"lazy\" decoding=\"async\" class=\"aligncenter wp-image-13223 size-full\" src=\"https:\/\/all4camper.com\/\/wp-content\/uploads\/2018\/02\/Severn\u00ed20Evropa20dovolen\u00e12020O920256.jpg\" alt=\"\" width=\"800\" height=\"600\" srcset=\"https:\/\/all4camper.com\/wp-content\/uploads\/2018\/02\/Severn\u00ed20Evropa20dovolen\u00e12020O920256.jpg 800w, https:\/\/all4camper.com\/wp-content\/uploads\/2018\/02\/Severn\u00ed20Evropa20dovolen\u00e12020O920256-300x225.jpg 300w, https:\/\/all4camper.com\/wp-content\/uploads\/2018\/02\/Severn\u00ed20Evropa20dovolen\u00e12020O920256-150x113.jpg 150w, https:\/\/all4camper.com\/wp-content\/uploads\/2018\/02\/Severn\u00ed20Evropa20dovolen\u00e12020O920256-768x576.jpg 768w, https:\/\/all4camper.com\/wp-content\/uploads\/2018\/02\/Severn\u00ed20Evropa20dovolen\u00e12020O920256-678x509.jpg 678w, https:\/\/all4camper.com\/wp-content\/uploads\/2018\/02\/Severn\u00ed20Evropa20dovolen\u00e12020O920256-326x245.jpg 326w, https:\/\/all4camper.com\/wp-content\/uploads\/2018\/02\/Severn\u00ed20Evropa20dovolen\u00e12020O920256-80x60.jpg 80w, https:\/\/all4camper.com\/wp-content\/uploads\/2018\/02\/Severn\u00ed20Evropa20dovolen\u00e12020O920256-700x525.jpg 700w, https:\/\/all4camper.com\/wp-content\/uploads\/2018\/02\/Severn\u00ed20Evropa20dovolen\u00e12020O920256-200x150.jpg 200w, https:\/\/all4camper.com\/wp-content\/uploads\/2018\/02\/Severn\u00ed20Evropa20dovolen\u00e12020O920256-400x300.jpg 400w, https:\/\/all4camper.com\/wp-content\/uploads\/2018\/02\/Severn\u00ed20Evropa20dovolen\u00e12020O920256-600x450.jpg 600w\" sizes=\"auto, (max-width: 800px) 100vw, 800px\" \/> <img loading=\"lazy\" decoding=\"async\" class=\"aligncenter wp-image-13221 size-full\" src=\"https:\/\/all4camper.com\/\/wp-content\/uploads\/2018\/02\/Severn\u00ed20Evropa20dovolen\u00e12020O920223.jpg\" alt=\"\" width=\"800\" height=\"600\" srcset=\"https:\/\/all4camper.com\/wp-content\/uploads\/2018\/02\/Severn\u00ed20Evropa20dovolen\u00e12020O920223.jpg 800w, https:\/\/all4camper.com\/wp-content\/uploads\/2018\/02\/Severn\u00ed20Evropa20dovolen\u00e12020O920223-300x225.jpg 300w, https:\/\/all4camper.com\/wp-content\/uploads\/2018\/02\/Severn\u00ed20Evropa20dovolen\u00e12020O920223-150x113.jpg 150w, https:\/\/all4camper.com\/wp-content\/uploads\/2018\/02\/Severn\u00ed20Evropa20dovolen\u00e12020O920223-768x576.jpg 768w, https:\/\/all4camper.com\/wp-content\/uploads\/2018\/02\/Severn\u00ed20Evropa20dovolen\u00e12020O920223-678x509.jpg 678w, https:\/\/all4camper.com\/wp-content\/uploads\/2018\/02\/Severn\u00ed20Evropa20dovolen\u00e12020O920223-326x245.jpg 326w, https:\/\/all4camper.com\/wp-content\/uploads\/2018\/02\/Severn\u00ed20Evropa20dovolen\u00e12020O920223-80x60.jpg 80w, https:\/\/all4camper.com\/wp-content\/uploads\/2018\/02\/Severn\u00ed20Evropa20dovolen\u00e12020O920223-700x525.jpg 700w, https:\/\/all4camper.com\/wp-content\/uploads\/2018\/02\/Severn\u00ed20Evropa20dovolen\u00e12020O920223-200x150.jpg 200w, https:\/\/all4camper.com\/wp-content\/uploads\/2018\/02\/Severn\u00ed20Evropa20dovolen\u00e12020O920223-400x300.jpg 400w, https:\/\/all4camper.com\/wp-content\/uploads\/2018\/02\/Severn\u00ed20Evropa20dovolen\u00e12020O920223-600x450.jpg 600w\" sizes=\"auto, (max-width: 800px) 100vw, 800px\" \/><\/p>\n<p>Koup\u00edme si l\u00edstky na <strong>proj\u00ed\u017e\u010fku lod\u00ed po Geirangerfjordu<\/strong>. M\u00e1me je\u0161t\u011b \u010das, lo\u010f vyj\u00ed\u017ed\u00ed a\u017e v\u00a015:00 a je p\u016fl 12. Jdeme po m\u011bst\u011b prohl\u00e9dnout malebn\u00e9 obch\u016fdky. Prost\u011b jdeme po obchodech a z\u00e1chodech a pak u\u017e honem na molo.<\/p>\n<p><img loading=\"lazy\" decoding=\"async\" class=\"aligncenter wp-image-13222 size-full\" src=\"https:\/\/all4camper.com\/\/wp-content\/uploads\/2018\/02\/Severn\u00ed20Evropa20dovolen\u00e12020O920234.jpg\" alt=\"\" width=\"800\" height=\"600\" srcset=\"https:\/\/all4camper.com\/wp-content\/uploads\/2018\/02\/Severn\u00ed20Evropa20dovolen\u00e12020O920234.jpg 800w, https:\/\/all4camper.com\/wp-content\/uploads\/2018\/02\/Severn\u00ed20Evropa20dovolen\u00e12020O920234-300x225.jpg 300w, https:\/\/all4camper.com\/wp-content\/uploads\/2018\/02\/Severn\u00ed20Evropa20dovolen\u00e12020O920234-150x113.jpg 150w, https:\/\/all4camper.com\/wp-content\/uploads\/2018\/02\/Severn\u00ed20Evropa20dovolen\u00e12020O920234-768x576.jpg 768w, https:\/\/all4camper.com\/wp-content\/uploads\/2018\/02\/Severn\u00ed20Evropa20dovolen\u00e12020O920234-678x509.jpg 678w, https:\/\/all4camper.com\/wp-content\/uploads\/2018\/02\/Severn\u00ed20Evropa20dovolen\u00e12020O920234-326x245.jpg 326w, https:\/\/all4camper.com\/wp-content\/uploads\/2018\/02\/Severn\u00ed20Evropa20dovolen\u00e12020O920234-80x60.jpg 80w, https:\/\/all4camper.com\/wp-content\/uploads\/2018\/02\/Severn\u00ed20Evropa20dovolen\u00e12020O920234-700x525.jpg 700w, https:\/\/all4camper.com\/wp-content\/uploads\/2018\/02\/Severn\u00ed20Evropa20dovolen\u00e12020O920234-200x150.jpg 200w, https:\/\/all4camper.com\/wp-content\/uploads\/2018\/02\/Severn\u00ed20Evropa20dovolen\u00e12020O920234-400x300.jpg 400w, https:\/\/all4camper.com\/wp-content\/uploads\/2018\/02\/Severn\u00ed20Evropa20dovolen\u00e12020O920234-600x450.jpg 600w\" sizes=\"auto, (max-width: 800px) 100vw, 800px\" \/><\/p>\n<p>Proj\u00ed\u017e\u010fka fjordem je <strong>\u00fa\u017easn\u00e1, spousta vodop\u00e1d\u016f<\/strong>. Nejzn\u00e1m\u011bj\u0161\u00ed je Sedm sester. Kolem jsou v\u0161ude sk\u00e1ly, kter\u00e9 p\u0159i tro\u0161e fantazie n\u011bco p\u0159ipom\u00ednaj\u00ed. N\u00e1dhern\u00e9 rozkvetl\u00e9 louky. Dokonce i meru\u0148kov\u00fd sad.\u00a0Na skal\u00e1ch je n\u011bkolik zem\u011bd\u011blsk\u00fdch usedlost\u00ed, kde sedl\u00e1ci museli, kdy\u017e \u0161li do pr\u00e1ce uvazovat d\u011bti za nohu ke strom\u016fm, aby nezahu\u010dely do vody.<\/p>\n<p>Do p\u0159\u00edstavu se vrac\u00edme \u00fapln\u011b vymrzl\u00ed, tak jdeme na zmrzlinu.<strong>\u00a0Z\u00a0Geirangeru pokra\u010dujeme \u201eCestou orl\u016f\u201c a pak \u201eCestou Troll\u016f\u201c<\/strong>. Jsou tu moc kr\u00e1sn\u00e9 p\u0159\u00edrodn\u00ed scen\u00e9rie, bohu\u017eel trochu ji kaz\u00ed po\u010das\u00ed, hlavn\u011b mlha.\u00a0V\u0161ude jsou zna\u010den\u00ed:<strong> \u201ePozor los\u00edci\u201c<\/strong>, ale zat\u00edm nikde nic.<\/p>\n<p>Asi <strong>100 km p\u0159ed Trotheimem naraz\u00edme na Shell Motel<\/strong> s\u00a0\u00fa\u017easn\u00fdmi sprchami. Cel\u00e9 proces\u00ed, s\u00a0ru\u010dn\u00edky a spodn\u00edm pr\u00e1dlem v\u00a0podpa\u017e\u00ed, putuje do p\u0159\u00edzem\u00ed motelu. Zp\u011bt vyl\u00e9z\u00e1me \u010dist\u00ed a usm\u011bvav\u00fd.<strong>Asi 11 km p\u0159ed Trotheimem sp\u00edme na odpo\u010d\u00edvadle u Shellky<\/strong>. Celou noc pr\u0161\u00ed. M\u00e1me probl\u00e9m si i odestlat. Ale d\u00edky cviku je odestl\u00e1no za 5 minutek. <strong>Dobrou noc.<\/strong><\/p>\n<p><strong>11. 7. 32009 \u2013 sobota (3.212 km)<\/strong><\/p>\n<p><strong><img loading=\"lazy\" decoding=\"async\" class=\"aligncenter wp-image-13224 size-full\" src=\"https:\/\/all4camper.com\/\/wp-content\/uploads\/2018\/02\/Severn\u00ed20Evropa20dovolen\u00e12020O920258.jpg\" alt=\"\" width=\"800\" height=\"600\" srcset=\"https:\/\/all4camper.com\/wp-content\/uploads\/2018\/02\/Severn\u00ed20Evropa20dovolen\u00e12020O920258.jpg 800w, https:\/\/all4camper.com\/wp-content\/uploads\/2018\/02\/Severn\u00ed20Evropa20dovolen\u00e12020O920258-300x225.jpg 300w, https:\/\/all4camper.com\/wp-content\/uploads\/2018\/02\/Severn\u00ed20Evropa20dovolen\u00e12020O920258-150x113.jpg 150w, https:\/\/all4camper.com\/wp-content\/uploads\/2018\/02\/Severn\u00ed20Evropa20dovolen\u00e12020O920258-768x576.jpg 768w, https:\/\/all4camper.com\/wp-content\/uploads\/2018\/02\/Severn\u00ed20Evropa20dovolen\u00e12020O920258-678x509.jpg 678w, https:\/\/all4camper.com\/wp-content\/uploads\/2018\/02\/Severn\u00ed20Evropa20dovolen\u00e12020O920258-326x245.jpg 326w, https:\/\/all4camper.com\/wp-content\/uploads\/2018\/02\/Severn\u00ed20Evropa20dovolen\u00e12020O920258-80x60.jpg 80w, https:\/\/all4camper.com\/wp-content\/uploads\/2018\/02\/Severn\u00ed20Evropa20dovolen\u00e12020O920258-700x525.jpg 700w, https:\/\/all4camper.com\/wp-content\/uploads\/2018\/02\/Severn\u00ed20Evropa20dovolen\u00e12020O920258-200x150.jpg 200w, https:\/\/all4camper.com\/wp-content\/uploads\/2018\/02\/Severn\u00ed20Evropa20dovolen\u00e12020O920258-400x300.jpg 400w, https:\/\/all4camper.com\/wp-content\/uploads\/2018\/02\/Severn\u00ed20Evropa20dovolen\u00e12020O920258-600x450.jpg 600w\" sizes=\"auto, (max-width: 800px) 100vw, 800px\" \/><\/strong><\/p>\n<p><strong>R\u00e1no st\u00e1le pr\u0161\u00ed.<\/strong> M\u011bli jsme na programu prohl\u00eddku Trotheimu, ale d\u00edky po\u010das\u00ed a <strong>\u010dasov\u00e9mu skluzu raz\u00edme sm\u011brem k severn\u00edmu p\u00f3lu<\/strong>, respektive pol\u00e1rn\u00edmu kruhu. Cht\u011bli bychom dnes ujet alespo\u0148 600 km.\u00a0<strong>Cel\u00fd den jenom jedem<\/strong>, krom\u011b p\u00e1r zast\u00e1vek za \u00fa\u010delem n\u00e1kupu potravin.<\/p>\n<p><img loading=\"lazy\" decoding=\"async\" class=\"aligncenter wp-image-13226 size-full\" src=\"https:\/\/all4camper.com\/\/wp-content\/uploads\/2018\/02\/Severn\u00ed20Evropa20dovolen\u00e12020O920263.jpg\" alt=\"\" width=\"796\" height=\"597\" srcset=\"https:\/\/all4camper.com\/wp-content\/uploads\/2018\/02\/Severn\u00ed20Evropa20dovolen\u00e12020O920263.jpg 796w, https:\/\/all4camper.com\/wp-content\/uploads\/2018\/02\/Severn\u00ed20Evropa20dovolen\u00e12020O920263-300x225.jpg 300w, https:\/\/all4camper.com\/wp-content\/uploads\/2018\/02\/Severn\u00ed20Evropa20dovolen\u00e12020O920263-150x113.jpg 150w, https:\/\/all4camper.com\/wp-content\/uploads\/2018\/02\/Severn\u00ed20Evropa20dovolen\u00e12020O920263-768x576.jpg 768w, https:\/\/all4camper.com\/wp-content\/uploads\/2018\/02\/Severn\u00ed20Evropa20dovolen\u00e12020O920263-678x509.jpg 678w, https:\/\/all4camper.com\/wp-content\/uploads\/2018\/02\/Severn\u00ed20Evropa20dovolen\u00e12020O920263-326x245.jpg 326w, https:\/\/all4camper.com\/wp-content\/uploads\/2018\/02\/Severn\u00ed20Evropa20dovolen\u00e12020O920263-80x60.jpg 80w, https:\/\/all4camper.com\/wp-content\/uploads\/2018\/02\/Severn\u00ed20Evropa20dovolen\u00e12020O920263-700x525.jpg 700w, https:\/\/all4camper.com\/wp-content\/uploads\/2018\/02\/Severn\u00ed20Evropa20dovolen\u00e12020O920263-200x150.jpg 200w, https:\/\/all4camper.com\/wp-content\/uploads\/2018\/02\/Severn\u00ed20Evropa20dovolen\u00e12020O920263-400x300.jpg 400w, https:\/\/all4camper.com\/wp-content\/uploads\/2018\/02\/Severn\u00ed20Evropa20dovolen\u00e12020O920263-600x450.jpg 600w\" sizes=\"auto, (max-width: 796px) 100vw, 796px\" \/><\/p>\n<p>Ujeli jsme 500 km a asi 50 km p\u0159ed pol\u00e1rn\u00edm kruhem na odpo\u010d\u00edvadle rozbijeme t\u00e1bor.\u00a0M\u00edsto je moc p\u011bkn\u00e9, bohu\u017eel pouze such\u00e9 WC, ale \u010dist\u00e9. <strong>V\u00a0noci u\u017e nen\u00ed ani \u0161ero. Prost\u011b 24 hodin den.<\/strong><\/p>\n<p><strong>\u00a012. 7. 2009 \u2013 ned\u011ble (3.714 km)<\/strong><\/p>\n<p>Vst\u00e1v\u00e1me dost pozd\u011b. V\u0161ichni se myjeme v\u00a0p\u0159id\u011blen\u00fdch 2 dcl vody, jenom Ema se pouze navon\u00ed.\u00a0<strong>Po sn\u00eddani pokra\u010dujeme d\u00e1l na sever.<\/strong><\/p>\n<p><strong>Severn\u00ed pol\u00e1rn\u00ed kruh p\u0159ekra\u010dujeme po najet\u00fdch 3.767,5 km od za\u010d\u00e1tku na\u0161\u00ed cesty.<\/strong> Je 10:15. Teplom\u011br ukazuje 11 stup\u0148\u016f, kolem sn\u011b\u017en\u00e1 pole.<\/p>\n<p><img loading=\"lazy\" decoding=\"async\" class=\"aligncenter wp-image-13225 size-full\" src=\"https:\/\/all4camper.com\/\/wp-content\/uploads\/2018\/02\/Severn\u00ed20Evropa20dovolen\u00e12020O920260.jpg\" alt=\"\" width=\"796\" height=\"597\" srcset=\"https:\/\/all4camper.com\/wp-content\/uploads\/2018\/02\/Severn\u00ed20Evropa20dovolen\u00e12020O920260.jpg 796w, https:\/\/all4camper.com\/wp-content\/uploads\/2018\/02\/Severn\u00ed20Evropa20dovolen\u00e12020O920260-300x225.jpg 300w, https:\/\/all4camper.com\/wp-content\/uploads\/2018\/02\/Severn\u00ed20Evropa20dovolen\u00e12020O920260-150x113.jpg 150w, https:\/\/all4camper.com\/wp-content\/uploads\/2018\/02\/Severn\u00ed20Evropa20dovolen\u00e12020O920260-768x576.jpg 768w, https:\/\/all4camper.com\/wp-content\/uploads\/2018\/02\/Severn\u00ed20Evropa20dovolen\u00e12020O920260-678x509.jpg 678w, https:\/\/all4camper.com\/wp-content\/uploads\/2018\/02\/Severn\u00ed20Evropa20dovolen\u00e12020O920260-326x245.jpg 326w, https:\/\/all4camper.com\/wp-content\/uploads\/2018\/02\/Severn\u00ed20Evropa20dovolen\u00e12020O920260-80x60.jpg 80w, https:\/\/all4camper.com\/wp-content\/uploads\/2018\/02\/Severn\u00ed20Evropa20dovolen\u00e12020O920260-700x525.jpg 700w, https:\/\/all4camper.com\/wp-content\/uploads\/2018\/02\/Severn\u00ed20Evropa20dovolen\u00e12020O920260-200x150.jpg 200w, https:\/\/all4camper.com\/wp-content\/uploads\/2018\/02\/Severn\u00ed20Evropa20dovolen\u00e12020O920260-400x300.jpg 400w, https:\/\/all4camper.com\/wp-content\/uploads\/2018\/02\/Severn\u00ed20Evropa20dovolen\u00e12020O920260-600x450.jpg 600w\" sizes=\"auto, (max-width: 796px) 100vw, 796px\" \/><\/p>\n<p>Mezi plochami sn\u011bhu je sam\u00e9 kamen\u00ed, skoro \u017e\u00e1dn\u00e1 vegetace. Je tu pouze p\u00e1r miln\u00edk\u016f, kter\u00e9 zna\u010d\u00ed atraktivitu m\u00edsta. <strong>Projdeme p\u011bkn\u00e9 v\u011bt\u0161\u00ed \u201e\u00ed\u010dko\u201c. V\u0161e je neuv\u011b\u0159iteln\u011b drah\u00e9.\u00a0<\/strong><\/p>\n<p><img loading=\"lazy\" decoding=\"async\" class=\"aligncenter wp-image-13228 size-full\" src=\"https:\/\/all4camper.com\/\/wp-content\/uploads\/2018\/02\/Severn\u00ed20Evropa20dovolen\u00e12020O920271.jpg\" alt=\"\" width=\"800\" height=\"600\" srcset=\"https:\/\/all4camper.com\/wp-content\/uploads\/2018\/02\/Severn\u00ed20Evropa20dovolen\u00e12020O920271.jpg 800w, https:\/\/all4camper.com\/wp-content\/uploads\/2018\/02\/Severn\u00ed20Evropa20dovolen\u00e12020O920271-300x225.jpg 300w, https:\/\/all4camper.com\/wp-content\/uploads\/2018\/02\/Severn\u00ed20Evropa20dovolen\u00e12020O920271-150x113.jpg 150w, https:\/\/all4camper.com\/wp-content\/uploads\/2018\/02\/Severn\u00ed20Evropa20dovolen\u00e12020O920271-768x576.jpg 768w, https:\/\/all4camper.com\/wp-content\/uploads\/2018\/02\/Severn\u00ed20Evropa20dovolen\u00e12020O920271-678x509.jpg 678w, https:\/\/all4camper.com\/wp-content\/uploads\/2018\/02\/Severn\u00ed20Evropa20dovolen\u00e12020O920271-326x245.jpg 326w, https:\/\/all4camper.com\/wp-content\/uploads\/2018\/02\/Severn\u00ed20Evropa20dovolen\u00e12020O920271-80x60.jpg 80w, https:\/\/all4camper.com\/wp-content\/uploads\/2018\/02\/Severn\u00ed20Evropa20dovolen\u00e12020O920271-700x525.jpg 700w, https:\/\/all4camper.com\/wp-content\/uploads\/2018\/02\/Severn\u00ed20Evropa20dovolen\u00e12020O920271-200x150.jpg 200w, https:\/\/all4camper.com\/wp-content\/uploads\/2018\/02\/Severn\u00ed20Evropa20dovolen\u00e12020O920271-400x300.jpg 400w, https:\/\/all4camper.com\/wp-content\/uploads\/2018\/02\/Severn\u00ed20Evropa20dovolen\u00e12020O920271-600x450.jpg 600w\" sizes=\"auto, (max-width: 800px) 100vw, 800px\" \/> <img loading=\"lazy\" decoding=\"async\" class=\"aligncenter wp-image-13227 size-full\" src=\"https:\/\/all4camper.com\/\/wp-content\/uploads\/2018\/02\/Severn\u00ed20Evropa20dovolen\u00e12020O920268.jpg\" alt=\"\" width=\"800\" height=\"600\" srcset=\"https:\/\/all4camper.com\/wp-content\/uploads\/2018\/02\/Severn\u00ed20Evropa20dovolen\u00e12020O920268.jpg 800w, https:\/\/all4camper.com\/wp-content\/uploads\/2018\/02\/Severn\u00ed20Evropa20dovolen\u00e12020O920268-300x225.jpg 300w, https:\/\/all4camper.com\/wp-content\/uploads\/2018\/02\/Severn\u00ed20Evropa20dovolen\u00e12020O920268-150x113.jpg 150w, https:\/\/all4camper.com\/wp-content\/uploads\/2018\/02\/Severn\u00ed20Evropa20dovolen\u00e12020O920268-768x576.jpg 768w, https:\/\/all4camper.com\/wp-content\/uploads\/2018\/02\/Severn\u00ed20Evropa20dovolen\u00e12020O920268-678x509.jpg 678w, https:\/\/all4camper.com\/wp-content\/uploads\/2018\/02\/Severn\u00ed20Evropa20dovolen\u00e12020O920268-326x245.jpg 326w, https:\/\/all4camper.com\/wp-content\/uploads\/2018\/02\/Severn\u00ed20Evropa20dovolen\u00e12020O920268-80x60.jpg 80w, https:\/\/all4camper.com\/wp-content\/uploads\/2018\/02\/Severn\u00ed20Evropa20dovolen\u00e12020O920268-700x525.jpg 700w, https:\/\/all4camper.com\/wp-content\/uploads\/2018\/02\/Severn\u00ed20Evropa20dovolen\u00e12020O920268-200x150.jpg 200w, https:\/\/all4camper.com\/wp-content\/uploads\/2018\/02\/Severn\u00ed20Evropa20dovolen\u00e12020O920268-400x300.jpg 400w, https:\/\/all4camper.com\/wp-content\/uploads\/2018\/02\/Severn\u00ed20Evropa20dovolen\u00e12020O920268-600x450.jpg 600w\" sizes=\"auto, (max-width: 800px) 100vw, 800px\" \/><\/p>\n<p>Cestou zp\u011bt do civilizace pokra\u010dujeme po E06 a pak n\u00e1sleduje zlom na silnici \u010d. 77 a <strong>vrac\u00edme se pomalu dom\u016f.<\/strong>\u00a0Do \u0160v\u00e9dska to m\u00e1me asi 30 km.\u00a0Cesta \u0160v\u00e9dskem vede po rychlostn\u00ed silnici 95 a pak po 94 na Lulea. Jenom <strong>lesy, jezera a st\u00e1da sob\u016f<\/strong>. Kone\u010dn\u011b trochu rozpt\u00fdlen\u00ed.<\/p>\n<p><img loading=\"lazy\" decoding=\"async\" class=\"aligncenter wp-image-13229 size-full\" src=\"https:\/\/all4camper.com\/\/wp-content\/uploads\/2018\/02\/Severn\u00ed20Evropa20dovolen\u00e12020O920285.jpg\" alt=\"\" width=\"646\" height=\"485\" srcset=\"https:\/\/all4camper.com\/wp-content\/uploads\/2018\/02\/Severn\u00ed20Evropa20dovolen\u00e12020O920285.jpg 646w, https:\/\/all4camper.com\/wp-content\/uploads\/2018\/02\/Severn\u00ed20Evropa20dovolen\u00e12020O920285-300x225.jpg 300w, https:\/\/all4camper.com\/wp-content\/uploads\/2018\/02\/Severn\u00ed20Evropa20dovolen\u00e12020O920285-150x113.jpg 150w, https:\/\/all4camper.com\/wp-content\/uploads\/2018\/02\/Severn\u00ed20Evropa20dovolen\u00e12020O920285-326x245.jpg 326w, https:\/\/all4camper.com\/wp-content\/uploads\/2018\/02\/Severn\u00ed20Evropa20dovolen\u00e12020O920285-80x60.jpg 80w, https:\/\/all4camper.com\/wp-content\/uploads\/2018\/02\/Severn\u00ed20Evropa20dovolen\u00e12020O920285-200x150.jpg 200w, https:\/\/all4camper.com\/wp-content\/uploads\/2018\/02\/Severn\u00ed20Evropa20dovolen\u00e12020O920285-400x300.jpg 400w, https:\/\/all4camper.com\/wp-content\/uploads\/2018\/02\/Severn\u00ed20Evropa20dovolen\u00e12020O920285-600x450.jpg 600w\" sizes=\"auto, (max-width: 646px) 100vw, 646px\" \/><\/p>\n<p>Pokra\u010dujeme naprosto <strong>rovnou magistr\u00e1lou, odpo\u010d\u00edvadla \u0159\u00eddnou, nikoho nepotk\u00e1v\u00e1me.\u00a0<\/strong>Projedeme <strong>m\u011bstem Lulea<\/strong>, kde se chceme proj\u00edt, ale nen\u00ed tu nic mimo\u0159\u00e1dn\u00e9ho. Tak jen proj\u00ed\u017e\u010fka autem. Pokra\u010dujeme po E4 na Kalix.<br \/>\nKone\u010dn\u011b odpo\u010d\u00edvadlo s\u00a0WC. Je tu vid\u011bt dle WC vysok\u00e1 n\u00e1v\u0161t\u011bvnost. Rozb\u00edj\u00edme lager. <strong>\u0160\u00edlen\u011b obt\u011b\u017eujou kom\u00e1\u0159i a je hrozn\u00e9 dusno<\/strong>.<\/p>\n<p><strong>13. 7. 2009 \u2013 pond\u011bl\u00ed<\/strong><\/p>\n<p>Je p\u016fl 1, kdy poklidn\u00fd sp\u00e1nek vyru\u0161\u00ed <strong>Zby\u0148k\u016fv nastupuj\u00edc\u00ed infarkt.<\/strong> Okam\u017eit\u011b v\u0161ichni \u0159e\u0161\u00edme vzniklou situaci dle sv\u00fdch mo\u017enost\u00ed. Jan oslovuje odpo\u010d\u00edvaj\u00edc\u00edho \u0159idi\u010de odtahovky, kter\u00e1 <strong>p\u0159ivol\u00e1v\u00e1 okam\u017eit\u011b l\u00e9ka\u0159e<\/strong>, jeho p\u0159\u00edtelkyn\u011b poskytuje Zby\u0148kovi prvn\u00ed pomoc.<\/p>\n<p>P\u0159ij\u00ed\u017ed\u00ed sanitka, vysvobozuje Zby\u0148ka ze zajet\u00ed kom\u00e1r\u016f a odv\u00e1\u017e\u00ed jej do Kalixu do nemocnice.\u00a0Bal\u00edme se a jedeme za nimi. \u0158idi\u010d sanitky n\u00e1m jede naproti, abychom nezabloudili. \u010cek\u00e1me na \u201ejipce\u201c. V\u0161ichni t\u0159et\u00ed den bez sprchy, no hr\u016fza.<\/p>\n<p>Person\u00e1l nemocnice je \u00fa\u017easn\u011b mil\u00fd. Sd\u011bl\u00ed n\u00e1m, \u017ee si tu Zby\u0148ka nechaj\u00ed. <strong>Jedeme tedy do m\u00edstn\u00edho kempu.<\/strong>\u00a0Pod rou\u0161kou noci, tedy sv\u011btla proj\u00ed\u017ed\u00edme recepc\u00ed. Ulo\u017e\u00edme se tak n\u011bjak a snad dosp\u00edme noc.\u00a0R\u00e1no po 8 m\u00e1me b\u00fdt v\u00a0nemocnici.<\/p>\n<p><strong>13. 7. 2009 \u2013 pond\u011bl\u00ed<\/strong><\/p>\n<p>V\u00a07 hodin vst\u00e1v\u00e1me.\u00a0Jan domluv\u00ed s\u00a0ukl\u00edze\u010dem mo\u017enost sprchy. Pou\u017eil asi n\u011bjak\u00e9 donucovac\u00ed prost\u0159edky, ale my kone\u010dn\u011b m\u016f\u017eeme mezi lidi.<br \/>\nJedeme do nemocnice. <strong>Tam n\u00e1m sd\u011bl\u00ed, \u017ee se nejednalo infarkt, ale o z\u00e1chvat anginy pectoris.<\/strong> Mus\u00ed je\u0161t\u011b ud\u011blat n\u011bjak\u00e9 krevn\u00ed testy, aby vylou\u010dili po\u0161kozen\u00ed srdce.\u00a0M\u00e1me p\u0159ij\u00edt ve 4 odpoledne.<\/p>\n<p><strong>T\u00e1bo\u0159\u00edme na parkovi\u0161ti p\u0159ed nemocnic\u00ed,<\/strong> jako by n\u00e1m hospitalizovali cik\u00e1nsk\u00fdho kr\u00e1le. Jdeme se tedy rad\u0161i proj\u00edt po Kalixu. Prol\u00e9z\u00e1me obchody. K\u00a0ob\u011bdu si koup\u00edme ku\u0159e za 40,-SeK.<\/p>\n<p>Na parkovi\u0161ti p\u0159ed nemocnic\u00ed ob\u011bdv\u00e1me a jdeme se znovu proj\u00edt. Kone\u010dn\u011b \u010dtvrt\u00e1, ale v\u0161e se protahuje na \u0161estou.\u00a0Kone\u010dn\u011b si m\u016f\u017eeme oddychnout. Zby\u0148ek je v\u00a0po\u0159\u00e1dku. <strong>\u0160\u0165astn\u00e1 n\u00e1hoda tomu cht\u011bla, kdy\u017e v\u00a0nemocnici pracuje \u010desk\u00fd l\u00e9ka\u0159 z\u00a0D\u011b\u010d\u00edna<\/strong>. Prost\u011b k\u00a0nezaplacen\u00ed. Tento l\u00e9ka\u0159 n\u00e1m navrhl, abychom <strong>nepokra\u010dovali d\u00e1le do Finska a p\u0159es Pobaltsk\u00e9 republiky a Polsko dom\u016f, ale abychom se vr\u00e1tili dom\u016f \u0160v\u00e9dskem.<\/strong><br \/>\nDal n\u00e1m na sebe telefon s\u00a0t\u00edm, \u017ee n\u00e1m pom\u016f\u017ee kdykoliv na \u00fazem\u00ed \u0160v\u00e9dska. <strong>Za to mu pat\u0159\u00ed moc velk\u00e9 pod\u011bkov\u00e1n\u00ed a cel\u00e9mu person\u00e1lu nemocnice v\u00a0Kalixu.<\/strong><\/p>\n<p><img loading=\"lazy\" decoding=\"async\" class=\"aligncenter wp-image-13214 size-full\" src=\"https:\/\/all4camper.com\/\/wp-content\/uploads\/2018\/02\/InkedSevern\u00ed20Evropa20dovolen\u00e12020O920297_LI.jpg\" alt=\"\" width=\"796\" height=\"596\" srcset=\"https:\/\/all4camper.com\/wp-content\/uploads\/2018\/02\/InkedSevern\u00ed20Evropa20dovolen\u00e12020O920297_LI.jpg 796w, https:\/\/all4camper.com\/wp-content\/uploads\/2018\/02\/InkedSevern\u00ed20Evropa20dovolen\u00e12020O920297_LI-300x225.jpg 300w, https:\/\/all4camper.com\/wp-content\/uploads\/2018\/02\/InkedSevern\u00ed20Evropa20dovolen\u00e12020O920297_LI-150x112.jpg 150w, https:\/\/all4camper.com\/wp-content\/uploads\/2018\/02\/InkedSevern\u00ed20Evropa20dovolen\u00e12020O920297_LI-768x575.jpg 768w, https:\/\/all4camper.com\/wp-content\/uploads\/2018\/02\/InkedSevern\u00ed20Evropa20dovolen\u00e12020O920297_LI-678x509.jpg 678w, https:\/\/all4camper.com\/wp-content\/uploads\/2018\/02\/InkedSevern\u00ed20Evropa20dovolen\u00e12020O920297_LI-326x245.jpg 326w, https:\/\/all4camper.com\/wp-content\/uploads\/2018\/02\/InkedSevern\u00ed20Evropa20dovolen\u00e12020O920297_LI-80x60.jpg 80w, https:\/\/all4camper.com\/wp-content\/uploads\/2018\/02\/InkedSevern\u00ed20Evropa20dovolen\u00e12020O920297_LI-700x525.jpg 700w, https:\/\/all4camper.com\/wp-content\/uploads\/2018\/02\/InkedSevern\u00ed20Evropa20dovolen\u00e12020O920297_LI-200x150.jpg 200w, https:\/\/all4camper.com\/wp-content\/uploads\/2018\/02\/InkedSevern\u00ed20Evropa20dovolen\u00e12020O920297_LI-400x299.jpg 400w, https:\/\/all4camper.com\/wp-content\/uploads\/2018\/02\/InkedSevern\u00ed20Evropa20dovolen\u00e12020O920297_LI-600x449.jpg 600w\" sizes=\"auto, (max-width: 796px) 100vw, 796px\" \/><\/p>\n<p>Nem\u00e1 smysl se n\u011bkam dnes hn\u00e1t, tak se vrac\u00edme do kempu. Zaplat\u00edme 100,- na na\u0161e k\u010d za auto a dv\u011b osoby. Ubytujeme se na kr\u00e1sn\u00e9m pl\u00e1cku mezi stromy, ale zase ti kom\u00e1\u0159i.\u00a0<strong>Domluvili jsme se na cest\u011b po v\u00fdchodn\u00ed stran\u011b \u0160v\u00e9dska.<\/strong><\/p>\n<p><strong>14. 7. 2009 \u2013 \u00fater\u00fd (4.330 km)<\/strong><\/p>\n<p>Dob\u0159e jsme se vyspali a spr\u0161ka taky prob\u011bhla.\u00a0Ve m\u011bst\u011b vyzvedneme v\u00a0l\u00e9k\u00e1rn\u011b Zby\u0148kovi l\u00e9ky. Je\u0161t\u011b kupuji z\u00a0d\u016fvodu velk\u00e9ho \u00fabytku piva 6 t\u0159etinkov\u00fdch Staropramen\u016f za pouh\u00fdch 480 K\u010d v\u00a0p\u0159epo\u010dtu.<\/p>\n<p>Jedeme po silnici E4. Dle turistick\u00e9ho let\u00e1\u010dku jsme zjistili, \u017ee m\u00e1me p\u0159i cest\u011b<strong> los\u00ed farmu<\/strong>. Farma se nach\u00e1z\u00ed za Umea, na Bjurnholm.<br \/>\nTedy odbo\u010dka z\u00a0E4 na E12 a pak na 92 a kousek Bjurnholmem jsme v\u00a0c\u00edli.<\/p>\n<p>Los\u00ed farma.<\/p>\n<p>Vstup 120,- SeK.\u00a0Mal\u00e9 muzeum a hlavn\u011b v\u00fdb\u011bhy s\u00a0los\u00edky a jejich miminy. V\u0161e p\u0159\u00edstupn\u00e9. Ka\u017ed\u00fd si m\u016f\u017ee losa pohladit. Miminka jsou rozko\u0161n\u00e1, maj\u00ed neuv\u011b\u0159iteln\u011b dlouh\u00e9 \u0159asy.\u00a0Dosp\u011bl\u00fd los je monstr\u00f3zn\u00ed. V\u00a0kohoutku dosahuje skoro 2 metry. Jejich srst jsou sp\u00ed\u0161 \u0161t\u011btiny. Jsou hodn\u011b krotc\u00ed a zmo\u0159en\u00ed vedrem. O\u0161et\u0159ovatele je chlad\u00ed studenou sprchou z\u00a0hadice.\u00a0St\u00e1lo to za to.\u00a0P\u00e1r suven\u00fdr\u016f a znovu zp\u011bt na E4.\u00a0Nocleh nach\u00e1z\u00edme u \u0161v\u00e9dsk\u00e9ho \u201eGoldenGate\u201c. Odpo\u010d\u00edvadlo je s\u00a0WC a teplou vodou.<\/p>\n<p><img loading=\"lazy\" decoding=\"async\" class=\"aligncenter wp-image-13230 size-full\" src=\"https:\/\/all4camper.com\/\/wp-content\/uploads\/2018\/02\/Severn\u00ed20Evropa20dovolen\u00e12020O920313.jpg\" alt=\"\" width=\"682\" height=\"512\" srcset=\"https:\/\/all4camper.com\/wp-content\/uploads\/2018\/02\/Severn\u00ed20Evropa20dovolen\u00e12020O920313.jpg 682w, https:\/\/all4camper.com\/wp-content\/uploads\/2018\/02\/Severn\u00ed20Evropa20dovolen\u00e12020O920313-300x225.jpg 300w, https:\/\/all4camper.com\/wp-content\/uploads\/2018\/02\/Severn\u00ed20Evropa20dovolen\u00e12020O920313-150x113.jpg 150w, https:\/\/all4camper.com\/wp-content\/uploads\/2018\/02\/Severn\u00ed20Evropa20dovolen\u00e12020O920313-678x509.jpg 678w, https:\/\/all4camper.com\/wp-content\/uploads\/2018\/02\/Severn\u00ed20Evropa20dovolen\u00e12020O920313-326x245.jpg 326w, https:\/\/all4camper.com\/wp-content\/uploads\/2018\/02\/Severn\u00ed20Evropa20dovolen\u00e12020O920313-80x60.jpg 80w, https:\/\/all4camper.com\/wp-content\/uploads\/2018\/02\/Severn\u00ed20Evropa20dovolen\u00e12020O920313-200x150.jpg 200w, https:\/\/all4camper.com\/wp-content\/uploads\/2018\/02\/Severn\u00ed20Evropa20dovolen\u00e12020O920313-400x300.jpg 400w, https:\/\/all4camper.com\/wp-content\/uploads\/2018\/02\/Severn\u00ed20Evropa20dovolen\u00e12020O920313-600x450.jpg 600w\" sizes=\"auto, (max-width: 682px) 100vw, 682px\" \/> <img loading=\"lazy\" decoding=\"async\" class=\"aligncenter wp-image-13231 size-full\" src=\"https:\/\/all4camper.com\/\/wp-content\/uploads\/2018\/02\/Severn\u00ed20Evropa20dovolen\u00e12020O920316.jpg\" alt=\"\" width=\"682\" height=\"512\" srcset=\"https:\/\/all4camper.com\/wp-content\/uploads\/2018\/02\/Severn\u00ed20Evropa20dovolen\u00e12020O920316.jpg 682w, https:\/\/all4camper.com\/wp-content\/uploads\/2018\/02\/Severn\u00ed20Evropa20dovolen\u00e12020O920316-300x225.jpg 300w, https:\/\/all4camper.com\/wp-content\/uploads\/2018\/02\/Severn\u00ed20Evropa20dovolen\u00e12020O920316-150x113.jpg 150w, https:\/\/all4camper.com\/wp-content\/uploads\/2018\/02\/Severn\u00ed20Evropa20dovolen\u00e12020O920316-678x509.jpg 678w, https:\/\/all4camper.com\/wp-content\/uploads\/2018\/02\/Severn\u00ed20Evropa20dovolen\u00e12020O920316-326x245.jpg 326w, https:\/\/all4camper.com\/wp-content\/uploads\/2018\/02\/Severn\u00ed20Evropa20dovolen\u00e12020O920316-80x60.jpg 80w, https:\/\/all4camper.com\/wp-content\/uploads\/2018\/02\/Severn\u00ed20Evropa20dovolen\u00e12020O920316-200x150.jpg 200w, https:\/\/all4camper.com\/wp-content\/uploads\/2018\/02\/Severn\u00ed20Evropa20dovolen\u00e12020O920316-400x300.jpg 400w, https:\/\/all4camper.com\/wp-content\/uploads\/2018\/02\/Severn\u00ed20Evropa20dovolen\u00e12020O920316-600x450.jpg 600w\" sizes=\"auto, (max-width: 682px) 100vw, 682px\" \/><\/p>\n<p><strong>15. 7. 2009 \u2013 st\u0159eda (4.913 km)<\/strong><\/p>\n<p>R\u00e1no jako ka\u017ed\u00e9 jin\u00e9. Kolem n\u00e1s v\u0161ude mlha, ale nad n\u00ed sv\u00edt\u00ed slunce.\u00a0<strong>Dne\u0161n\u00ed c\u00edl je Stockholm.\u00a0<\/strong>Mus\u00edme urazit 400 km. Je pom\u011brn\u011b horko. Na tempomatu 110 km\/hod. a monot\u00f3nn\u00ed \u0161v\u00e9dsk\u00e1 d\u00e1lnice.\u00a0Na d\u00e1lnici u Eurostopu, asi 30 km p\u0159e Stockholmem, ob\u011bdv\u00e1me za 70,-SeK a sprchujeme se za 10,-SeK.<\/p>\n<p>Kolem p\u00e1te jsme ve Stockholmu.\u00a0Centrum trefujeme pom\u011brn\u011b snadno. Parkujeme v\u00a0podzemn\u00edm parkovi\u0161ti. V\u00a0centru pr\u00e1v\u011b prob\u00edh\u00e1 demonstrace za pr\u00e1va op\u00e1len\u00fdch.<\/p>\n<p><img loading=\"lazy\" decoding=\"async\" class=\"aligncenter wp-image-13233 size-full\" src=\"https:\/\/all4camper.com\/\/wp-content\/uploads\/2018\/02\/Severn\u00ed20Evropa20dovolen\u00e12020O920354.jpg\" alt=\"\" width=\"450\" height=\"338\" srcset=\"https:\/\/all4camper.com\/wp-content\/uploads\/2018\/02\/Severn\u00ed20Evropa20dovolen\u00e12020O920354.jpg 450w, https:\/\/all4camper.com\/wp-content\/uploads\/2018\/02\/Severn\u00ed20Evropa20dovolen\u00e12020O920354-300x225.jpg 300w, https:\/\/all4camper.com\/wp-content\/uploads\/2018\/02\/Severn\u00ed20Evropa20dovolen\u00e12020O920354-150x113.jpg 150w, https:\/\/all4camper.com\/wp-content\/uploads\/2018\/02\/Severn\u00ed20Evropa20dovolen\u00e12020O920354-326x245.jpg 326w, https:\/\/all4camper.com\/wp-content\/uploads\/2018\/02\/Severn\u00ed20Evropa20dovolen\u00e12020O920354-80x60.jpg 80w, https:\/\/all4camper.com\/wp-content\/uploads\/2018\/02\/Severn\u00ed20Evropa20dovolen\u00e12020O920354-200x150.jpg 200w, https:\/\/all4camper.com\/wp-content\/uploads\/2018\/02\/Severn\u00ed20Evropa20dovolen\u00e12020O920354-400x300.jpg 400w\" sizes=\"auto, (max-width: 450px) 100vw, 450px\" \/> <img loading=\"lazy\" decoding=\"async\" class=\"aligncenter wp-image-13232 size-full\" src=\"https:\/\/all4camper.com\/\/wp-content\/uploads\/2018\/02\/Severn\u00ed20Evropa20dovolen\u00e12020O920329.jpg\" alt=\"\" width=\"450\" height=\"338\" srcset=\"https:\/\/all4camper.com\/wp-content\/uploads\/2018\/02\/Severn\u00ed20Evropa20dovolen\u00e12020O920329.jpg 450w, https:\/\/all4camper.com\/wp-content\/uploads\/2018\/02\/Severn\u00ed20Evropa20dovolen\u00e12020O920329-300x225.jpg 300w, https:\/\/all4camper.com\/wp-content\/uploads\/2018\/02\/Severn\u00ed20Evropa20dovolen\u00e12020O920329-150x113.jpg 150w, https:\/\/all4camper.com\/wp-content\/uploads\/2018\/02\/Severn\u00ed20Evropa20dovolen\u00e12020O920329-326x245.jpg 326w, https:\/\/all4camper.com\/wp-content\/uploads\/2018\/02\/Severn\u00ed20Evropa20dovolen\u00e12020O920329-80x60.jpg 80w, https:\/\/all4camper.com\/wp-content\/uploads\/2018\/02\/Severn\u00ed20Evropa20dovolen\u00e12020O920329-200x150.jpg 200w, https:\/\/all4camper.com\/wp-content\/uploads\/2018\/02\/Severn\u00ed20Evropa20dovolen\u00e12020O920329-400x300.jpg 400w\" sizes=\"auto, (max-width: 450px) 100vw, 450px\" \/><\/p>\n<p>Na\u0161t\u011bst\u00ed v\u00a0historick\u00e9m centru je kl\u00eddek a pohoda. <strong>Stockholm je kr\u00e1sn\u00e9 a klidn\u00e9 m\u011bsto. M\u00e1 \u00fa\u017easnou polohu s\u00a0ostr\u016fvky a poloostrovy.<\/strong> Zven\u010d\u00ed obdivujeme kr\u00e1lovsk\u00fd pal\u00e1c. Kr\u00e1sn\u00e1 je proch\u00e1zka po pob\u0159e\u017e\u00ed. Sam\u00e9 obytn\u00e9 jachty, restaurace na molech\u2026\u00a0Tak tedy sbohem a my jedeme d\u00e1l.<\/p>\n<p><img loading=\"lazy\" decoding=\"async\" class=\"aligncenter wp-image-13234 size-full\" src=\"https:\/\/all4camper.com\/\/wp-content\/uploads\/2018\/02\/Severn\u00ed20Evropa20dovolen\u00e12020O920357.jpg\" alt=\"\" width=\"450\" height=\"338\" srcset=\"https:\/\/all4camper.com\/wp-content\/uploads\/2018\/02\/Severn\u00ed20Evropa20dovolen\u00e12020O920357.jpg 450w, https:\/\/all4camper.com\/wp-content\/uploads\/2018\/02\/Severn\u00ed20Evropa20dovolen\u00e12020O920357-300x225.jpg 300w, https:\/\/all4camper.com\/wp-content\/uploads\/2018\/02\/Severn\u00ed20Evropa20dovolen\u00e12020O920357-150x113.jpg 150w, https:\/\/all4camper.com\/wp-content\/uploads\/2018\/02\/Severn\u00ed20Evropa20dovolen\u00e12020O920357-326x245.jpg 326w, https:\/\/all4camper.com\/wp-content\/uploads\/2018\/02\/Severn\u00ed20Evropa20dovolen\u00e12020O920357-80x60.jpg 80w, https:\/\/all4camper.com\/wp-content\/uploads\/2018\/02\/Severn\u00ed20Evropa20dovolen\u00e12020O920357-200x150.jpg 200w, https:\/\/all4camper.com\/wp-content\/uploads\/2018\/02\/Severn\u00ed20Evropa20dovolen\u00e12020O920357-400x300.jpg 400w\" sizes=\"auto, (max-width: 450px) 100vw, 450px\" \/><\/p>\n<p><strong>Trochu nervy p\u0159i v\u00fdjezdu z\u00a0m\u011bsta<\/strong>, kdy se pom\u011brn\u011b slu\u0161n\u011b zna\u010denou cestu dopravn\u00edm zna\u010den\u00edm ignoruje Hynek a sna\u017e\u00ed se prosadit cestu podle navigace. Kone\u010dn\u011b na\u0161e obl\u00edben\u00e1 E4.\u00a0Je p\u016fl des\u00e1t\u00e9. Je\u0161t\u011b, \u017ee je tak dlouho vid\u011bt.\u00a0Sp\u00edme u benz\u00ednky 20 km za Stokholmem.<\/p>\n<p><strong>16. 7. 2009 \u2013 \u010dtvrtek (5.406 km)<\/strong><\/p>\n<p>R\u00e1no n\u00e1s bud\u00ed neuv\u011b\u0159iteln\u00fd ruch. V\u0161ude kolem n\u00e1s haranti a sn\u00eddaj\u00edc\u00ed Finov\u00e9. Je teprve p\u016fl 7.\u00a0Koukaj\u00ed po n\u00e1s, div n\u00e1m nevlezou do pelech\u016f. Cht\u011b necht\u011b vst\u00e1v\u00e1me.<\/p>\n<p>Odpo\u010d\u00edvadlo je st\u00e1le pln\u00e9 roze\u0159van\u00fdch rodinek. Dopln\u00edme tedy z\u00e1soby vody, ti z\u00a0m\u00e9n\u011b kvalitn\u00edmi vozy i PHM, a pokra\u010dujeme k\u00a0domovu.\u00a0Aby cesta nebyla tak stereotypn\u00ed, zpest\u0159ujeme si j\u00ed <strong>prohl\u00eddkou Helsingoru.<\/strong><\/p>\n<p><img loading=\"lazy\" decoding=\"async\" class=\"aligncenter wp-image-13235 size-full\" src=\"https:\/\/all4camper.com\/\/wp-content\/uploads\/2018\/02\/Severn\u00ed20Evropa20dovolen\u00e12020O920363.jpg\" alt=\"\" width=\"450\" height=\"338\" srcset=\"https:\/\/all4camper.com\/wp-content\/uploads\/2018\/02\/Severn\u00ed20Evropa20dovolen\u00e12020O920363.jpg 450w, https:\/\/all4camper.com\/wp-content\/uploads\/2018\/02\/Severn\u00ed20Evropa20dovolen\u00e12020O920363-300x225.jpg 300w, https:\/\/all4camper.com\/wp-content\/uploads\/2018\/02\/Severn\u00ed20Evropa20dovolen\u00e12020O920363-150x113.jpg 150w, https:\/\/all4camper.com\/wp-content\/uploads\/2018\/02\/Severn\u00ed20Evropa20dovolen\u00e12020O920363-326x245.jpg 326w, https:\/\/all4camper.com\/wp-content\/uploads\/2018\/02\/Severn\u00ed20Evropa20dovolen\u00e12020O920363-80x60.jpg 80w, https:\/\/all4camper.com\/wp-content\/uploads\/2018\/02\/Severn\u00ed20Evropa20dovolen\u00e12020O920363-200x150.jpg 200w, https:\/\/all4camper.com\/wp-content\/uploads\/2018\/02\/Severn\u00ed20Evropa20dovolen\u00e12020O920363-400x300.jpg 400w\" sizes=\"auto, (max-width: 450px) 100vw, 450px\" \/><\/p>\n<p>Vylezeme k\u00a0pevnosti, d\u00e1me si zmrzku, utrat\u00edme posledn\u00ed \u0161v\u00e9dsk\u00e9 koruny a <strong>pomalu se suneme k\u00a0trajektu do D\u00e1nska.<\/strong><\/p>\n<p><img loading=\"lazy\" decoding=\"async\" class=\"aligncenter wp-image-13236 size-full\" src=\"https:\/\/all4camper.com\/\/wp-content\/uploads\/2018\/02\/Severn\u00ed20Evropa20dovolen\u00e12020O920374.jpg\" alt=\"\" width=\"450\" height=\"338\" srcset=\"https:\/\/all4camper.com\/wp-content\/uploads\/2018\/02\/Severn\u00ed20Evropa20dovolen\u00e12020O920374.jpg 450w, https:\/\/all4camper.com\/wp-content\/uploads\/2018\/02\/Severn\u00ed20Evropa20dovolen\u00e12020O920374-300x225.jpg 300w, https:\/\/all4camper.com\/wp-content\/uploads\/2018\/02\/Severn\u00ed20Evropa20dovolen\u00e12020O920374-150x113.jpg 150w, https:\/\/all4camper.com\/wp-content\/uploads\/2018\/02\/Severn\u00ed20Evropa20dovolen\u00e12020O920374-326x245.jpg 326w, https:\/\/all4camper.com\/wp-content\/uploads\/2018\/02\/Severn\u00ed20Evropa20dovolen\u00e12020O920374-80x60.jpg 80w, https:\/\/all4camper.com\/wp-content\/uploads\/2018\/02\/Severn\u00ed20Evropa20dovolen\u00e12020O920374-200x150.jpg 200w, https:\/\/all4camper.com\/wp-content\/uploads\/2018\/02\/Severn\u00ed20Evropa20dovolen\u00e12020O920374-400x300.jpg 400w\" sizes=\"auto, (max-width: 450px) 100vw, 450px\" \/><\/p>\n<p>V\u00a0D\u00e1nsku jsme za 20 min.\u00a0Na odpo\u010d\u00edvadle za Kodan\u00ed si d\u00e1me ve\u010de\u0159i a sprchu a pokra\u010dujeme v\u00a0cest\u011b. St\u00edh\u00e1me je\u0161t\u011b <strong>trajekt z\u00a0D\u00e1nska do N\u011bmecka.<\/strong>\u00a0\u00a0M\u00e1me \u0161t\u011bst\u00ed, proto\u017ee si na trajektu u\u017eijeme n\u00e1dhern\u00fd z\u00e1pad slunce.<\/p>\n<p><img loading=\"lazy\" decoding=\"async\" class=\"aligncenter wp-image-13237 size-full\" src=\"https:\/\/all4camper.com\/\/wp-content\/uploads\/2018\/02\/Severn\u00ed20Evropa20dovolen\u00e12020O920403.jpg\" alt=\"\" width=\"450\" height=\"338\" srcset=\"https:\/\/all4camper.com\/wp-content\/uploads\/2018\/02\/Severn\u00ed20Evropa20dovolen\u00e12020O920403.jpg 450w, https:\/\/all4camper.com\/wp-content\/uploads\/2018\/02\/Severn\u00ed20Evropa20dovolen\u00e12020O920403-300x225.jpg 300w, https:\/\/all4camper.com\/wp-content\/uploads\/2018\/02\/Severn\u00ed20Evropa20dovolen\u00e12020O920403-150x113.jpg 150w, https:\/\/all4camper.com\/wp-content\/uploads\/2018\/02\/Severn\u00ed20Evropa20dovolen\u00e12020O920403-326x245.jpg 326w, https:\/\/all4camper.com\/wp-content\/uploads\/2018\/02\/Severn\u00ed20Evropa20dovolen\u00e12020O920403-80x60.jpg 80w, https:\/\/all4camper.com\/wp-content\/uploads\/2018\/02\/Severn\u00ed20Evropa20dovolen\u00e12020O920403-200x150.jpg 200w, https:\/\/all4camper.com\/wp-content\/uploads\/2018\/02\/Severn\u00ed20Evropa20dovolen\u00e12020O920403-400x300.jpg 400w\" sizes=\"auto, (max-width: 450px) 100vw, 450px\" \/><\/p>\n<p>Po n\u011bmeck\u00e9 d\u00e1lnici hlt\u00e1me kilometry.\u00a0Na odpo\u010d\u00edvadle 160 km p\u0159ed Berl\u00ednem p\u0159iprav\u00edme nocleh a pad\u00e1me.<\/p>\n<p><strong>17. 7. 2009 \u2013 p\u00e1tek (5.820 km)<\/strong><\/p>\n<p>R\u00e1no vst\u00e1v\u00e1me v\u00a07:00.\u00a0Za p\u0159ihl\u00ed\u017een\u00ed spoluparkuj\u00edch ud\u011bl\u00e1me z\u00a0na\u0161ich lo\u017enic zase auta a jdeme do buf\u00edku na sn\u00eddani. Sma\u017een\u00e1 vejce se \u0161unkou, houska, k\u00e1va za 5,50 Eu.<\/p>\n<p>Pak u\u017e cesta ub\u00edh\u00e1 podle zn\u00e1m\u00e9ho sc\u00e9n\u00e1\u0159e.\u00a0P\u00e1r zast\u00e1vek na \u010d\u016fr\u00e1n\u00ed, ob\u010derstven\u00ed a pak u\u017e: <strong>\u201eAhoj, a n\u011bkdy p\u0159\u00ed\u0161t\u011b!\u201c<\/strong><\/p>\n<p>Pod\u011bkov\u00e1n\u00ed v\u0161em pos\u00e1dk\u00e1m za skv\u011blou dovolenou, n\u00e1ladu a trp\u011blivost!\u00a0D\u011bkujeme na\u0161im aut\u00ed\u010dk\u016fm, \u017ee se stala na 14 dn\u016f na\u0161\u00edm domovem a v\u0161e vydr\u017eela bez sebemen\u0161\u00edch probl\u00e9m\u016f!<\/p>\n<p><strong>Pos\u00e1dky:<\/strong><br \/>\nZ a J s\u00a0vozem V70 (416 litr\u016f nafty)<\/p>\n<p>H a E s\u00a0vozem V850<\/p>\n<p>J a L s\u00a0vozem V40<\/p>\n<p><strong>Ujeli jsme 6.500 km<\/strong><\/p>\n<p>PS: cht\u011bl bych t\u00e9\u017e pod\u011bkovat za skv\u011blou dov\u010du, kter\u00e1 je u\u017e d\u00e1vnou histori\u00ed a kterou \u0159ad\u00edm ve sv\u00e9m \u017eivot\u011b za tu nejlep\u0161\u00ed. Pod\u011bkov\u00e1n\u00ed sm\u011b\u0159uji i v\u00fdborn\u00e9 part\u011b lid\u00ed, kte\u0159\u00ed jsou bezva potrhl\u00ed, jako jsme s Blond\u00fdnou, a neboj\u00ed se t\u0159eba i p\u00e1r dn\u00ed p\u011bkn\u011b smrd\u011bt za cenu, \u017ee vid\u00edme n\u011bco neuv\u011b\u0159iteln\u00e9ho.<\/p>\n<p><strong>Kamar\u00e1di je\u0161t\u011b jednou D\u00cdKY.<\/strong><\/p>\n","protected":false},"excerpt":{"rendered":"<p>&#8222;Caravaning&#8220; se d\u00e1 provozovat v\u0161elijak. Nen\u00ed tedy nutn\u00e9 m\u00edt k tomu p\u0159\u00edmo karavan, sta\u010d\u00ed vz\u00edt s\u016fj automobil, upravit jej na span\u00ed, nezapomenout na sv\u00e9 nad\u0161en\u00ed a vyrazit! A pr\u00e1v\u011b o tom je tento cestopis. P\u0159eji kr\u00e1sn\u00e9 \u010dten\u00ed.<\/p>\n","protected":false},"author":27,"featured_media":13238,"comment_status":"open","ping_status":"open","sticky":false,"template":"","format":"standard","meta":{"_monsterinsights_skip_tracking":false,"_monsterinsights_sitenote_active":false,"_monsterinsights_sitenote_note":"","_monsterinsights_sitenote_category":0,"footnotes":""},"categories":[2373],"tags":[110,325],"class_list":{"0":"post-13212","1":"post","2":"type-post","3":"status-publish","4":"format-standard","5":"has-post-thumbnail","7":"category-ostatni-zeme","8":"tag-cestopis","9":"tag-poznavaci-dovolena"},"yoast_head":"<!-- This site is optimized with the Yoast SEO plugin v27.5 - https:\/\/yoast.com\/product\/yoast-seo-wordpress\/ -->\n<title>V\u00fdlet za Severn\u00ed pol\u00e1rn\u00ed kruh a zp\u011bt II. \u010d\u00e1st - All4Camper<\/title>\n<meta name=\"description\" content=\"All4Camper - V\u00fdlet za Severn\u00ed pol\u00e1rn\u00ed kruh a zp\u011bt II. \u010d\u00e1st\" \/>\n<meta name=\"robots\" content=\"index, follow, max-snippet:-1, max-image-preview:large, max-video-preview:-1\" \/>\n<link rel=\"canonical\" href=\"https:\/\/all4camper.com\/cs\/vylet-za-severni-polarni-kruh-a-zpet-ii-cast\/\" \/>\n<meta property=\"og:locale\" content=\"cs_CZ\" \/>\n<meta property=\"og:type\" content=\"article\" \/>\n<meta property=\"og:title\" content=\"V\u00fdlet za Severn\u00ed pol\u00e1rn\u00ed kruh a zp\u011bt II. \u010d\u00e1st - All4Camper\" \/>\n<meta property=\"og:description\" content=\"All4Camper - V\u00fdlet za Severn\u00ed pol\u00e1rn\u00ed kruh a zp\u011bt II. \u010d\u00e1st\" \/>\n<meta property=\"og:url\" content=\"https:\/\/all4camper.com\/cs\/vylet-za-severni-polarni-kruh-a-zpet-ii-cast\/\" \/>\n<meta property=\"og:site_name\" content=\"All4Camper\" \/>\n<meta property=\"article:published_time\" content=\"2018-02-17T16:16:47+00:00\" \/>\n<meta property=\"article:modified_time\" content=\"2021-08-04T08:41:17+00:00\" \/>\n<meta property=\"og:image\" content=\"https:\/\/all4camper.com\/wp-content\/uploads\/2018\/02\/severni2.png\" \/>\n\t<meta property=\"og:image:width\" content=\"450\" \/>\n\t<meta property=\"og:image:height\" content=\"338\" \/>\n\t<meta property=\"og:image:type\" content=\"image\/png\" \/>\n<meta name=\"author\" content=\"Od na\u0161ich \u010dten\u00e1\u0159\u016f\" \/>\n<meta name=\"twitter:card\" content=\"summary_large_image\" \/>\n<meta name=\"twitter:label1\" content=\"Napsal(a)\" \/>\n\t<meta name=\"twitter:data1\" content=\"Od na\u0161ich \u010dten\u00e1\u0159\u016f\" \/>\n\t<meta name=\"twitter:label2\" content=\"Odhadovan\u00e1 doba \u010dten\u00ed\" \/>\n\t<meta name=\"twitter:data2\" content=\"13 minut\" \/>\n<script type=\"application\/ld+json\" class=\"yoast-schema-graph\">{\"@context\":\"https:\\\/\\\/schema.org\",\"@graph\":[{\"@type\":\"Article\",\"@id\":\"https:\\\/\\\/all4camper.com\\\/cs\\\/vylet-za-severni-polarni-kruh-a-zpet-ii-cast\\\/#article\",\"isPartOf\":{\"@id\":\"https:\\\/\\\/all4camper.com\\\/cs\\\/vylet-za-severni-polarni-kruh-a-zpet-ii-cast\\\/\"},\"author\":{\"name\":\"Od na\u0161ich \u010dten\u00e1\u0159\u016f\",\"@id\":\"https:\\\/\\\/all4camper.com\\\/cs\\\/#\\\/schema\\\/person\\\/6e44acf123c404fdffce72310b6e0f1c\"},\"headline\":\"V\u00fdlet za Severn\u00ed pol\u00e1rn\u00ed kruh a zp\u011bt II. \u010d\u00e1st\",\"datePublished\":\"2018-02-17T16:16:47+00:00\",\"dateModified\":\"2021-08-04T08:41:17+00:00\",\"mainEntityOfPage\":{\"@id\":\"https:\\\/\\\/all4camper.com\\\/cs\\\/vylet-za-severni-polarni-kruh-a-zpet-ii-cast\\\/\"},\"wordCount\":2673,\"commentCount\":0,\"publisher\":{\"@id\":\"https:\\\/\\\/all4camper.com\\\/cs\\\/#organization\"},\"image\":{\"@id\":\"https:\\\/\\\/all4camper.com\\\/cs\\\/vylet-za-severni-polarni-kruh-a-zpet-ii-cast\\\/#primaryimage\"},\"thumbnailUrl\":\"https:\\\/\\\/all4camper.com\\\/wp-content\\\/uploads\\\/2018\\\/02\\\/severni2.png\",\"keywords\":[\"Cestopis\",\"Pozn\u00e1vac\u00ed dovolen\u00e1\"],\"articleSection\":[\"Ostatn\u00ed zem\u011b\"],\"inLanguage\":\"cs\",\"potentialAction\":[{\"@type\":\"CommentAction\",\"name\":\"Comment\",\"target\":[\"https:\\\/\\\/all4camper.com\\\/cs\\\/vylet-za-severni-polarni-kruh-a-zpet-ii-cast\\\/#respond\"]}]},{\"@type\":\"WebPage\",\"@id\":\"https:\\\/\\\/all4camper.com\\\/cs\\\/vylet-za-severni-polarni-kruh-a-zpet-ii-cast\\\/\",\"url\":\"https:\\\/\\\/all4camper.com\\\/cs\\\/vylet-za-severni-polarni-kruh-a-zpet-ii-cast\\\/\",\"name\":\"V\u00fdlet za Severn\u00ed pol\u00e1rn\u00ed kruh a zp\u011bt II. \u010d\u00e1st - All4Camper\",\"isPartOf\":{\"@id\":\"https:\\\/\\\/all4camper.com\\\/cs\\\/#website\"},\"primaryImageOfPage\":{\"@id\":\"https:\\\/\\\/all4camper.com\\\/cs\\\/vylet-za-severni-polarni-kruh-a-zpet-ii-cast\\\/#primaryimage\"},\"image\":{\"@id\":\"https:\\\/\\\/all4camper.com\\\/cs\\\/vylet-za-severni-polarni-kruh-a-zpet-ii-cast\\\/#primaryimage\"},\"thumbnailUrl\":\"https:\\\/\\\/all4camper.com\\\/wp-content\\\/uploads\\\/2018\\\/02\\\/severni2.png\",\"datePublished\":\"2018-02-17T16:16:47+00:00\",\"dateModified\":\"2021-08-04T08:41:17+00:00\",\"description\":\"All4Camper - V\u00fdlet za Severn\u00ed pol\u00e1rn\u00ed kruh a zp\u011bt II. \u010d\u00e1st\",\"breadcrumb\":{\"@id\":\"https:\\\/\\\/all4camper.com\\\/cs\\\/vylet-za-severni-polarni-kruh-a-zpet-ii-cast\\\/#breadcrumb\"},\"inLanguage\":\"cs\",\"potentialAction\":[{\"@type\":\"ReadAction\",\"target\":[\"https:\\\/\\\/all4camper.com\\\/cs\\\/vylet-za-severni-polarni-kruh-a-zpet-ii-cast\\\/\"]}]},{\"@type\":\"ImageObject\",\"inLanguage\":\"cs\",\"@id\":\"https:\\\/\\\/all4camper.com\\\/cs\\\/vylet-za-severni-polarni-kruh-a-zpet-ii-cast\\\/#primaryimage\",\"url\":\"https:\\\/\\\/all4camper.com\\\/wp-content\\\/uploads\\\/2018\\\/02\\\/severni2.png\",\"contentUrl\":\"https:\\\/\\\/all4camper.com\\\/wp-content\\\/uploads\\\/2018\\\/02\\\/severni2.png\",\"width\":450,\"height\":338},{\"@type\":\"BreadcrumbList\",\"@id\":\"https:\\\/\\\/all4camper.com\\\/cs\\\/vylet-za-severni-polarni-kruh-a-zpet-ii-cast\\\/#breadcrumb\",\"itemListElement\":[{\"@type\":\"ListItem\",\"position\":1,\"name\":\"Dom\u016f\",\"item\":\"https:\\\/\\\/all4camper.com\\\/cs\\\/\"},{\"@type\":\"ListItem\",\"position\":2,\"name\":\"Ostatn\u00ed zem\u011b\",\"item\":\"https:\\\/\\\/all4camper.com\\\/cs\\\/category\\\/ostatni-zeme\\\/\"},{\"@type\":\"ListItem\",\"position\":3,\"name\":\"V\u00fdlet za Severn\u00ed pol\u00e1rn\u00ed kruh a zp\u011bt II. \u010d\u00e1st\"}]},{\"@type\":\"WebSite\",\"@id\":\"https:\\\/\\\/all4camper.com\\\/cs\\\/#website\",\"url\":\"https:\\\/\\\/all4camper.com\\\/cs\\\/\",\"name\":\"All4Camper\",\"description\":\"Nejv\u011bt\u0161\u00ed online magaz\u00edn o kempov\u00e1n\u00ed a karavaninku. V\u00edce jak 900 \u010dl\u00e1nk\u016f pln\u00fdch rad a tip\u016f o kempech a kempov\u00e1n\u00ed.\",\"publisher\":{\"@id\":\"https:\\\/\\\/all4camper.com\\\/cs\\\/#organization\"},\"potentialAction\":[{\"@type\":\"SearchAction\",\"target\":{\"@type\":\"EntryPoint\",\"urlTemplate\":\"https:\\\/\\\/all4camper.com\\\/cs\\\/?s={search_term_string}\"},\"query-input\":{\"@type\":\"PropertyValueSpecification\",\"valueRequired\":true,\"valueName\":\"search_term_string\"}}],\"inLanguage\":\"cs\"},{\"@type\":\"Organization\",\"@id\":\"https:\\\/\\\/all4camper.com\\\/cs\\\/#organization\",\"name\":\"All4Camper - kempujeme s Kl\u00e1rou\",\"url\":\"https:\\\/\\\/all4camper.com\\\/cs\\\/\",\"logo\":{\"@type\":\"ImageObject\",\"inLanguage\":\"cs\",\"@id\":\"https:\\\/\\\/all4camper.com\\\/cs\\\/#\\\/schema\\\/logo\\\/image\\\/\",\"url\":\"https:\\\/\\\/all4camper.com\\\/wp-content\\\/uploads\\\/2018\\\/09\\\/novelogo.png\",\"contentUrl\":\"https:\\\/\\\/all4camper.com\\\/wp-content\\\/uploads\\\/2018\\\/09\\\/novelogo.png\",\"width\":1520,\"height\":600,\"caption\":\"All4Camper - kempujeme s Kl\u00e1rou\"},\"image\":{\"@id\":\"https:\\\/\\\/all4camper.com\\\/cs\\\/#\\\/schema\\\/logo\\\/image\\\/\"}},{\"@type\":\"Person\",\"@id\":\"https:\\\/\\\/all4camper.com\\\/cs\\\/#\\\/schema\\\/person\\\/6e44acf123c404fdffce72310b6e0f1c\",\"name\":\"Od na\u0161ich \u010dten\u00e1\u0159\u016f\",\"url\":\"https:\\\/\\\/all4camper.com\\\/cs\\\/author\\\/od-nasich-ctenaru\\\/\"}]}<\/script>\n<!-- \/ Yoast SEO plugin. -->","yoast_head_json":{"title":"V\u00fdlet za Severn\u00ed pol\u00e1rn\u00ed kruh a zp\u011bt II. \u010d\u00e1st - All4Camper","description":"All4Camper - V\u00fdlet za Severn\u00ed pol\u00e1rn\u00ed kruh a zp\u011bt II. \u010d\u00e1st","robots":{"index":"index","follow":"follow","max-snippet":"max-snippet:-1","max-image-preview":"max-image-preview:large","max-video-preview":"max-video-preview:-1"},"canonical":"https:\/\/all4camper.com\/cs\/vylet-za-severni-polarni-kruh-a-zpet-ii-cast\/","og_locale":"cs_CZ","og_type":"article","og_title":"V\u00fdlet za Severn\u00ed pol\u00e1rn\u00ed kruh a zp\u011bt II. \u010d\u00e1st - All4Camper","og_description":"All4Camper - V\u00fdlet za Severn\u00ed pol\u00e1rn\u00ed kruh a zp\u011bt II. \u010d\u00e1st","og_url":"https:\/\/all4camper.com\/cs\/vylet-za-severni-polarni-kruh-a-zpet-ii-cast\/","og_site_name":"All4Camper","article_published_time":"2018-02-17T16:16:47+00:00","article_modified_time":"2021-08-04T08:41:17+00:00","og_image":[{"width":450,"height":338,"url":"https:\/\/all4camper.com\/wp-content\/uploads\/2018\/02\/severni2.png","type":"image\/png"}],"author":"Od na\u0161ich \u010dten\u00e1\u0159\u016f","twitter_card":"summary_large_image","twitter_misc":{"Napsal(a)":"Od na\u0161ich \u010dten\u00e1\u0159\u016f","Odhadovan\u00e1 doba \u010dten\u00ed":"13 minut"},"schema":{"@context":"https:\/\/schema.org","@graph":[{"@type":"Article","@id":"https:\/\/all4camper.com\/cs\/vylet-za-severni-polarni-kruh-a-zpet-ii-cast\/#article","isPartOf":{"@id":"https:\/\/all4camper.com\/cs\/vylet-za-severni-polarni-kruh-a-zpet-ii-cast\/"},"author":{"name":"Od na\u0161ich \u010dten\u00e1\u0159\u016f","@id":"https:\/\/all4camper.com\/cs\/#\/schema\/person\/6e44acf123c404fdffce72310b6e0f1c"},"headline":"V\u00fdlet za Severn\u00ed pol\u00e1rn\u00ed kruh a zp\u011bt II. \u010d\u00e1st","datePublished":"2018-02-17T16:16:47+00:00","dateModified":"2021-08-04T08:41:17+00:00","mainEntityOfPage":{"@id":"https:\/\/all4camper.com\/cs\/vylet-za-severni-polarni-kruh-a-zpet-ii-cast\/"},"wordCount":2673,"commentCount":0,"publisher":{"@id":"https:\/\/all4camper.com\/cs\/#organization"},"image":{"@id":"https:\/\/all4camper.com\/cs\/vylet-za-severni-polarni-kruh-a-zpet-ii-cast\/#primaryimage"},"thumbnailUrl":"https:\/\/all4camper.com\/wp-content\/uploads\/2018\/02\/severni2.png","keywords":["Cestopis","Pozn\u00e1vac\u00ed dovolen\u00e1"],"articleSection":["Ostatn\u00ed zem\u011b"],"inLanguage":"cs","potentialAction":[{"@type":"CommentAction","name":"Comment","target":["https:\/\/all4camper.com\/cs\/vylet-za-severni-polarni-kruh-a-zpet-ii-cast\/#respond"]}]},{"@type":"WebPage","@id":"https:\/\/all4camper.com\/cs\/vylet-za-severni-polarni-kruh-a-zpet-ii-cast\/","url":"https:\/\/all4camper.com\/cs\/vylet-za-severni-polarni-kruh-a-zpet-ii-cast\/","name":"V\u00fdlet za Severn\u00ed pol\u00e1rn\u00ed kruh a zp\u011bt II. \u010d\u00e1st - All4Camper","isPartOf":{"@id":"https:\/\/all4camper.com\/cs\/#website"},"primaryImageOfPage":{"@id":"https:\/\/all4camper.com\/cs\/vylet-za-severni-polarni-kruh-a-zpet-ii-cast\/#primaryimage"},"image":{"@id":"https:\/\/all4camper.com\/cs\/vylet-za-severni-polarni-kruh-a-zpet-ii-cast\/#primaryimage"},"thumbnailUrl":"https:\/\/all4camper.com\/wp-content\/uploads\/2018\/02\/severni2.png","datePublished":"2018-02-17T16:16:47+00:00","dateModified":"2021-08-04T08:41:17+00:00","description":"All4Camper - V\u00fdlet za Severn\u00ed pol\u00e1rn\u00ed kruh a zp\u011bt II. \u010d\u00e1st","breadcrumb":{"@id":"https:\/\/all4camper.com\/cs\/vylet-za-severni-polarni-kruh-a-zpet-ii-cast\/#breadcrumb"},"inLanguage":"cs","potentialAction":[{"@type":"ReadAction","target":["https:\/\/all4camper.com\/cs\/vylet-za-severni-polarni-kruh-a-zpet-ii-cast\/"]}]},{"@type":"ImageObject","inLanguage":"cs","@id":"https:\/\/all4camper.com\/cs\/vylet-za-severni-polarni-kruh-a-zpet-ii-cast\/#primaryimage","url":"https:\/\/all4camper.com\/wp-content\/uploads\/2018\/02\/severni2.png","contentUrl":"https:\/\/all4camper.com\/wp-content\/uploads\/2018\/02\/severni2.png","width":450,"height":338},{"@type":"BreadcrumbList","@id":"https:\/\/all4camper.com\/cs\/vylet-za-severni-polarni-kruh-a-zpet-ii-cast\/#breadcrumb","itemListElement":[{"@type":"ListItem","position":1,"name":"Dom\u016f","item":"https:\/\/all4camper.com\/cs\/"},{"@type":"ListItem","position":2,"name":"Ostatn\u00ed zem\u011b","item":"https:\/\/all4camper.com\/cs\/category\/ostatni-zeme\/"},{"@type":"ListItem","position":3,"name":"V\u00fdlet za Severn\u00ed pol\u00e1rn\u00ed kruh a zp\u011bt II. \u010d\u00e1st"}]},{"@type":"WebSite","@id":"https:\/\/all4camper.com\/cs\/#website","url":"https:\/\/all4camper.com\/cs\/","name":"All4Camper","description":"Nejv\u011bt\u0161\u00ed online magaz\u00edn o kempov\u00e1n\u00ed a karavaninku. V\u00edce jak 900 \u010dl\u00e1nk\u016f pln\u00fdch rad a tip\u016f o kempech a kempov\u00e1n\u00ed.","publisher":{"@id":"https:\/\/all4camper.com\/cs\/#organization"},"potentialAction":[{"@type":"SearchAction","target":{"@type":"EntryPoint","urlTemplate":"https:\/\/all4camper.com\/cs\/?s={search_term_string}"},"query-input":{"@type":"PropertyValueSpecification","valueRequired":true,"valueName":"search_term_string"}}],"inLanguage":"cs"},{"@type":"Organization","@id":"https:\/\/all4camper.com\/cs\/#organization","name":"All4Camper - kempujeme s Kl\u00e1rou","url":"https:\/\/all4camper.com\/cs\/","logo":{"@type":"ImageObject","inLanguage":"cs","@id":"https:\/\/all4camper.com\/cs\/#\/schema\/logo\/image\/","url":"https:\/\/all4camper.com\/wp-content\/uploads\/2018\/09\/novelogo.png","contentUrl":"https:\/\/all4camper.com\/wp-content\/uploads\/2018\/09\/novelogo.png","width":1520,"height":600,"caption":"All4Camper - kempujeme s Kl\u00e1rou"},"image":{"@id":"https:\/\/all4camper.com\/cs\/#\/schema\/logo\/image\/"}},{"@type":"Person","@id":"https:\/\/all4camper.com\/cs\/#\/schema\/person\/6e44acf123c404fdffce72310b6e0f1c","name":"Od na\u0161ich \u010dten\u00e1\u0159\u016f","url":"https:\/\/all4camper.com\/cs\/author\/od-nasich-ctenaru\/"}]}},"_links":{"self":[{"href":"https:\/\/all4camper.com\/cs\/wp-json\/wp\/v2\/posts\/13212","targetHints":{"allow":["GET"]}}],"collection":[{"href":"https:\/\/all4camper.com\/cs\/wp-json\/wp\/v2\/posts"}],"about":[{"href":"https:\/\/all4camper.com\/cs\/wp-json\/wp\/v2\/types\/post"}],"author":[{"embeddable":true,"href":"https:\/\/all4camper.com\/cs\/wp-json\/wp\/v2\/users\/27"}],"replies":[{"embeddable":true,"href":"https:\/\/all4camper.com\/cs\/wp-json\/wp\/v2\/comments?post=13212"}],"version-history":[{"count":0,"href":"https:\/\/all4camper.com\/cs\/wp-json\/wp\/v2\/posts\/13212\/revisions"}],"wp:featuredmedia":[{"embeddable":true,"href":"https:\/\/all4camper.com\/cs\/wp-json\/wp\/v2\/media\/13238"}],"wp:attachment":[{"href":"https:\/\/all4camper.com\/cs\/wp-json\/wp\/v2\/media?parent=13212"}],"wp:term":[{"taxonomy":"category","embeddable":true,"href":"https:\/\/all4camper.com\/cs\/wp-json\/wp\/v2\/categories?post=13212"},{"taxonomy":"post_tag","embeddable":true,"href":"https:\/\/all4camper.com\/cs\/wp-json\/wp\/v2\/tags?post=13212"}],"curies":[{"name":"wp","href":"https:\/\/api.w.org\/{rel}","templated":true}]}}