{"id":13180,"date":"2018-02-16T15:34:03","date_gmt":"2018-02-16T14:34:03","guid":{"rendered":"http:\/\/all4camper.com\/cz\/?p=13180"},"modified":"2019-09-19T12:27:03","modified_gmt":"2019-09-19T10:27:03","slug":"sonnentherme-krasne-termalni-lazne-v-rakousku","status":"publish","type":"post","link":"https:\/\/all4camper.com\/cs\/sonnentherme-krasne-termalni-lazne-v-rakousku\/","title":{"rendered":"Sonnentherme &#8211; Kr\u00e1sn\u00e9 term\u00e1ln\u00ed l\u00e1zn\u011b v Rakousku, jen kousek od Ma\u010farska"},"content":{"rendered":"<p>V m\u00e9m dal\u0161\u00edm p\u0159\u00edsp\u011bvku bych se s V\u00e1mi r\u00e1da pod\u011blila o na\u0161e z\u00e1\u017eitky z n\u00e1v\u0161t\u011bvy tohoto kr\u00e1sn\u00e9ho aquaparku a term\u00e1ln\u00edch l\u00e1zn\u00ed, kter\u00e9 jsou sv\u00fdm vybaven\u00edm dokonale p\u0159izp\u016fsoben\u00e9 pro d\u011bti jak\u00e9koliv v\u011bkov\u00e9 kategorie.<!--more--><\/p>\n<h3><img loading=\"lazy\" decoding=\"async\" class=\"aligncenter wp-image-13183 size-full\" src=\"https:\/\/all4camper.com\/\/wp-content\/uploads\/2018\/02\/sonnen-e1518791069393.jpg\" alt=\"\" width=\"638\" height=\"307\" srcset=\"https:\/\/all4camper.com\/wp-content\/uploads\/2018\/02\/sonnen-e1518791069393.jpg 638w, https:\/\/all4camper.com\/wp-content\/uploads\/2018\/02\/sonnen-e1518791069393-300x144.jpg 300w, https:\/\/all4camper.com\/wp-content\/uploads\/2018\/02\/sonnen-e1518791069393-150x72.jpg 150w, https:\/\/all4camper.com\/wp-content\/uploads\/2018\/02\/sonnen-e1518791069393-200x96.jpg 200w, https:\/\/all4camper.com\/wp-content\/uploads\/2018\/02\/sonnen-e1518791069393-400x192.jpg 400w, https:\/\/all4camper.com\/wp-content\/uploads\/2018\/02\/sonnen-e1518791069393-600x289.jpg 600w\" sizes=\"auto, (max-width: 638px) 100vw, 638px\" \/><\/h3>\n<div>\n<p><strong>Kde jej naleznete:\u00a0<\/strong>Sonnentherme se nal\u00e9z\u00e1 v Rakousku, Lutzmannsburg, kousek od Ma\u010farsk\u00fdch l\u00e1zn\u00ed Sarvar, cca 50km.<\/p>\n<\/div>\n<div>\n<p><strong>Odkaz na jejich web:<\/strong>\u00a0<a href=\"http:\/\/www.sonnentherme.at\/en.html\" target=\"_blank\" rel=\"noopener noreferrer\">http:\/\/www.sonnentherme.at\/en.html<\/a><\/p>\n<\/div>\n<div>\n<p><strong>V\u00fd\u0161e vstupn\u00e9ho:\u00a0<\/strong>V dob\u011b na\u0161\u00ed n\u00e1v\u0161t\u011bvy (2016), bylo celodenn\u00ed vstupn\u00e9 26,5e dosp\u011bl\u00fd, 19,5e d\u00edt\u011b. V p\u00e1tek maj\u00ed Family day, a tak se m\u016f\u017eete t\u011b\u0161it na 10% slevu na vstupn\u00e9m. Odkaz na cen\u00edk\u00a0<a href=\"http:\/\/www.sonnentherme.at\/en\/preise-services\/eintrittspreise\/admission-prices.html\" target=\"_blank\" rel=\"noopener noreferrer\">ZDE<\/a><\/p>\n<\/div>\n<div>\n<p><strong>Vzd\u00e1lenost od Prahy:\u00a0<\/strong>438km<\/p>\n<\/div>\n<div>\n<p><strong>Videoprezentace (stoj\u00ed za shl\u00e9dnut\u00ed ;-) ) z na\u0161\u00ed n\u00e1v\u0161t\u011bvy:<\/strong><a href=\"https:\/\/www.youtube.com\/watch?v=4DQpkjv_73I\" target=\"_blank\" rel=\"noopener noreferrer\">ZDE<\/a><\/p>\n<div>\n<p><strong>\u00davodem:<\/strong><\/p>\n<\/div>\n<div>\n<p>Pokud se rozhodnete nav\u0161t\u00edvit tento kr\u00e1sn\u00fd aquapark, <strong>doporu\u010duji opravdu celodenn\u00ed n\u00e1v\u0161t\u011bvu<\/strong>. V p\u0159\u00edpad\u011b, \u017ee pojedete karavanem, <strong>nen\u00ed probl\u00e9m st\u00e1t celou noc bez poplatku na p\u0159ilehl\u00e9m parkovi\u0161ti<\/strong>. Zejm\u00e9na v t\u00fddnu v l\u00e1zn\u00edch skoro nikdo nen\u00ed a tak se nemus\u00edte b\u00e1t, \u017ee budete n\u011bkomu p\u0159ek\u00e1\u017eet.<\/p>\n<\/div>\n<div>\n<p>Tyto term\u00e1ly n\u00e1s nadchly zejm\u00e9na ze dvou d\u016fvod\u016f. T\u00edm prvn\u00edm bylo ohromn\u00e9 p\u0159ekvapen\u00ed, \u017ee tam <strong>nejsou skoro \u017e\u00e1dn\u00ed n\u00e1v\u0161t\u011bvn\u00edci<\/strong> a tak jsme si cel\u00fd den u\u017e\u00edvali bez front na tobog\u00e1ny, p\u0159epln\u011bn\u00fdch leh\u00e1tek \u010di pln\u00fdch baz\u00e9n\u016f. V sobotu se to ji\u017e trochu v\u00edce zaplnilo, ale rozhodn\u011b se to ned\u00e1 srovnat s ostatn\u00edmi term\u00e1ly, nebo aquaparky. <strong>Na na\u0161e zku\u0161enosti to po\u0159\u00e1d hodnot\u00edm jako kapacitn\u011b polopr\u00e1zdn\u00e9.<\/strong><\/p>\n<\/div>\n<div>\n<p>Druh\u00fdm d\u016fvodem je fakt, \u017ee <strong>jsou \u00fa\u017easn\u011b rozd\u011bleny na z\u00f3ny dle v\u011bkov\u00fdch kategori\u00ed.<\/strong> Z toho d\u016fvodu si tam ka\u017ed\u00fd nejde svoje a d\u011bti si nebudou p\u0159ek\u00e1\u017eet.<\/p>\n<\/div>\n<div>\n<p>U vstupu je to ji\u017e klasick\u00e9, zn\u00e1me z N\u011bmecka \u010di Rakouska. Po zaplacen\u00ed obdr\u017e\u00edte hodinky, v \u0161atn\u011b vyberete sk\u0159\u00ed\u0148ku dle Va\u0161eho uv\u00e1\u017een\u00ed (zamyk\u00e1 se na hodinky) a ve\u0161kerou \u00fatratu ji\u017e zapisujete na n\u011b. <strong>Nemus\u00edte tedy m\u00edt u sebe pen\u00edze. Platba bude a\u017e p\u0159i odchodu.<\/strong> Dosp\u011bl\u00ed maj\u00ed kredit 100eur\/hodinky, d\u011bti 50eur. Zapomenete-li \u010d\u00edslo Va\u0161\u00ed sk\u0159\u00ed\u0148ky, nebo chcete zn\u00e1t pr\u016fb\u011b\u017enou \u00fatratu, u vchodu do \u0161aten z l\u00e1zn\u00ed je termin\u00e1l, kter\u00fd po p\u0159ilo\u017een\u00ed zodpov\u00ed po\u017eadovan\u00e9 informace.<\/p>\n<\/div>\n<div>\n<p><strong>Jak l\u00e1zn\u011b jsou uspo\u0159\u00e1d\u00e1ny<\/strong><\/p>\n<div>\n<p><u>L\u00e1zn\u011b jsou rozd\u011bleny na venkovn\u00ed a vnit\u0159n\u00ed \u010d\u00e1st.<\/u><\/p>\n<\/div>\n<div>\n<p>Budu-li ps\u00e1t o t\u00e9\u00a0<strong>venkovn\u00ed<\/strong>, v l\u00e9t\u011b to mus\u00ed b\u00fdt pro d\u011bti \u00fa\u017easn\u00e9. Na p\u0159ilehl\u00e9 zahrad\u011b naleznete plno atrakc\u00ed, kter\u00e9 jsou ji\u017e\u00a0<strong><u>v cen\u011b vstupn\u00e9ho<\/u><\/strong>. Va\u0161e d\u011bti se tedy rozhodn\u011b nudit nebudou. Pro p\u0159\u00edklad uv\u00e1d\u00edm <strong>velk\u00fd sk\u00e1kac\u00ed hrad, velik\u00e9 trampol\u00edny, divad\u00e9lko, venkovn\u00ed klouza\u010dky a tak\u00e9 ma\u0161inka \u010di p\u016fj\u010dovna t\u0159\u00edkolek.<\/strong><\/p>\n<\/div>\n<div>\n<p><img loading=\"lazy\" decoding=\"async\" class=\"aligncenter wp-image-13184 size-full\" src=\"https:\/\/all4camper.com\/\/wp-content\/uploads\/2018\/02\/termalni-lazne-rakousko_2.jpg\" alt=\"\" width=\"640\" height=\"480\" srcset=\"https:\/\/all4camper.com\/wp-content\/uploads\/2018\/02\/termalni-lazne-rakousko_2.jpg 640w, https:\/\/all4camper.com\/wp-content\/uploads\/2018\/02\/termalni-lazne-rakousko_2-300x225.jpg 300w, https:\/\/all4camper.com\/wp-content\/uploads\/2018\/02\/termalni-lazne-rakousko_2-150x113.jpg 150w, https:\/\/all4camper.com\/wp-content\/uploads\/2018\/02\/termalni-lazne-rakousko_2-326x245.jpg 326w, https:\/\/all4camper.com\/wp-content\/uploads\/2018\/02\/termalni-lazne-rakousko_2-80x60.jpg 80w, https:\/\/all4camper.com\/wp-content\/uploads\/2018\/02\/termalni-lazne-rakousko_2-200x150.jpg 200w, https:\/\/all4camper.com\/wp-content\/uploads\/2018\/02\/termalni-lazne-rakousko_2-400x300.jpg 400w, https:\/\/all4camper.com\/wp-content\/uploads\/2018\/02\/termalni-lazne-rakousko_2-600x450.jpg 600w\" sizes=\"auto, (max-width: 640px) 100vw, 640px\" \/><\/p>\n<p>D\u00e1le tam naleznete baz\u00e9n s p\u016fj\u010dovnou d\u011btsk\u00fdch \u0161lapac\u00edch lodi\u010dek a d\u011btskou p\u00e1\u017e\u00ed, slune\u010dn\u00ed baz\u00e9n pro mal\u00e9 d\u011bti s klouza\u010dkami, baz\u00e9n se <strong>skok\u00e1nky r\u016fzn\u00fdch v\u00fd\u0161ek (1m, 2m, 3m) a hloubkou 3,5m a horolezeckou st\u011bnou<\/strong>. Pak je\u0161t\u011b sportovn\u00ed baz\u00e9n.<\/p>\n<\/div>\n<div>\n<p>U slune\u010dn\u00edho baz\u00e9nu je v\u00fdhodou jeho teplota. Architekti mysleli na pot\u0159ebu teplej\u0161\u00ed vody a proto je baz\u00e9n cel\u00fd nerezov\u00fd (t\u00edm absorbuje vysok\u00e9 procento slune\u010dn\u00edho svitu) <strong>a jeho hloubka \u010din\u00ed asi tak 40cm.<\/strong><\/p>\n<\/div>\n<div>\n<p>V p\u0159\u00edpad\u011b <strong>sportovn\u00edho baz\u00e9nu<\/strong>, jeho teplota \u010din\u00ed dle na\u0161eho odhadu <strong>28-30\u00b0.<\/strong><\/p>\n<\/div>\n<div>\n<p>V\u0161ude je mnoho leh\u00e1tek i slune\u010dn\u00edch clon, nemus\u00edte se tak b\u00e1t, \u017ee p\u0159i vysok\u00e9m svitu slunce se sp\u00e1l\u00edte.<\/p>\n<\/div>\n<\/div>\n<\/div>\n<div>\n<p><strong>Vnit\u0159n\u00ed \u010d\u00e1st<\/strong><\/p>\n<\/div>\n<div>\n<p>Jak jsem ji\u017e psala, l\u00e1zn\u011b pln\u011b respektuj\u00ed v\u011bkov\u00e9 kategorie a proto \u010dlen\u011bn\u00ed vnit\u0159n\u00ed \u010d\u00e1sti tomu odpov\u00edd\u00e1.<\/p>\n<\/div>\n<div>\n<p><strong><u>Za\u010dnu \u010d\u00e1st\u00ed pro miminka a mal\u00e9 d\u011bti (do 3 let):<\/u><\/strong><\/p>\n<\/div>\n<div>\n<p>Tuto \u010d\u00e1st najdete pobl\u00ed\u017e vstupu do venkovn\u00ed \u010d\u00e1sti. Pokud si budete cht\u00edt odpo\u010dinout, jsou V\u00e1m k dispozici leh\u00e1tka i j\u00eddeln\u00ed stoly se \u017eidlemi, citliv\u011b odd\u011bleny &#8222;z\u00e1clonkou&#8220; od m\u00edst, kde se nejv\u00edce pohybuje lid\u00ed. Hned vedle naleznete p\u0159ebalovac\u00ed pulty s umyvadly a d\u011btskou kosmetikou. M\u00e1te-li pot\u0159ebu sv\u00e9 miminko nakojit, <strong>m\u016f\u017eete vyu\u017e\u00edt koutku pro koj\u00edc\u00ed maminky<\/strong>, k dispozici jsou i koj\u00edc\u00ed pol\u0161t\u00e1\u0159e.<\/p>\n<\/div>\n<div>\n<p><img loading=\"lazy\" decoding=\"async\" class=\"aligncenter wp-image-13182 size-full\" src=\"https:\/\/all4camper.com\/\/wp-content\/uploads\/2018\/02\/IMG_20160922_180547.jpg\" alt=\"\" width=\"640\" height=\"480\" srcset=\"https:\/\/all4camper.com\/wp-content\/uploads\/2018\/02\/IMG_20160922_180547.jpg 640w, https:\/\/all4camper.com\/wp-content\/uploads\/2018\/02\/IMG_20160922_180547-300x225.jpg 300w, https:\/\/all4camper.com\/wp-content\/uploads\/2018\/02\/IMG_20160922_180547-150x113.jpg 150w, https:\/\/all4camper.com\/wp-content\/uploads\/2018\/02\/IMG_20160922_180547-326x245.jpg 326w, https:\/\/all4camper.com\/wp-content\/uploads\/2018\/02\/IMG_20160922_180547-80x60.jpg 80w, https:\/\/all4camper.com\/wp-content\/uploads\/2018\/02\/IMG_20160922_180547-200x150.jpg 200w, https:\/\/all4camper.com\/wp-content\/uploads\/2018\/02\/IMG_20160922_180547-400x300.jpg 400w, https:\/\/all4camper.com\/wp-content\/uploads\/2018\/02\/IMG_20160922_180547-600x450.jpg 600w\" sizes=\"auto, (max-width: 640px) 100vw, 640px\" \/><\/p>\n<p>Hned vedle odpo\u010dinkov\u00e9 z\u00f3ny je um\u00edst\u011bn st\u0159edn\u011b velk\u00fd term\u00e1ln\u00ed baz\u00e9n pro d\u011bti (0-4). <strong>Teplota vody 36\u00b0<\/strong>. Pro z\u00e1bavu d\u011bt\u00ed je k dispozici kr\u00e1sn\u00fd <strong>vodn\u00ed koloto\u010d, trysky a p\u0159ilehl\u00fd whirlpool.<\/strong> Tak\u00e9 hra\u010dky si mohou d\u011bti zap\u016fj\u010dit.<\/p>\n<\/div>\n<div>\n<p>Za t\u00edmto baz\u00e9nem m\u016f\u017eete vyu\u017e\u00edt je\u0161t\u011b jednu velice zaj\u00edmavou &#8222;atrakci&#8220;. Tou je\u00a0<u><strong>Baz\u00e9nek pro u\u010den\u00ed miminek plavat<\/strong>.<\/u>\u00a0Toto jsem up\u0159\u00edmn\u011b je\u0161t\u011b nikde nevid\u011bla. Striktn\u00ed z\u00e1kaz vyu\u017e\u00edv\u00e1n\u00ed baz\u00e9nku pro jin\u00e9 \u00fa\u010dely vid\u00edte hned na ceduli a je dodr\u017eov\u00e1n. U tohoto baz\u00e9nku jsou i p\u0159ebalovac\u00ed pulty, ko\u0161e na pleny, kosmetika a f\u00e9ny. Hloubku odhaduji na 1,5m, velikost 7m x 3m.<\/p>\n<\/div>\n<div>\n<p>Popojdete-li kousek d\u00e1l, hned m\u016f\u017ee vyu\u017e\u00edt <strong>baz\u00e9nem s dal\u0161\u00edmi vodn\u00edmi atrakcemi<\/strong>, jako je mal\u00e1 klouza\u010dka, st\u0159\u00edkadla \u010di houpac\u00ed zv\u00ed\u0159\u00e1tka. I tento baz\u00e9n je m\u011blk\u00fd a tepl\u00fd.<\/p>\n<\/div>\n<div>\n<p>V t\u00e9to \u010d\u00e1sti m\u016f\u017eete je\u0161t\u011b vyu\u017e\u00edt i <strong>d\u011btsk\u00e9 sauny<\/strong>. P\u00e1ru a klasickou. Pro dosp\u011bl\u00e9 p\u0159\u00edstupn\u00fd nen\u00ed, pouze pro d\u011bti, \u010di rodi\u010de s d\u011btmi.<\/p>\n<\/div>\n<div>\n<p>Pokud je V\u00e1m to m\u00e1lo, <strong>po\u0161lete d\u011bti do 3D kina<\/strong>. Br\u00fdle jsou zdarma k zap\u016fj\u010den\u00ed na recepci. Kino s\u00e1l rozhodn\u011b stoj\u00ed za n\u00e1v\u0161t\u011bvu. Leh\u00e1tka, seda\u010dky a klid. V\u0161e d\u011bl\u00e1no pro to, aby se d\u011bti c\u00edtily co nejl\u00e9pe.<\/p>\n<div>\n<div>\n<p><strong><u>\u010c\u00e1st pro v\u011bt\u0161\u00ed d\u011bti (5-15)<\/u><\/strong><\/p>\n<\/div>\n<div>\n<p><strong>T\u0159i vnit\u0159n\u00ed tobog\u00e1ny st\u0159edn\u00ed velikosti, jeden z toho \u010dlunov\u00fd<\/strong>. D\u00e1le dv\u011b mal\u00e9 klouza\u010dky do samostatn\u00e9ho baz\u00e9nku. <strong>Metrov\u00fd skok\u00e1nek do vody, kde je i divok\u00e1 \u0159eka<\/strong>. Baz\u00e9n s um\u011bl\u00fdm vlnobit\u00edm a velik\u00fd whirpool. <strong>Teplota ve v\u0161ech baz\u00e9nech (jsou t\u0159i) je op\u011bt 36\u00b0<\/strong>, whirlpool m\u00e1 dokonce 38\u00b0. Va\u0161e ratolesti se tedy rozhodn\u011b nudit nebudou. V\u0161e je v jedn\u00e9 \u010d\u00e1sti a velice hezky propojeno. Pokud se V\u00e1m nechce koupat, m\u016f\u017eete vyu\u017e\u00edt leh\u00e1tek v p\u0159\u00edzem\u00ed, nebo na galerii. Z ka\u017ed\u00e9ho m\u00edsta velice dob\u0159e vid\u00edte na sv\u00e9 d\u011bti.<\/p>\n<\/div>\n<\/div>\n<div>\n<p>Pot\u0159ebujete-li pro pohyb d\u00edt\u011bte <strong>ko\u010d\u00e1rek, jsou k dispozici zdarma k zap\u016fj\u010den\u00ed.<\/strong> Jak korbi\u010dky, tak klasick\u00e9 seda\u010dky. V\u0161echny cesty v l\u00e1zn\u00edch maj\u00ed bezbari\u00e9rov\u00fd p\u0159\u00edstup a tak se s ko\u010d\u00e1rkem m\u016f\u017eete voln\u011b pohybovat kde pot\u0159ebujete.<\/p>\n<\/div>\n<\/div>\n<div>\n<p><strong><img loading=\"lazy\" decoding=\"async\" class=\"aligncenter wp-image-13185 size-full\" src=\"https:\/\/all4camper.com\/\/wp-content\/uploads\/2018\/02\/termalni-lazne-rakousko_3.jpg\" alt=\"\" width=\"640\" height=\"480\" srcset=\"https:\/\/all4camper.com\/wp-content\/uploads\/2018\/02\/termalni-lazne-rakousko_3.jpg 640w, https:\/\/all4camper.com\/wp-content\/uploads\/2018\/02\/termalni-lazne-rakousko_3-300x225.jpg 300w, https:\/\/all4camper.com\/wp-content\/uploads\/2018\/02\/termalni-lazne-rakousko_3-150x113.jpg 150w, https:\/\/all4camper.com\/wp-content\/uploads\/2018\/02\/termalni-lazne-rakousko_3-326x245.jpg 326w, https:\/\/all4camper.com\/wp-content\/uploads\/2018\/02\/termalni-lazne-rakousko_3-80x60.jpg 80w, https:\/\/all4camper.com\/wp-content\/uploads\/2018\/02\/termalni-lazne-rakousko_3-200x150.jpg 200w, https:\/\/all4camper.com\/wp-content\/uploads\/2018\/02\/termalni-lazne-rakousko_3-400x300.jpg 400w, https:\/\/all4camper.com\/wp-content\/uploads\/2018\/02\/termalni-lazne-rakousko_3-600x450.jpg 600w\" sizes=\"auto, (max-width: 640px) 100vw, 640px\" \/><\/strong><\/p>\n<p><strong><u>\u010c\u00e1st pro v\u011bt\u0161\u00ed d\u011bti (110cm a\u017e neomezeno)<\/u><\/strong><\/p>\n<\/div>\n<div>\n<p>Tuto \u010d\u00e1st ocen\u00ed zejm\u00e9na adolescenti. Jak je i na fotografi\u00edch vid\u011bt, pr\u00e1v\u011b tato \u010d\u00e1st m\u00e1 ty velik\u00e9 tobog\u00e1ny. Jmenuje se Speed world a rozhodn\u011b n\u00e1zev souhlas\u00ed s rychlost\u00ed tobog\u00e1n\u016f. Jejich po\u010det je t\u0159i. Prvn\u00ed a tak\u00e9 nejv\u011bt\u0161\u00ed\u00a0<strong>XXL m\u00e1 neuv\u011b\u0159itelnou d\u00e9lku 270m.<\/strong>\u00a0Jezd\u00ed se na n\u011bm ve \u010dlunech pro dv\u011b, nebo t\u0159i osoby. \u00a0Pak je tam\u00a0<strong>Speed tobog\u00e1n<\/strong>, jeho\u017e sklon je samoz\u0159ejm\u011b prud\u0161\u00ed. Nen\u00ed to ale klasick\u00e9 kamikadze, b\u00e1t se tedy nemus\u00edte. T\u0159et\u00edm a posledn\u00edm tobog\u00e1nem je\u00a0<strong>\u017elut\u00fd<\/strong>, kde proj\u00ed\u017ed\u00edte tmou s mal\u00fdmi sv\u011bt\u00fdlky. Mn\u011b osobn\u011b p\u0159ijde tak\u00e9 rychl\u00fd.<\/p>\n<p><img loading=\"lazy\" decoding=\"async\" class=\"aligncenter wp-image-13186 size-full\" src=\"https:\/\/all4camper.com\/\/wp-content\/uploads\/2018\/02\/termalni-lazne-rakousko_4.jpg\" alt=\"\" width=\"320\" height=\"240\" srcset=\"https:\/\/all4camper.com\/wp-content\/uploads\/2018\/02\/termalni-lazne-rakousko_4.jpg 320w, https:\/\/all4camper.com\/wp-content\/uploads\/2018\/02\/termalni-lazne-rakousko_4-300x225.jpg 300w, https:\/\/all4camper.com\/wp-content\/uploads\/2018\/02\/termalni-lazne-rakousko_4-150x113.jpg 150w, https:\/\/all4camper.com\/wp-content\/uploads\/2018\/02\/termalni-lazne-rakousko_4-80x60.jpg 80w, https:\/\/all4camper.com\/wp-content\/uploads\/2018\/02\/termalni-lazne-rakousko_4-200x150.jpg 200w\" sizes=\"auto, (max-width: 320px) 100vw, 320px\" \/><\/p>\n<p>P\u0159\u00edstup k tobog\u00e1n\u016fm je v\u00fdtahem. Jezd\u00ed pravideln\u011b nahoru a dol\u016f, t\u00edm je zamezeno front\u00e1m a p\u0159epln\u011bnosti naho\u0159e ve v\u011b\u017ei u vstupu do tobog\u00e1n\u016f. V\u0161e je kamerov\u011b monitorov\u00e1no a cel\u00fd den p\u0159\u00edtomen plav\u010d\u00edk.<\/p>\n<\/div>\n<div>\n<p><strong><u>\u010c\u00e1st pro odpo\u010dinek &#8211; SPA<\/u><\/strong><\/p>\n<\/div>\n<div>\n<p>Tato klidov\u00e1 z\u00f3na je v\u0161ude ozna\u010dena cedulkami s prosbou o ticho. Jste-li tedy unaven\u00ed, m\u016f\u017eete si lehnout na leh\u00e1tko a t\u0159eba i zd\u0159\u00edmnout. P\u0159ilehl\u00fd baz\u00e9n m\u00e1 mas\u00e1\u017en\u00ed trysky, leh\u00e1tka a p\u0159\u00edjemnou teplotu 36\u00b0.<\/p>\n<\/div>\n<div>\n<p><img loading=\"lazy\" decoding=\"async\" class=\"aligncenter wp-image-13187 size-full\" src=\"https:\/\/all4camper.com\/\/wp-content\/uploads\/2018\/02\/termalni-lazne-rakousko_5.jpg\" alt=\"\" width=\"640\" height=\"480\" srcset=\"https:\/\/all4camper.com\/wp-content\/uploads\/2018\/02\/termalni-lazne-rakousko_5.jpg 640w, https:\/\/all4camper.com\/wp-content\/uploads\/2018\/02\/termalni-lazne-rakousko_5-300x225.jpg 300w, https:\/\/all4camper.com\/wp-content\/uploads\/2018\/02\/termalni-lazne-rakousko_5-150x113.jpg 150w, https:\/\/all4camper.com\/wp-content\/uploads\/2018\/02\/termalni-lazne-rakousko_5-326x245.jpg 326w, https:\/\/all4camper.com\/wp-content\/uploads\/2018\/02\/termalni-lazne-rakousko_5-80x60.jpg 80w, https:\/\/all4camper.com\/wp-content\/uploads\/2018\/02\/termalni-lazne-rakousko_5-200x150.jpg 200w, https:\/\/all4camper.com\/wp-content\/uploads\/2018\/02\/termalni-lazne-rakousko_5-400x300.jpg 400w, https:\/\/all4camper.com\/wp-content\/uploads\/2018\/02\/termalni-lazne-rakousko_5-600x450.jpg 600w\" sizes=\"auto, (max-width: 640px) 100vw, 640px\" \/><\/p>\n<p><u>Restaurace<\/u><\/p>\n<\/div>\n<div>\n<p>Mus\u00edm \u0159\u00edci, \u017ee m\u011b velice mile p\u0159ekvapila. Ne jen, \u017ee se tam d\u00e1 naj\u00edst zdrav\u011b, ale i ceny jsou p\u0159\u00edv\u011btiv\u00e9. Nav\u00edc je rozd\u011blena do n\u011bkolika z\u00f3n. <strong>Prvn\u00ed je klasick\u00e1 j\u00eddelna s d\u011btsk\u00fdm koutkem<\/strong>. Z n\u00ed se dostanete do venkovn\u00ed \u010d\u00e1sti, kde je povoleno kou\u0159it a z\u00e1rove\u0148 je zaj\u00edmav\u00fd v\u00fdhled na velik\u00e9 tobog\u00e1ny. V\u0161e kr\u00e1sn\u011b slad\u011bno do zelen\u011b.<\/p>\n<p><img loading=\"lazy\" decoding=\"async\" class=\"aligncenter wp-image-13188 size-full\" src=\"https:\/\/all4camper.com\/\/wp-content\/uploads\/2018\/02\/termalni-lazne-rakousko_6.jpg\" alt=\"\" width=\"640\" height=\"480\" srcset=\"https:\/\/all4camper.com\/wp-content\/uploads\/2018\/02\/termalni-lazne-rakousko_6.jpg 640w, https:\/\/all4camper.com\/wp-content\/uploads\/2018\/02\/termalni-lazne-rakousko_6-300x225.jpg 300w, https:\/\/all4camper.com\/wp-content\/uploads\/2018\/02\/termalni-lazne-rakousko_6-150x113.jpg 150w, https:\/\/all4camper.com\/wp-content\/uploads\/2018\/02\/termalni-lazne-rakousko_6-326x245.jpg 326w, https:\/\/all4camper.com\/wp-content\/uploads\/2018\/02\/termalni-lazne-rakousko_6-80x60.jpg 80w, https:\/\/all4camper.com\/wp-content\/uploads\/2018\/02\/termalni-lazne-rakousko_6-200x150.jpg 200w, https:\/\/all4camper.com\/wp-content\/uploads\/2018\/02\/termalni-lazne-rakousko_6-400x300.jpg 400w, https:\/\/all4camper.com\/wp-content\/uploads\/2018\/02\/termalni-lazne-rakousko_6-600x450.jpg 600w\" sizes=\"auto, (max-width: 640px) 100vw, 640px\" \/><\/p>\n<p>Pokud m\u00e1te pot\u0159ebu kou\u0159it, ale venku je zima, m\u016f\u017eete vyu\u017e\u00edt vnit\u0159n\u00ed <strong>ku\u0159\u00e1rnu s klimatizaci<\/strong>, je\u017e je vybavena sedac\u00edmi soupravami a tak\u00e9 z\u00e1suvkami pro nabit\u00ed notebooku \u010di mobilu. V\u0161e uzav\u0159eno tak, aby kou\u0159 neru\u0161il ostatn\u00ed hosty v dal\u0161\u00edch z\u00f3n\u00e1ch. Posledn\u00ed \u010d\u00e1st\u00ed, kter\u00e1 je klidov\u00e1 a m\u016f\u017eete si tam odpo\u010dinout s Va\u0161\u00edm d\u00edt\u011btem a z\u00e1rove\u0148 se naj\u00edst, je uzav\u0159en\u00e1 &#8222;j\u00eddelna&#8220;. <strong>Naleznete v n\u00ed ko\u017een\u00e9 seda\u010dky, stoly, krm\u00edtka pro d\u011bti a tak\u00e9 malou hernu.<\/strong><\/p>\n<\/div>\n<div>\n<p>Pokud chcete oh\u0159\u00e1t ml\u00e9ko, \u010di sunar, na pult\u011b v hlavn\u00ed j\u00eddeln\u011b m\u00e1te k dispozici <strong>oh\u0159\u00edva\u010dku lahv\u00ed \u010di mikrovlnou troubu<\/strong>.<\/p>\n<\/div>\n<div>\n<p><strong>Konzumace sv\u00e9ho j\u00eddla je zde povolena.<\/strong><\/p>\n<\/div>\n<div>\n<p><strong><u>Sauna world<\/u><\/strong><\/p>\n<\/div>\n<div>\n<p>Nen\u00ed velik\u00fd, ale rozhodn\u011b p\u0159\u00edjemn\u00fd. Moc se mi l\u00edb\u00ed jeho styl. Funkcionalismus je v\u0161udyp\u0159\u00edtomn\u00fd. Samoz\u0159ejm\u011b v\u0161e FKK a d\u011bti tam maj\u00ed p\u0159\u00edstup a\u017e od 15let.<\/p>\n<\/div>\n<div>\n<p><img loading=\"lazy\" decoding=\"async\" class=\"aligncenter wp-image-13189 size-full\" src=\"https:\/\/all4camper.com\/\/wp-content\/uploads\/2018\/02\/termalni-lazne-rakousko_7.jpg\" alt=\"\" width=\"320\" height=\"240\" srcset=\"https:\/\/all4camper.com\/wp-content\/uploads\/2018\/02\/termalni-lazne-rakousko_7.jpg 320w, https:\/\/all4camper.com\/wp-content\/uploads\/2018\/02\/termalni-lazne-rakousko_7-300x225.jpg 300w, https:\/\/all4camper.com\/wp-content\/uploads\/2018\/02\/termalni-lazne-rakousko_7-150x113.jpg 150w, https:\/\/all4camper.com\/wp-content\/uploads\/2018\/02\/termalni-lazne-rakousko_7-80x60.jpg 80w, https:\/\/all4camper.com\/wp-content\/uploads\/2018\/02\/termalni-lazne-rakousko_7-200x150.jpg 200w\" sizes=\"auto, (max-width: 320px) 100vw, 320px\" \/><\/p>\n<p>Po vstupu do sauna sv\u011bta se dostanete do hlavn\u00ed m\u00edstnosti. <strong>V n\u00ed je Whirlpool, studen\u00e1 k\u00e1\u010f s vodou a n\u011bkolik saun<\/strong> &#8211; Bylinkov\u00e1, Aroma s hudebn\u00edm podkresem, Infra sauna a P\u00e1ra. D\u00e1le opod\u00e1l sprchy, toalety a mal\u00e1 m\u00edstnost pro d\u00e1my (f\u00e9ny, l\u00ed\u010den\u00ed,&#8230;).<\/p>\n<\/div>\n<div>\n<p>Hned vedle uveden\u00e9 m\u00edstnosti je restaurace s mal\u00fdm ob\u010derstven\u00ed a odpo\u010dinkov\u00fdmi leh\u00e1tky. Chcete-li se vyspat, m\u016f\u017eete vyu\u017e\u00edt <strong>&#8222;spac\u00ed&#8220; m\u00edstnost s krbem. Podm\u00ednkou pobytu zde je absolutn\u00ed klid.<\/strong><\/p>\n<\/div>\n<div>\n<p>Ve venkovn\u00ed \u010d\u00e1sti m\u016f\u017eete vyu\u017e\u00edt finskou saunu. Ta je rozd\u011blena na dv\u011b \u010d\u00e1sti &#8211; mal\u00e9 a velk\u00e1. Pravideln\u011b zde prob\u00edh\u00e1 Aufgus. Pro zchlazen\u00ed zde naleznete jak k\u00e1\u010f se studenou vodou, tak pr\u016fchoz\u00ed baz\u00e9nek. <strong>Hned vedle n\u011bj je whirlpool s teplou vodou (38\u00b0).<\/strong><\/p>\n<\/div>\n<div>\n<p>Na zahrad\u011b se m\u016f\u017eete opalovat na leh\u00e1tk\u00e1ch \u010di si sednou k venkovn\u00edmu ob\u010derstvovac\u00edmu stole\u010dku.<\/p>\n<div>\n<p><strong>Z\u00e1v\u011brem:<\/strong><\/p>\n<\/div>\n<div>\n<p>Douf\u00e1m, \u017ee se mi v tomto p\u0159\u00edsp\u011bvku povedlo V\u00e1s nal\u00e1kat na n\u00e1v\u0161t\u011bvu tohoto aquaparku. Rozhodn\u011b stoj\u00ed za to a my se sem vr\u00e1t\u00edme. Pro ty, kte\u0159\u00ed jezd\u00ed do Erdingu z d\u016fvody z\u00e1bavy pro d\u011bti, \u0159\u00edk\u00e1m, \u017ee toto je jeho velk\u00fd konkurent s p\u0159idanou hodnotou klidu a m\u00e1la lid\u00ed. Nen\u00ed sice tak obrovsk\u00fd, jako Erding, ale rozhodn\u011b nen\u00ed mal\u00fd, jako jin\u00e9 aquaparky. No a v l\u00e9t\u011b &#8211; to mus\u00ed b\u00fdt \u00fa\u017easn\u00e9.<\/p>\n<\/div>\n<div>\n<p>Pokud nem\u00e1te obytn\u00e9 auto, \u010di karavan, ve m\u011bste\u010dku \u010di hned vedle l\u00e1zn\u00ed m\u016f\u017eete vyu\u017e\u00edt velik\u00e9ho mno\u017estv\u00ed nab\u00edzen\u00e9ho ubytov\u00e1n\u00ed.<\/p>\n<\/div>\n<div>\n<p>P\u0159eji kr\u00e1sn\u00fd v\u00fdlet, kr\u00e1sn\u00fd pobyt a hezky si to tam u\u017eijte&#8230;.<\/p>\n<\/div>\n<\/div>\n","protected":false},"excerpt":{"rendered":"<p>V m\u00e9m dal\u0161\u00edm p\u0159\u00edsp\u011bvku bych se s V\u00e1mi r\u00e1da pod\u011blila o na\u0161e z\u00e1\u017eitky z n\u00e1v\u0161t\u011bvy tohoto kr\u00e1sn\u00e9ho aquaparku a term\u00e1ln\u00edch l\u00e1zn\u00ed, kter\u00e9 jsou sv\u00fdm vybaven\u00edm dokonale p\u0159izp\u016fsoben\u00e9 pro d\u011bti jak\u00e9koliv v\u011bkov\u00e9 kategorie.<\/p>\n","protected":false},"author":4,"featured_media":13184,"comment_status":"closed","ping_status":"open","sticky":false,"template":"","format":"standard","meta":{"_monsterinsights_skip_tracking":false,"_monsterinsights_sitenote_active":false,"_monsterinsights_sitenote_note":"","_monsterinsights_sitenote_category":0,"footnotes":""},"categories":[2379,342],"tags":[89,106,105,81],"class_list":{"0":"post-13180","1":"post","2":"type-post","3":"status-publish","4":"format-standard","5":"has-post-thumbnail","7":"category-kempujeme-a-cestujeme-v-rakousku","8":"category-termalni-lazne-a-aquaparky-zabavni-parky","9":"tag-aquapark","10":"tag-dovolena-s-detmi-1","11":"tag-rakousko","12":"tag-termalni-lazne"},"yoast_head":"<!-- This site is optimized with the Yoast SEO plugin v27.5 - https:\/\/yoast.com\/product\/yoast-seo-wordpress\/ -->\n<title>Sonnentherme - Kr\u00e1sn\u00e9 term\u00e1ln\u00ed l\u00e1zn\u011b v Rakousku, jen kousek od Ma\u010farska - All4Camper<\/title>\n<meta name=\"description\" content=\"All4Camper - Sonnentherme - Kr\u00e1sn\u00e9 term\u00e1ln\u00ed l\u00e1zn\u011b v Rakousku, jen kousek od Ma\u010farska\" \/>\n<meta name=\"robots\" content=\"index, follow, max-snippet:-1, max-image-preview:large, max-video-preview:-1\" \/>\n<link rel=\"canonical\" href=\"https:\/\/all4camper.com\/cs\/sonnentherme-krasne-termalni-lazne-v-rakousku\/\" \/>\n<meta property=\"og:locale\" content=\"cs_CZ\" \/>\n<meta property=\"og:type\" content=\"article\" \/>\n<meta property=\"og:title\" content=\"Sonnentherme - Kr\u00e1sn\u00e9 term\u00e1ln\u00ed l\u00e1zn\u011b v Rakousku, jen kousek od Ma\u010farska - All4Camper\" \/>\n<meta property=\"og:description\" content=\"All4Camper - Sonnentherme - Kr\u00e1sn\u00e9 term\u00e1ln\u00ed l\u00e1zn\u011b v Rakousku, jen kousek od Ma\u010farska\" \/>\n<meta property=\"og:url\" content=\"https:\/\/all4camper.com\/cs\/sonnentherme-krasne-termalni-lazne-v-rakousku\/\" \/>\n<meta property=\"og:site_name\" content=\"All4Camper\" \/>\n<meta property=\"article:published_time\" content=\"2018-02-16T14:34:03+00:00\" \/>\n<meta property=\"article:modified_time\" content=\"2019-09-19T10:27:03+00:00\" \/>\n<meta property=\"og:image\" content=\"https:\/\/all4camper.com\/wp-content\/uploads\/2018\/02\/termalni-lazne-rakousko_2.jpg\" \/>\n\t<meta property=\"og:image:width\" content=\"640\" \/>\n\t<meta property=\"og:image:height\" content=\"480\" \/>\n\t<meta property=\"og:image:type\" content=\"image\/jpeg\" \/>\n<meta name=\"author\" content=\"Kl\u00e1ra H\u00e1jkov\u00e1\" \/>\n<meta name=\"twitter:card\" content=\"summary_large_image\" \/>\n<meta name=\"twitter:label1\" content=\"Napsal(a)\" \/>\n\t<meta name=\"twitter:data1\" content=\"Kl\u00e1ra H\u00e1jkov\u00e1\" \/>\n\t<meta name=\"twitter:label2\" content=\"Odhadovan\u00e1 doba \u010dten\u00ed\" \/>\n\t<meta name=\"twitter:data2\" content=\"10 minut\" \/>\n<script type=\"application\/ld+json\" class=\"yoast-schema-graph\">{\"@context\":\"https:\\\/\\\/schema.org\",\"@graph\":[{\"@type\":\"Article\",\"@id\":\"https:\\\/\\\/all4camper.com\\\/cs\\\/sonnentherme-krasne-termalni-lazne-v-rakousku\\\/#article\",\"isPartOf\":{\"@id\":\"https:\\\/\\\/all4camper.com\\\/cs\\\/sonnentherme-krasne-termalni-lazne-v-rakousku\\\/\"},\"author\":{\"name\":\"Kl\u00e1ra H\u00e1jkov\u00e1\",\"@id\":\"https:\\\/\\\/all4camper.com\\\/cs\\\/#\\\/schema\\\/person\\\/c6f1efdf1d02bc7d8c53a891cbe18c62\"},\"headline\":\"Sonnentherme &#8211; Kr\u00e1sn\u00e9 term\u00e1ln\u00ed l\u00e1zn\u011b v Rakousku, jen kousek od Ma\u010farska\",\"datePublished\":\"2018-02-16T14:34:03+00:00\",\"dateModified\":\"2019-09-19T10:27:03+00:00\",\"mainEntityOfPage\":{\"@id\":\"https:\\\/\\\/all4camper.com\\\/cs\\\/sonnentherme-krasne-termalni-lazne-v-rakousku\\\/\"},\"wordCount\":1980,\"publisher\":{\"@id\":\"https:\\\/\\\/all4camper.com\\\/cs\\\/#organization\"},\"image\":{\"@id\":\"https:\\\/\\\/all4camper.com\\\/cs\\\/sonnentherme-krasne-termalni-lazne-v-rakousku\\\/#primaryimage\"},\"thumbnailUrl\":\"https:\\\/\\\/all4camper.com\\\/wp-content\\\/uploads\\\/2018\\\/02\\\/termalni-lazne-rakousko_2.jpg\",\"keywords\":[\"aquapark\",\"Dovolen\u00e1 s d\u011btmi\",\"Rakousko\",\"Term\u00e1ln\u00ed l\u00e1zn\u011b\"],\"articleSection\":[\"Kempujeme a cestujeme v Rakousku\",\"Term\u00e1ln\u00ed l\u00e1zn\u011b, akvaparky a z\u00e1bavn\u00ed parky\"],\"inLanguage\":\"cs\"},{\"@type\":\"WebPage\",\"@id\":\"https:\\\/\\\/all4camper.com\\\/cs\\\/sonnentherme-krasne-termalni-lazne-v-rakousku\\\/\",\"url\":\"https:\\\/\\\/all4camper.com\\\/cs\\\/sonnentherme-krasne-termalni-lazne-v-rakousku\\\/\",\"name\":\"Sonnentherme - Kr\u00e1sn\u00e9 term\u00e1ln\u00ed l\u00e1zn\u011b v Rakousku, jen kousek od Ma\u010farska - All4Camper\",\"isPartOf\":{\"@id\":\"https:\\\/\\\/all4camper.com\\\/cs\\\/#website\"},\"primaryImageOfPage\":{\"@id\":\"https:\\\/\\\/all4camper.com\\\/cs\\\/sonnentherme-krasne-termalni-lazne-v-rakousku\\\/#primaryimage\"},\"image\":{\"@id\":\"https:\\\/\\\/all4camper.com\\\/cs\\\/sonnentherme-krasne-termalni-lazne-v-rakousku\\\/#primaryimage\"},\"thumbnailUrl\":\"https:\\\/\\\/all4camper.com\\\/wp-content\\\/uploads\\\/2018\\\/02\\\/termalni-lazne-rakousko_2.jpg\",\"datePublished\":\"2018-02-16T14:34:03+00:00\",\"dateModified\":\"2019-09-19T10:27:03+00:00\",\"description\":\"All4Camper - Sonnentherme - Kr\u00e1sn\u00e9 term\u00e1ln\u00ed l\u00e1zn\u011b v Rakousku, jen kousek od Ma\u010farska\",\"breadcrumb\":{\"@id\":\"https:\\\/\\\/all4camper.com\\\/cs\\\/sonnentherme-krasne-termalni-lazne-v-rakousku\\\/#breadcrumb\"},\"inLanguage\":\"cs\",\"potentialAction\":[{\"@type\":\"ReadAction\",\"target\":[\"https:\\\/\\\/all4camper.com\\\/cs\\\/sonnentherme-krasne-termalni-lazne-v-rakousku\\\/\"]}]},{\"@type\":\"ImageObject\",\"inLanguage\":\"cs\",\"@id\":\"https:\\\/\\\/all4camper.com\\\/cs\\\/sonnentherme-krasne-termalni-lazne-v-rakousku\\\/#primaryimage\",\"url\":\"https:\\\/\\\/all4camper.com\\\/wp-content\\\/uploads\\\/2018\\\/02\\\/termalni-lazne-rakousko_2.jpg\",\"contentUrl\":\"https:\\\/\\\/all4camper.com\\\/wp-content\\\/uploads\\\/2018\\\/02\\\/termalni-lazne-rakousko_2.jpg\",\"width\":640,\"height\":480},{\"@type\":\"BreadcrumbList\",\"@id\":\"https:\\\/\\\/all4camper.com\\\/cs\\\/sonnentherme-krasne-termalni-lazne-v-rakousku\\\/#breadcrumb\",\"itemListElement\":[{\"@type\":\"ListItem\",\"position\":1,\"name\":\"Dom\u016f\",\"item\":\"https:\\\/\\\/all4camper.com\\\/cs\\\/\"},{\"@type\":\"ListItem\",\"position\":2,\"name\":\"Kempujeme a cestujeme v Rakousku\",\"item\":\"https:\\\/\\\/all4camper.com\\\/cs\\\/category\\\/kempujeme-a-cestujeme-v-rakousku\\\/\"},{\"@type\":\"ListItem\",\"position\":3,\"name\":\"Sonnentherme &#8211; Kr\u00e1sn\u00e9 term\u00e1ln\u00ed l\u00e1zn\u011b v Rakousku, jen kousek od Ma\u010farska\"}]},{\"@type\":\"WebSite\",\"@id\":\"https:\\\/\\\/all4camper.com\\\/cs\\\/#website\",\"url\":\"https:\\\/\\\/all4camper.com\\\/cs\\\/\",\"name\":\"All4Camper\",\"description\":\"Nejv\u011bt\u0161\u00ed online magaz\u00edn o kempov\u00e1n\u00ed a karavaninku. V\u00edce jak 900 \u010dl\u00e1nk\u016f pln\u00fdch rad a tip\u016f o kempech a kempov\u00e1n\u00ed.\",\"publisher\":{\"@id\":\"https:\\\/\\\/all4camper.com\\\/cs\\\/#organization\"},\"potentialAction\":[{\"@type\":\"SearchAction\",\"target\":{\"@type\":\"EntryPoint\",\"urlTemplate\":\"https:\\\/\\\/all4camper.com\\\/cs\\\/?s={search_term_string}\"},\"query-input\":{\"@type\":\"PropertyValueSpecification\",\"valueRequired\":true,\"valueName\":\"search_term_string\"}}],\"inLanguage\":\"cs\"},{\"@type\":\"Organization\",\"@id\":\"https:\\\/\\\/all4camper.com\\\/cs\\\/#organization\",\"name\":\"All4Camper - kempujeme s Kl\u00e1rou\",\"url\":\"https:\\\/\\\/all4camper.com\\\/cs\\\/\",\"logo\":{\"@type\":\"ImageObject\",\"inLanguage\":\"cs\",\"@id\":\"https:\\\/\\\/all4camper.com\\\/cs\\\/#\\\/schema\\\/logo\\\/image\\\/\",\"url\":\"https:\\\/\\\/all4camper.com\\\/wp-content\\\/uploads\\\/2018\\\/09\\\/novelogo.png\",\"contentUrl\":\"https:\\\/\\\/all4camper.com\\\/wp-content\\\/uploads\\\/2018\\\/09\\\/novelogo.png\",\"width\":1520,\"height\":600,\"caption\":\"All4Camper - kempujeme s Kl\u00e1rou\"},\"image\":{\"@id\":\"https:\\\/\\\/all4camper.com\\\/cs\\\/#\\\/schema\\\/logo\\\/image\\\/\"}},{\"@type\":\"Person\",\"@id\":\"https:\\\/\\\/all4camper.com\\\/cs\\\/#\\\/schema\\\/person\\\/c6f1efdf1d02bc7d8c53a891cbe18c62\",\"name\":\"Kl\u00e1ra H\u00e1jkov\u00e1\",\"sameAs\":[\"http:\\\/\\\/www.all4camper.com\"],\"url\":\"https:\\\/\\\/all4camper.com\\\/cs\\\/author\\\/klarinkacestuje1\\\/\"}]}<\/script>\n<!-- \/ Yoast SEO plugin. -->","yoast_head_json":{"title":"Sonnentherme - Kr\u00e1sn\u00e9 term\u00e1ln\u00ed l\u00e1zn\u011b v Rakousku, jen kousek od Ma\u010farska - All4Camper","description":"All4Camper - Sonnentherme - Kr\u00e1sn\u00e9 term\u00e1ln\u00ed l\u00e1zn\u011b v Rakousku, jen kousek od Ma\u010farska","robots":{"index":"index","follow":"follow","max-snippet":"max-snippet:-1","max-image-preview":"max-image-preview:large","max-video-preview":"max-video-preview:-1"},"canonical":"https:\/\/all4camper.com\/cs\/sonnentherme-krasne-termalni-lazne-v-rakousku\/","og_locale":"cs_CZ","og_type":"article","og_title":"Sonnentherme - Kr\u00e1sn\u00e9 term\u00e1ln\u00ed l\u00e1zn\u011b v Rakousku, jen kousek od Ma\u010farska - All4Camper","og_description":"All4Camper - Sonnentherme - Kr\u00e1sn\u00e9 term\u00e1ln\u00ed l\u00e1zn\u011b v Rakousku, jen kousek od Ma\u010farska","og_url":"https:\/\/all4camper.com\/cs\/sonnentherme-krasne-termalni-lazne-v-rakousku\/","og_site_name":"All4Camper","article_published_time":"2018-02-16T14:34:03+00:00","article_modified_time":"2019-09-19T10:27:03+00:00","og_image":[{"width":640,"height":480,"url":"https:\/\/all4camper.com\/wp-content\/uploads\/2018\/02\/termalni-lazne-rakousko_2.jpg","type":"image\/jpeg"}],"author":"Kl\u00e1ra H\u00e1jkov\u00e1","twitter_card":"summary_large_image","twitter_misc":{"Napsal(a)":"Kl\u00e1ra H\u00e1jkov\u00e1","Odhadovan\u00e1 doba \u010dten\u00ed":"10 minut"},"schema":{"@context":"https:\/\/schema.org","@graph":[{"@type":"Article","@id":"https:\/\/all4camper.com\/cs\/sonnentherme-krasne-termalni-lazne-v-rakousku\/#article","isPartOf":{"@id":"https:\/\/all4camper.com\/cs\/sonnentherme-krasne-termalni-lazne-v-rakousku\/"},"author":{"name":"Kl\u00e1ra H\u00e1jkov\u00e1","@id":"https:\/\/all4camper.com\/cs\/#\/schema\/person\/c6f1efdf1d02bc7d8c53a891cbe18c62"},"headline":"Sonnentherme &#8211; Kr\u00e1sn\u00e9 term\u00e1ln\u00ed l\u00e1zn\u011b v Rakousku, jen kousek od Ma\u010farska","datePublished":"2018-02-16T14:34:03+00:00","dateModified":"2019-09-19T10:27:03+00:00","mainEntityOfPage":{"@id":"https:\/\/all4camper.com\/cs\/sonnentherme-krasne-termalni-lazne-v-rakousku\/"},"wordCount":1980,"publisher":{"@id":"https:\/\/all4camper.com\/cs\/#organization"},"image":{"@id":"https:\/\/all4camper.com\/cs\/sonnentherme-krasne-termalni-lazne-v-rakousku\/#primaryimage"},"thumbnailUrl":"https:\/\/all4camper.com\/wp-content\/uploads\/2018\/02\/termalni-lazne-rakousko_2.jpg","keywords":["aquapark","Dovolen\u00e1 s d\u011btmi","Rakousko","Term\u00e1ln\u00ed l\u00e1zn\u011b"],"articleSection":["Kempujeme a cestujeme v Rakousku","Term\u00e1ln\u00ed l\u00e1zn\u011b, akvaparky a z\u00e1bavn\u00ed parky"],"inLanguage":"cs"},{"@type":"WebPage","@id":"https:\/\/all4camper.com\/cs\/sonnentherme-krasne-termalni-lazne-v-rakousku\/","url":"https:\/\/all4camper.com\/cs\/sonnentherme-krasne-termalni-lazne-v-rakousku\/","name":"Sonnentherme - Kr\u00e1sn\u00e9 term\u00e1ln\u00ed l\u00e1zn\u011b v Rakousku, jen kousek od Ma\u010farska - All4Camper","isPartOf":{"@id":"https:\/\/all4camper.com\/cs\/#website"},"primaryImageOfPage":{"@id":"https:\/\/all4camper.com\/cs\/sonnentherme-krasne-termalni-lazne-v-rakousku\/#primaryimage"},"image":{"@id":"https:\/\/all4camper.com\/cs\/sonnentherme-krasne-termalni-lazne-v-rakousku\/#primaryimage"},"thumbnailUrl":"https:\/\/all4camper.com\/wp-content\/uploads\/2018\/02\/termalni-lazne-rakousko_2.jpg","datePublished":"2018-02-16T14:34:03+00:00","dateModified":"2019-09-19T10:27:03+00:00","description":"All4Camper - Sonnentherme - Kr\u00e1sn\u00e9 term\u00e1ln\u00ed l\u00e1zn\u011b v Rakousku, jen kousek od Ma\u010farska","breadcrumb":{"@id":"https:\/\/all4camper.com\/cs\/sonnentherme-krasne-termalni-lazne-v-rakousku\/#breadcrumb"},"inLanguage":"cs","potentialAction":[{"@type":"ReadAction","target":["https:\/\/all4camper.com\/cs\/sonnentherme-krasne-termalni-lazne-v-rakousku\/"]}]},{"@type":"ImageObject","inLanguage":"cs","@id":"https:\/\/all4camper.com\/cs\/sonnentherme-krasne-termalni-lazne-v-rakousku\/#primaryimage","url":"https:\/\/all4camper.com\/wp-content\/uploads\/2018\/02\/termalni-lazne-rakousko_2.jpg","contentUrl":"https:\/\/all4camper.com\/wp-content\/uploads\/2018\/02\/termalni-lazne-rakousko_2.jpg","width":640,"height":480},{"@type":"BreadcrumbList","@id":"https:\/\/all4camper.com\/cs\/sonnentherme-krasne-termalni-lazne-v-rakousku\/#breadcrumb","itemListElement":[{"@type":"ListItem","position":1,"name":"Dom\u016f","item":"https:\/\/all4camper.com\/cs\/"},{"@type":"ListItem","position":2,"name":"Kempujeme a cestujeme v Rakousku","item":"https:\/\/all4camper.com\/cs\/category\/kempujeme-a-cestujeme-v-rakousku\/"},{"@type":"ListItem","position":3,"name":"Sonnentherme &#8211; Kr\u00e1sn\u00e9 term\u00e1ln\u00ed l\u00e1zn\u011b v Rakousku, jen kousek od Ma\u010farska"}]},{"@type":"WebSite","@id":"https:\/\/all4camper.com\/cs\/#website","url":"https:\/\/all4camper.com\/cs\/","name":"All4Camper","description":"Nejv\u011bt\u0161\u00ed online magaz\u00edn o kempov\u00e1n\u00ed a karavaninku. V\u00edce jak 900 \u010dl\u00e1nk\u016f pln\u00fdch rad a tip\u016f o kempech a kempov\u00e1n\u00ed.","publisher":{"@id":"https:\/\/all4camper.com\/cs\/#organization"},"potentialAction":[{"@type":"SearchAction","target":{"@type":"EntryPoint","urlTemplate":"https:\/\/all4camper.com\/cs\/?s={search_term_string}"},"query-input":{"@type":"PropertyValueSpecification","valueRequired":true,"valueName":"search_term_string"}}],"inLanguage":"cs"},{"@type":"Organization","@id":"https:\/\/all4camper.com\/cs\/#organization","name":"All4Camper - kempujeme s Kl\u00e1rou","url":"https:\/\/all4camper.com\/cs\/","logo":{"@type":"ImageObject","inLanguage":"cs","@id":"https:\/\/all4camper.com\/cs\/#\/schema\/logo\/image\/","url":"https:\/\/all4camper.com\/wp-content\/uploads\/2018\/09\/novelogo.png","contentUrl":"https:\/\/all4camper.com\/wp-content\/uploads\/2018\/09\/novelogo.png","width":1520,"height":600,"caption":"All4Camper - kempujeme s Kl\u00e1rou"},"image":{"@id":"https:\/\/all4camper.com\/cs\/#\/schema\/logo\/image\/"}},{"@type":"Person","@id":"https:\/\/all4camper.com\/cs\/#\/schema\/person\/c6f1efdf1d02bc7d8c53a891cbe18c62","name":"Kl\u00e1ra H\u00e1jkov\u00e1","sameAs":["http:\/\/www.all4camper.com"],"url":"https:\/\/all4camper.com\/cs\/author\/klarinkacestuje1\/"}]}},"_links":{"self":[{"href":"https:\/\/all4camper.com\/cs\/wp-json\/wp\/v2\/posts\/13180","targetHints":{"allow":["GET"]}}],"collection":[{"href":"https:\/\/all4camper.com\/cs\/wp-json\/wp\/v2\/posts"}],"about":[{"href":"https:\/\/all4camper.com\/cs\/wp-json\/wp\/v2\/types\/post"}],"author":[{"embeddable":true,"href":"https:\/\/all4camper.com\/cs\/wp-json\/wp\/v2\/users\/4"}],"replies":[{"embeddable":true,"href":"https:\/\/all4camper.com\/cs\/wp-json\/wp\/v2\/comments?post=13180"}],"version-history":[{"count":0,"href":"https:\/\/all4camper.com\/cs\/wp-json\/wp\/v2\/posts\/13180\/revisions"}],"wp:featuredmedia":[{"embeddable":true,"href":"https:\/\/all4camper.com\/cs\/wp-json\/wp\/v2\/media\/13184"}],"wp:attachment":[{"href":"https:\/\/all4camper.com\/cs\/wp-json\/wp\/v2\/media?parent=13180"}],"wp:term":[{"taxonomy":"category","embeddable":true,"href":"https:\/\/all4camper.com\/cs\/wp-json\/wp\/v2\/categories?post=13180"},{"taxonomy":"post_tag","embeddable":true,"href":"https:\/\/all4camper.com\/cs\/wp-json\/wp\/v2\/tags?post=13180"}],"curies":[{"name":"wp","href":"https:\/\/api.w.org\/{rel}","templated":true}]}}