{"id":13088,"date":"2021-02-15T19:56:00","date_gmt":"2021-02-15T18:56:00","guid":{"rendered":"http:\/\/all4camper.com\/cz\/?p=13088"},"modified":"2023-01-02T09:39:11","modified_gmt":"2023-01-02T08:39:11","slug":"grubhof-krasny-kemp-nedaleko-salzburgu","status":"publish","type":"post","link":"https:\/\/all4camper.com\/cs\/grubhof-krasny-kemp-nedaleko-salzburgu\/","title":{"rendered":"Grubhof &#8211; kr\u00e1sn\u00fd celoro\u010dn\u00ed kemp nedaleko Salzburgu"},"content":{"rendered":"\n<p><strong>Tak tento kemp prost\u011b miluji&#8230; Ale hezky od za\u010d\u00e1tku. Tak\u017ee, hled\u00e1te-li p\u0159\u00edjemn\u00fd kemp s nemalou nab\u00eddkou aktivn\u00edho odpo\u010dinku, jen kousek za Salzburgem, tak rozhodn\u011b doporu\u010duji n\u00e1v\u0161t\u011bvu tohoto kempu. Z m\u00e9ho pohledu je to jeden z m\u00e1la kemp\u016f, kde pom\u011br cena v\u00fdkon je v Rakousku naprosto vyv\u00e1\u017een\u00fd a pro n\u00e1s cenov\u011b i vzd\u00e1lenostn\u011b dostupn\u00fd. Kde jej najdete a pro\u010d jej m\u00e1m tak r\u00e1da?<\/strong><\/p>\n\n\n\n<figure class=\"wp-block-image size-full\"><img loading=\"lazy\" decoding=\"async\" width=\"1200\" height=\"630\" src=\"https:\/\/all4camper.com\/\/wp-content\/uploads\/2022\/01\/grubhof4.jpeg\" alt=\"\" class=\"wp-image-138802\" srcset=\"https:\/\/all4camper.com\/wp-content\/uploads\/2022\/01\/grubhof4.jpeg 1200w, https:\/\/all4camper.com\/wp-content\/uploads\/2022\/01\/grubhof4-300x158.jpeg 300w, https:\/\/all4camper.com\/wp-content\/uploads\/2022\/01\/grubhof4-150x79.jpeg 150w, https:\/\/all4camper.com\/wp-content\/uploads\/2022\/01\/grubhof4-768x403.jpeg 768w, https:\/\/all4camper.com\/wp-content\/uploads\/2022\/01\/grubhof4-696x365.jpeg 696w, https:\/\/all4camper.com\/wp-content\/uploads\/2022\/01\/grubhof4-1068x561.jpeg 1068w\" sizes=\"auto, (max-width: 1200px) 100vw, 1200px\" \/><\/figure>\n\n\n\n<h2 class=\"wp-block-heading\"><strong>Z\u00e1kladn\u00ed informace:<\/strong><\/h2>\n\n\n\n<ul class=\"wp-block-list\">\n<li><strong>M\u011bste\u010dko:<\/strong>\u00a0St. Martin, kousek od Lofer<\/li>\n\n\n\n<li>GPS:&nbsp;47.574917, 12.705386<\/li>\n<\/ul>\n\n\n\n<h2 class=\"wp-block-heading\"><strong>Pro\u010d se n\u00e1m tento kemp tak hodn\u011b l\u00edb\u00ed? <\/strong><\/h2>\n\n\n\n<h3 class=\"wp-block-heading\"><strong>Za\u010dnu l\u00e9tem<\/strong><\/h3>\n\n\n<div class=\"wp-block-image\">\n<figure class=\"aligncenter\"><img loading=\"lazy\" decoding=\"async\" width=\"1024\" height=\"685\" src=\"https:\/\/all4camper.com\/\/wp-content\/uploads\/2018\/02\/grubhoff-1024x685.jpg\" alt=\"\" class=\"wp-image-13097\" srcset=\"https:\/\/all4camper.com\/wp-content\/uploads\/2018\/02\/grubhoff-1024x685.jpg 1024w, https:\/\/all4camper.com\/wp-content\/uploads\/2018\/02\/grubhoff-300x201.jpg 300w, https:\/\/all4camper.com\/wp-content\/uploads\/2018\/02\/grubhoff-1616x1080.jpg 1616w, https:\/\/all4camper.com\/wp-content\/uploads\/2018\/02\/grubhoff-150x100.jpg 150w, https:\/\/all4camper.com\/wp-content\/uploads\/2018\/02\/grubhoff-768x513.jpg 768w, https:\/\/all4camper.com\/wp-content\/uploads\/2018\/02\/grubhoff-1536x1027.jpg 1536w, https:\/\/all4camper.com\/wp-content\/uploads\/2018\/02\/grubhoff.jpg 2000w, https:\/\/all4camper.com\/wp-content\/uploads\/2018\/02\/grubhoff-200x134.jpg 200w, https:\/\/all4camper.com\/wp-content\/uploads\/2018\/02\/grubhoff-400x267.jpg 400w, https:\/\/all4camper.com\/wp-content\/uploads\/2018\/02\/grubhoff-600x401.jpg 600w, https:\/\/all4camper.com\/wp-content\/uploads\/2018\/02\/grubhoff-800x535.jpg 800w, https:\/\/all4camper.com\/wp-content\/uploads\/2018\/02\/grubhoff-1200x802.jpg 1200w\" sizes=\"auto, (max-width: 1024px) 100vw, 1024px\" \/><\/figure>\n<\/div>\n\n\n<p>Tento kemp je situov\u00e1n u \u0159eky kde je mo\u017enost zap\u016fj\u010den\u00ed raft\u016f a t\u00edm si projet i cel\u00e9 zdej\u0161\u00ed \u00fadol\u00ed. Dal\u0161\u00ed mo\u017enost\u00ed je nemal\u00e9 mno\u017estv\u00ed cyklostezek, turistick\u00fdch cest a samoz\u0159ejm\u011b n\u00e1v\u0161t\u011bva nedalek\u00e9ho Loferu (Ski are\u00e1lu a m\u011bste\u010dka). <strong>Pokud se v\u00e1m bude cht\u00edt se vykoupat, m\u016f\u017eete vyu\u017e\u00edt kempem prot\u00e9kaj\u00edc\u00ed \u0159eku, kter\u00e1 je n\u00e1dhern\u011b pr\u016fzra\u010dn\u00e1.<\/strong> A \u017ee k tomu koup\u00e1n\u00ed sakra l\u00e1k\u00e1! Jinak v okol\u00ed je velk\u00e9 mno\u017estv\u00ed ekofarem, kde za drobn\u00fd poplatek nakoup\u00edte \u010derstv\u00e9 potraviny a podpo\u0159\u00edte tak zdej\u0161\u00ed zem\u011bd\u011blce a chovatele. Je to tu jedn\u00edm slovem kr\u00e1sn\u011b klidn\u00e9, malebn\u00e9 a v okol\u00ed je nem\u00e1lo mo\u017enost\u00ed pro p\u011b\u0161\u00ed turistiku. O v\u0161em v\u00e1s budou r\u00e1di informovat na recepci kempu.<\/p>\n\n\n\n<h3 class=\"wp-block-heading\"><strong>Zima<\/strong><\/h3>\n\n\n\n<p>Proto\u017ee jsme v tomto kempu byli i n\u011bkolikr\u00e1t v zim\u011b, zejm\u00e9na p\u0159es v\u00e1no\u010dn\u00ed pr\u00e1zdniny, tak mohu potvrdit perfektn\u00ed servis a plnou nab\u00eddku uvedenou na jejich webu. <strong>Ski<\/strong> <strong>bus jezd\u00ed ka\u017ed\u00fdch 30 minut a zastavuje p\u0159\u00edmo u vyt\u00e1p\u011bn\u00e9 ly\u017e\u00e1rny nach\u00e1zej\u00edc\u00ed se v kempu.<\/strong> Samoz\u0159ejm\u011b si ale m\u016f\u017eete nechat ly\u017ee u skiare\u00e1lu a m\u00e1te to zdarma.  Nutno dodat, ale nen\u00ed to \u017e\u00e1dn\u00e1 novinka v rakousk\u00fdch zimn\u00edch kempech, \u017ee v p\u0159\u00edpad\u011b sn\u011b\u017een\u00ed je kemp perfektn\u011b udr\u017eov\u00e1n a n\u011bkolikr\u00e1t denn\u011b j\u00edm proj\u00ed\u017ed\u00ed pluh.<\/p>\n\n\n<div class=\"wp-block-image\">\n<figure class=\"aligncenter\"><img loading=\"lazy\" decoding=\"async\" width=\"1280\" height=\"960\" src=\"https:\/\/all4camper.com\/\/wp-content\/uploads\/2018\/02\/26513578_2005524819661427_2120936762_o.jpg\" alt=\"\" class=\"wp-image-13094\" srcset=\"https:\/\/all4camper.com\/wp-content\/uploads\/2018\/02\/26513578_2005524819661427_2120936762_o.jpg 1280w, https:\/\/all4camper.com\/wp-content\/uploads\/2018\/02\/26513578_2005524819661427_2120936762_o-300x225.jpg 300w, https:\/\/all4camper.com\/wp-content\/uploads\/2018\/02\/26513578_2005524819661427_2120936762_o-150x113.jpg 150w, https:\/\/all4camper.com\/wp-content\/uploads\/2018\/02\/26513578_2005524819661427_2120936762_o-768x576.jpg 768w, https:\/\/all4camper.com\/wp-content\/uploads\/2018\/02\/26513578_2005524819661427_2120936762_o-678x509.jpg 678w, https:\/\/all4camper.com\/wp-content\/uploads\/2018\/02\/26513578_2005524819661427_2120936762_o-326x245.jpg 326w, https:\/\/all4camper.com\/wp-content\/uploads\/2018\/02\/26513578_2005524819661427_2120936762_o-80x60.jpg 80w, https:\/\/all4camper.com\/wp-content\/uploads\/2018\/02\/26513578_2005524819661427_2120936762_o-1024x768.jpg 1024w, https:\/\/all4camper.com\/wp-content\/uploads\/2018\/02\/26513578_2005524819661427_2120936762_o-700x525.jpg 700w, https:\/\/all4camper.com\/wp-content\/uploads\/2018\/02\/26513578_2005524819661427_2120936762_o-200x150.jpg 200w, https:\/\/all4camper.com\/wp-content\/uploads\/2018\/02\/26513578_2005524819661427_2120936762_o-400x300.jpg 400w, https:\/\/all4camper.com\/wp-content\/uploads\/2018\/02\/26513578_2005524819661427_2120936762_o-600x450.jpg 600w, https:\/\/all4camper.com\/wp-content\/uploads\/2018\/02\/26513578_2005524819661427_2120936762_o-800x600.jpg 800w, https:\/\/all4camper.com\/wp-content\/uploads\/2018\/02\/26513578_2005524819661427_2120936762_o-1200x900.jpg 1200w\" sizes=\"auto, (max-width: 1280px) 100vw, 1280px\" \/><\/figure>\n<\/div>\n\n\n<p><strong>Co se n\u00e1m v tomto kempu velice l\u00edb\u00ed<\/strong>, je zdej\u0161\u00ed Wellness. Po celodenn\u00edm ly\u017eov\u00e1n\u00ed m\u00e1te toti\u017e mo\u017enost vyu\u017e\u00edt zdej\u0161\u00ed sauny a n\u011bkolik relaxa\u010dn\u00edch m\u00edstnost\u00ed, kter\u00e9 jsou opravdu moc kr\u00e1sn\u00e9. Relaxaci zp\u0159\u00edjemn\u00ed i nemal\u00e1 nab\u00eddka velice kvalitn\u00edch \u010daj\u016f mnoha chut\u00ed (samoz\u0159ejm\u011b bez poplatku) \u010di vody. Nem\u00e1te-li s sebou d\u011bti, jist\u011b budete pot\u011b\u0161eni \u010dasov\u00fdm omezen\u00edm vstupu pro mal\u00e9 n\u00e1v\u0161t\u011bvn\u00edky. <strong>Ty se mohou ve Wellness prostoru pohybovat od 15:00 &#8211; 18:00. Pak je ji\u017e tato \u010d\u00e1st opravdu jen pro dosp\u011bl\u00e9<\/strong> a t\u00edm je zaru\u010den klid n\u00e1v\u0161t\u011bvn\u00edk\u016fm. Tohle se n\u00e1m prost\u011b l\u00edb\u00ed. Jen je t\u0159eba po\u010d\u00edtat s t\u00edm, \u017ee zde nen\u00ed ochlazovac\u00ed k\u00e1\u010f \u010di baz\u00e9nek, ale pouze sprchy \u010di mo\u017enost vyj\u00edt ven na terasu. V zim\u011b je to ale v\u00edce ne\u017e dosta\u010duj\u00edc\u00ed. A ta pohoda&#8230;<\/p>\n\n\n\n<figure class=\"wp-block-image size-full\"><img loading=\"lazy\" decoding=\"async\" width=\"877\" height=\"600\" src=\"https:\/\/all4camper.com\/\/wp-content\/uploads\/2022\/01\/grubhof-welness.jpg\" alt=\"\" class=\"wp-image-138797\" srcset=\"https:\/\/all4camper.com\/wp-content\/uploads\/2022\/01\/grubhof-welness.jpg 877w, https:\/\/all4camper.com\/wp-content\/uploads\/2022\/01\/grubhof-welness-300x205.jpg 300w, https:\/\/all4camper.com\/wp-content\/uploads\/2022\/01\/grubhof-welness-150x103.jpg 150w, https:\/\/all4camper.com\/wp-content\/uploads\/2022\/01\/grubhof-welness-768x525.jpg 768w, https:\/\/all4camper.com\/wp-content\/uploads\/2022\/01\/grubhof-welness-218x150.jpg 218w, https:\/\/all4camper.com\/wp-content\/uploads\/2022\/01\/grubhof-welness-696x476.jpg 696w\" sizes=\"auto, (max-width: 877px) 100vw, 877px\" \/><\/figure>\n\n\n\n<h3 class=\"wp-block-heading\">A jak\u00e9 sauny tu na v\u00e1s \u010dekaj\u00ed? <strong>&nbsp;<\/strong><\/h3>\n\n\n\n<p>Naleznete v 1. pat\u0159e nad restaurac\u00ed a prodejnou potravin a t\u011b\u0161it se m\u016f\u017eete na:<\/p>\n\n\n\n<ul class=\"wp-block-list\">\n<li>90 stup\u0148ovou &#8222;Kelo&#8220; saunu, kde si n\u00e1v\u0161t\u011bvn\u00edci b\u011b\u017en\u011b d\u011blaj\u00ed sv\u016fj vlastn\u00ed aufguss. P\u0159izn\u00e1me se, \u017ee tamn\u00ed person\u00e1l jsem jej d\u011blat nevid\u011bla, ale n\u00e1v\u0161t\u011bvn\u00edky \u010dasto. <\/li>\n\n\n\n<li>60 stup\u0148ov\u00e1 Alpsk\u00e1 sauna. Pro d\u011bti je naprosto \u00fa\u017easn\u00e1. Ne jen, \u017ee z n\u00ed je kr\u00e1sn\u00fd v\u00fdhled do p\u0159\u00edrody, ale i jej\u00ed p\u0159\u00edjemn\u00e1 teplota V\u00e1m zaru\u010d\u00ed proh\u0159\u00e1t\u00ed se po celodenn\u00ed ly\u017eov\u00e1n\u00ed. Tak\u017ee tuto saunu klasifikuji jako rodinnou.<\/li>\n\n\n\n<li>D\u00e1le tu maj\u00ed parn\u00ed saunu s v\u016fn\u00ed eukalyptu, nah\u0159\u00edvan\u00e9 kameny \u010di obl\u00edben\u00e9 Kneipovi no\u017en\u00ed &#8222;l\u00e1zn\u011b&#8220;. Samoz\u0159ejm\u011b nechyb\u00ed infra kabina, do kter\u00e9 chod\u00ed ti, kdo nemaj\u00ed r\u00e1di horko.<\/li>\n\n\n\n<li>Kolem dokola cel\u00e9ho Wellness je venkovn\u00ed terasa, na kter\u00e9 se m\u016f\u017eete proch\u00e1zet a po saun\u011b se ochlazovat. Nemus\u00edte se b\u00e1t, nikdo v\u00e1s z venku neuvid\u00ed. Terasa je velice p\u0159\u00edjemn\u011b a citliv\u011b obehn\u00e1na d\u0159ev\u011bn\u00fdm plotem, a i p\u0159esto m\u00e1te mo\u017enost v\u00fdhledu do okol\u00ed &#8211; zejm\u00e9na pohled na no\u010dn\u00ed osv\u00edcen\u00fd kemp ve v\u00e1s vzbud\u00ed pocit radosti z kempov\u00e1n\u00ed a toho, \u017ee tu jste.<\/li>\n<\/ul>\n\n\n\n<h2 class=\"wp-block-heading\"><strong>Z\u00e1zem\u00ed kempu<\/strong><\/h2>\n\n\n\n<p>Kemp nab\u00edz\u00ed velk\u00e9 mno\u017estv\u00ed parcel n\u011bkolika velikost\u00ed a vybaven\u00ed. Pro karavany a obytn\u00e1 auta plat\u00ed, \u017ee v\u0161echny pozemky maj\u00ed elektrickou p\u0159\u00edpojku (vyjma m\u00edst tzv. &#8222;nouzov\u00fdch&#8220; m\u00edst na louce, kde se budete o p\u0159\u00edpojku d\u011blit ostatn\u00edmi kempa\u0159i). Po dohod\u011b na recepci je mo\u017en\u00fd pron\u00e1jem pozemku i s vodovodn\u00ed p\u0159\u00edpojkou, v\u00fdpust\u00ed na vodu a plynovou p\u0159\u00edpojkou. T\u011bchto pozemk\u016f je tam cca 1\/2 a budou v\u00e1s zaj\u00edmat zejm\u00e9na mimo zimn\u00ed obdob\u00ed.<\/p>\n\n\n\n<p>Vyh\u0159\u00edvan\u00e9 a perfektn\u011b uklizen\u00e9 sprchy, wc a kuchy\u0148ky s pra\u010dkou naleznete v\u017edy jen kousek od pozemku. V t\u011bchto m\u00edstnostech je samoz\u0159ejmost\u00ed i v hygienick\u00e9 \u010d\u00e1sti, kter\u00e1 je v\u017edy uprost\u0159ed. Tzn. nejprve vejdete do \u010d\u00e1sti, kde se myje n\u00e1dob\u00ed, n\u00e1sledn\u011b, p\u0159es dve\u0159e, kter\u00e9 izoluj\u00ed teplo, vejdete do um\u00fdv\u00e1ren se sprchami a umyvadly a \u00fapln\u011b na konci t\u00e9to hygienick\u00e9 \u010d\u00e1sti jsou vyh\u0159\u00edvan\u00e1 wc.<\/p>\n\n\n\n<p>Pokud dostate\u010dn\u011b mrzne, v kempu je rybn\u00ed\u010dek, kde se d\u00e1 bruslit. Hned vedle kempu je z\u00e1me\u010dek. Bohu\u017eel, na prohl\u00eddce jsme nebyli, tak nemohu referovat, ale rozhodn\u011b doporu\u010duji p\u011b\u0161\u00ed proch\u00e1zku do Loferu. M\u011bste\u010dko je kr\u00e1sn\u00e9, historick\u00e9 a nab\u00edz\u00ed n\u011bco m\u00e1lo n\u00e1kup\u016f. Na klasick\u00fd &#8222;shoping&#8220; to ale nen\u00ed :-).<\/p>\n\n\n\n<p><strong>Potraviny<\/strong>: V kempu je mo\u017enost n\u00e1kupu z\u00e1kladn\u00edch potravin a pe\u010diva. J\u00e1 osobn\u011b doporu\u010duji, budete-li si cht\u00edt p\u0159ispat, si jej den p\u0159edem objednat. Potraviny prod\u00e1v\u00e1 kav\u00e1rna, kter\u00e1 je v budov\u011b, kde naleznete i restauraci a wellness. Asi nejlep\u0161\u00ed je se vydat do m\u011bste\u010dka. Nen\u00ed to daleko, tak 1,5km a p\u0159\u00edjemnou proch\u00e1zku jste v v\u011bt\u0161\u00edho obchodu s potravinami za necel\u00fdch 15 minut.<\/p>\n\n\n\n<p>Jak naj\u00edt nejbli\u017e\u0161\u00ed obchod: v kempu p\u0159ejdete most a d\u00e1te se doleva. Do obchodu dojdete po t\u00e9to cest\u011b, jen nesm\u00edte nikam odbo\u010dit. Cesta m\u00e1, tu\u0161\u00edm, asi dv\u011b rozcest\u00ed. Nikam neodbo\u010dujte a st\u00e1le se dr\u017ete sm\u011br lev\u00e1. Na konci cesty p\u0159ijdete k silnici, kde je op\u011bt most. ten p\u0159ejdete a jste u velk\u00e9ho alevn\u00e9ho obchodu s potravinami.<\/p>\n\n\n\n<p><strong>Ceny v kempu:<\/strong> Jak jsem ji\u017e zm\u00ednila na za\u010d\u00e1tku, tento kemp hodnot\u00edm jako velice cenov\u011b dostupn\u00fd. Pokud si po\u010dk\u00e1te a vyu\u017eijete jejich cenov\u011b zv\u00fdhodn\u011bn\u00fdch bal\u00ed\u010dk\u016f, kdy v b\u0159eznu m\u00e1te v cen\u011b ubytov\u00e1n\u00ed i ski pass, nebudete rozhodn\u011b litovat. V\u0161e je jen na Va\u0161ich po\u017eadavc\u00edch a p\u0159edstav\u00e1ch. Ka\u017edop\u00e1dn\u011b, pokud mohu srovnat s nab\u00eddkou jin\u00fdch kemp\u016f v okol\u00ed, tak Grubhof opravdu pat\u0159\u00ed z pohledu nab\u00eddky a ceny k t\u011bm levn\u011bj\u0161\u00edm, ale na kvalit\u011b slu\u017eeb to rozhodn\u011b zn\u00e1t nen\u00ed.<\/p>\n\n\n\n<p><strong>Okol\u00ed:<\/strong> nebudu zde vypisovat co v\u0161e nab\u00edz\u00ed zdej\u0161\u00ed okol\u00ed, ale rozhodn\u011b se tam nudit nebudete. Sta\u010d\u00ed nav\u0161t\u00edvit str\u00e1nky kempu \u010di Loferu a tip\u016f kam se vydat naleznete opravdu mnoho.<\/p>\n\n\n\n<h2 class=\"wp-block-heading\">Skiare\u00e1l: Almenwelt Lofer<\/h2>\n\n\n\n<p><strong>M\u00e1te-li mal\u00e9 d\u011bti, je pro n\u011b rozhodn\u011b vhodn\u00fd<\/strong>, zejm\u00e9na nejvy\u0161\u0161\u00ed \u010d\u00e1st are\u00e1lu. Samoz\u0159ejm\u011b z\u00e1le\u017e\u00ed i na po\u010das\u00ed a dostatku sn\u011bhu. Pokud je \u0161patn\u00e1 sezona, je zaji\u0161t\u011bno ly\u017eov\u00e1n\u00ed v nejvy\u0161\u0161\u00ed \u010d\u00e1sti, kde je jedna modr\u00e1 a jedna \u010derven\u00e1 sjezdovka plus d\u011btsk\u00fd park atd. Bude-li po\u010das\u00ed p\u0159\u00e1t a cel\u00fd ski are\u00e1l bude zasn\u011b\u017een a vy m\u016f\u017eete sjet a\u017e dol\u016f do \u00fadol\u00ed po modr\u00e9 v kombinaci s \u010dervenou.<\/p>\n","protected":false},"excerpt":{"rendered":"<p>Tak tento kemp prost\u011b miluji&#8230; Ale hezky od za\u010d\u00e1tku. Tak\u017ee, hled\u00e1te-li p\u0159\u00edjemn\u00fd kemp s nemalou nab\u00eddkou aktivn\u00edho odpo\u010dinku, jen kousek za Salzburgem, tak rozhodn\u011b doporu\u010duji n\u00e1v\u0161t\u011bvu tohoto kempu. Z m\u00e9ho pohledu je to jeden z m\u00e1la kemp\u016f, kde pom\u011br cena v\u00fdkon je v Rakousku naprosto vyv\u00e1\u017een\u00fd a pro n\u00e1s cenov\u011b i vzd\u00e1lenostn\u011b dostupn\u00fd. Kde jej [&hellip;]<\/p>\n","protected":false},"author":4,"featured_media":138802,"comment_status":"closed","ping_status":"open","sticky":false,"template":"","format":"standard","meta":{"_monsterinsights_skip_tracking":false,"_monsterinsights_sitenote_active":false,"_monsterinsights_sitenote_note":"","_monsterinsights_sitenote_category":0,"footnotes":""},"categories":[2379,68,341],"tags":[101,105,380,321],"class_list":{"0":"post-13088","1":"post","2":"type-post","3":"status-publish","4":"format-standard","5":"has-post-thumbnail","7":"category-kempujeme-a-cestujeme-v-rakousku","8":"category-kempovani-a-zajimave-cile","9":"category-zimni-kempovani","10":"tag-kempy-1","11":"tag-rakousko","12":"tag-topkempy","13":"tag-winter-camping"},"yoast_head":"<!-- This site is optimized with the Yoast SEO plugin v27.4 - https:\/\/yoast.com\/product\/yoast-seo-wordpress\/ -->\n<title>Grubhof - kr\u00e1sn\u00fd celoro\u010dn\u00ed kemp nedaleko Salzburgu - All4Camper<\/title>\n<meta name=\"description\" content=\"Tak tento kemp prost\u011b miluji... Ale hezky od za\u010d\u00e1tku. Tak\u017ee, hled\u00e1te-li p\u0159\u00edjemn\u00fd kemp s nemalou nab\u00eddkou aktivn\u00edho odpo\u010dinku, jen kousek za Salzburgem, tak rozhodn\u011b doporu\u010duji n\u00e1v\u0161t\u011bvu tohoto kempu. Z m\u00e9ho pohledu je to jeden z m\u00e1la kemp\u016f, kde pom\u011br cena v\u00fdkon je v Rakousku naprosto vyv\u00e1\u017een\u00fd a pro n\u00e1s cenov\u011b i vzd\u00e1lenostn\u011b dostupn\u00fd.\" \/>\n<meta name=\"robots\" content=\"index, follow, max-snippet:-1, max-image-preview:large, max-video-preview:-1\" \/>\n<link rel=\"canonical\" href=\"https:\/\/all4camper.com\/cs\/grubhof-krasny-kemp-nedaleko-salzburgu\/\" \/>\n<meta property=\"og:locale\" content=\"cs_CZ\" \/>\n<meta property=\"og:type\" content=\"article\" \/>\n<meta property=\"og:title\" content=\"Grubhof - kr\u00e1sn\u00fd celoro\u010dn\u00ed kemp nedaleko Salzburgu - All4Camper\" \/>\n<meta property=\"og:description\" content=\"Tak tento kemp prost\u011b miluji... Ale hezky od za\u010d\u00e1tku. Tak\u017ee, hled\u00e1te-li p\u0159\u00edjemn\u00fd kemp s nemalou nab\u00eddkou aktivn\u00edho odpo\u010dinku, jen kousek za Salzburgem, tak rozhodn\u011b doporu\u010duji n\u00e1v\u0161t\u011bvu tohoto kempu. Z m\u00e9ho pohledu je to jeden z m\u00e1la kemp\u016f, kde pom\u011br cena v\u00fdkon je v Rakousku naprosto vyv\u00e1\u017een\u00fd a pro n\u00e1s cenov\u011b i vzd\u00e1lenostn\u011b dostupn\u00fd.\" \/>\n<meta property=\"og:url\" content=\"https:\/\/all4camper.com\/cs\/grubhof-krasny-kemp-nedaleko-salzburgu\/\" \/>\n<meta property=\"og:site_name\" content=\"All4Camper\" \/>\n<meta property=\"article:published_time\" content=\"2021-02-15T18:56:00+00:00\" \/>\n<meta property=\"article:modified_time\" content=\"2023-01-02T08:39:11+00:00\" \/>\n<meta property=\"og:image\" content=\"https:\/\/all4camper.com\/\/wp-content\/uploads\/2018\/02\/grubhoff-kemp_FB.png\" \/>\n<meta name=\"author\" content=\"Kl\u00e1ra H\u00e1jkov\u00e1\" \/>\n<meta name=\"twitter:card\" content=\"summary_large_image\" \/>\n<meta name=\"twitter:label1\" content=\"Napsal(a)\" \/>\n\t<meta name=\"twitter:data1\" content=\"Kl\u00e1ra H\u00e1jkov\u00e1\" \/>\n\t<meta name=\"twitter:label2\" content=\"Odhadovan\u00e1 doba \u010dten\u00ed\" \/>\n\t<meta name=\"twitter:data2\" content=\"7 minut\" \/>\n<script type=\"application\/ld+json\" class=\"yoast-schema-graph\">{\"@context\":\"https:\\\/\\\/schema.org\",\"@graph\":[{\"@type\":\"Article\",\"@id\":\"https:\\\/\\\/all4camper.com\\\/cs\\\/grubhof-krasny-kemp-nedaleko-salzburgu\\\/#article\",\"isPartOf\":{\"@id\":\"https:\\\/\\\/all4camper.com\\\/cs\\\/grubhof-krasny-kemp-nedaleko-salzburgu\\\/\"},\"author\":{\"name\":\"Kl\u00e1ra H\u00e1jkov\u00e1\",\"@id\":\"https:\\\/\\\/all4camper.com\\\/cs\\\/#\\\/schema\\\/person\\\/c6f1efdf1d02bc7d8c53a891cbe18c62\"},\"headline\":\"Grubhof &#8211; kr\u00e1sn\u00fd celoro\u010dn\u00ed kemp nedaleko Salzburgu\",\"datePublished\":\"2021-02-15T18:56:00+00:00\",\"dateModified\":\"2023-01-02T08:39:11+00:00\",\"mainEntityOfPage\":{\"@id\":\"https:\\\/\\\/all4camper.com\\\/cs\\\/grubhof-krasny-kemp-nedaleko-salzburgu\\\/\"},\"wordCount\":1372,\"publisher\":{\"@id\":\"https:\\\/\\\/all4camper.com\\\/cs\\\/#organization\"},\"image\":{\"@id\":\"https:\\\/\\\/all4camper.com\\\/cs\\\/grubhof-krasny-kemp-nedaleko-salzburgu\\\/#primaryimage\"},\"thumbnailUrl\":\"https:\\\/\\\/all4camper.com\\\/wp-content\\\/uploads\\\/2022\\\/01\\\/grubhof4.jpeg\",\"keywords\":[\"Kempy a kempovac\u00ed m\u00edsta\",\"Rakousko\",\"TOPkempy\",\"Zimn\u00ed kempov\u00e1n\u00ed\"],\"articleSection\":[\"Kempujeme a cestujeme v Rakousku\",\"Kempy a zaj\u00edmav\u00e1 m\u00edsta\",\"Zimn\u00ed kempov\u00e1n\u00ed\"],\"inLanguage\":\"cs\"},{\"@type\":\"WebPage\",\"@id\":\"https:\\\/\\\/all4camper.com\\\/cs\\\/grubhof-krasny-kemp-nedaleko-salzburgu\\\/\",\"url\":\"https:\\\/\\\/all4camper.com\\\/cs\\\/grubhof-krasny-kemp-nedaleko-salzburgu\\\/\",\"name\":\"Grubhof - kr\u00e1sn\u00fd celoro\u010dn\u00ed kemp nedaleko Salzburgu - All4Camper\",\"isPartOf\":{\"@id\":\"https:\\\/\\\/all4camper.com\\\/cs\\\/#website\"},\"primaryImageOfPage\":{\"@id\":\"https:\\\/\\\/all4camper.com\\\/cs\\\/grubhof-krasny-kemp-nedaleko-salzburgu\\\/#primaryimage\"},\"image\":{\"@id\":\"https:\\\/\\\/all4camper.com\\\/cs\\\/grubhof-krasny-kemp-nedaleko-salzburgu\\\/#primaryimage\"},\"thumbnailUrl\":\"https:\\\/\\\/all4camper.com\\\/wp-content\\\/uploads\\\/2022\\\/01\\\/grubhof4.jpeg\",\"datePublished\":\"2021-02-15T18:56:00+00:00\",\"dateModified\":\"2023-01-02T08:39:11+00:00\",\"description\":\"Tak tento kemp prost\u011b miluji... Ale hezky od za\u010d\u00e1tku. Tak\u017ee, hled\u00e1te-li p\u0159\u00edjemn\u00fd kemp s nemalou nab\u00eddkou aktivn\u00edho odpo\u010dinku, jen kousek za Salzburgem, tak rozhodn\u011b doporu\u010duji n\u00e1v\u0161t\u011bvu tohoto kempu. Z m\u00e9ho pohledu je to jeden z m\u00e1la kemp\u016f, kde pom\u011br cena v\u00fdkon je v Rakousku naprosto vyv\u00e1\u017een\u00fd a pro n\u00e1s cenov\u011b i vzd\u00e1lenostn\u011b dostupn\u00fd.\",\"breadcrumb\":{\"@id\":\"https:\\\/\\\/all4camper.com\\\/cs\\\/grubhof-krasny-kemp-nedaleko-salzburgu\\\/#breadcrumb\"},\"inLanguage\":\"cs\",\"potentialAction\":[{\"@type\":\"ReadAction\",\"target\":[\"https:\\\/\\\/all4camper.com\\\/cs\\\/grubhof-krasny-kemp-nedaleko-salzburgu\\\/\"]}]},{\"@type\":\"ImageObject\",\"inLanguage\":\"cs\",\"@id\":\"https:\\\/\\\/all4camper.com\\\/cs\\\/grubhof-krasny-kemp-nedaleko-salzburgu\\\/#primaryimage\",\"url\":\"https:\\\/\\\/all4camper.com\\\/wp-content\\\/uploads\\\/2022\\\/01\\\/grubhof4.jpeg\",\"contentUrl\":\"https:\\\/\\\/all4camper.com\\\/wp-content\\\/uploads\\\/2022\\\/01\\\/grubhof4.jpeg\",\"width\":1200,\"height\":630},{\"@type\":\"BreadcrumbList\",\"@id\":\"https:\\\/\\\/all4camper.com\\\/cs\\\/grubhof-krasny-kemp-nedaleko-salzburgu\\\/#breadcrumb\",\"itemListElement\":[{\"@type\":\"ListItem\",\"position\":1,\"name\":\"Dom\u016f\",\"item\":\"https:\\\/\\\/all4camper.com\\\/cs\\\/\"},{\"@type\":\"ListItem\",\"position\":2,\"name\":\"Kempy a zaj\u00edmav\u00e1 m\u00edsta\",\"item\":\"https:\\\/\\\/all4camper.com\\\/cs\\\/category\\\/kempovani-a-zajimave-cile\\\/\"},{\"@type\":\"ListItem\",\"position\":3,\"name\":\"Grubhof &#8211; kr\u00e1sn\u00fd celoro\u010dn\u00ed kemp nedaleko Salzburgu\"}]},{\"@type\":\"WebSite\",\"@id\":\"https:\\\/\\\/all4camper.com\\\/cs\\\/#website\",\"url\":\"https:\\\/\\\/all4camper.com\\\/cs\\\/\",\"name\":\"All4Camper\",\"description\":\"Nejv\u011bt\u0161\u00ed online magaz\u00edn o kempov\u00e1n\u00ed a karavaninku. V\u00edce jak 900 \u010dl\u00e1nk\u016f pln\u00fdch rad a tip\u016f o kempech a kempov\u00e1n\u00ed.\",\"publisher\":{\"@id\":\"https:\\\/\\\/all4camper.com\\\/cs\\\/#organization\"},\"potentialAction\":[{\"@type\":\"SearchAction\",\"target\":{\"@type\":\"EntryPoint\",\"urlTemplate\":\"https:\\\/\\\/all4camper.com\\\/cs\\\/?s={search_term_string}\"},\"query-input\":{\"@type\":\"PropertyValueSpecification\",\"valueRequired\":true,\"valueName\":\"search_term_string\"}}],\"inLanguage\":\"cs\"},{\"@type\":\"Organization\",\"@id\":\"https:\\\/\\\/all4camper.com\\\/cs\\\/#organization\",\"name\":\"All4Camper - kempujeme s Kl\u00e1rou\",\"url\":\"https:\\\/\\\/all4camper.com\\\/cs\\\/\",\"logo\":{\"@type\":\"ImageObject\",\"inLanguage\":\"cs\",\"@id\":\"https:\\\/\\\/all4camper.com\\\/cs\\\/#\\\/schema\\\/logo\\\/image\\\/\",\"url\":\"https:\\\/\\\/all4camper.com\\\/wp-content\\\/uploads\\\/2018\\\/09\\\/novelogo.png\",\"contentUrl\":\"https:\\\/\\\/all4camper.com\\\/wp-content\\\/uploads\\\/2018\\\/09\\\/novelogo.png\",\"width\":1520,\"height\":600,\"caption\":\"All4Camper - kempujeme s Kl\u00e1rou\"},\"image\":{\"@id\":\"https:\\\/\\\/all4camper.com\\\/cs\\\/#\\\/schema\\\/logo\\\/image\\\/\"}},{\"@type\":\"Person\",\"@id\":\"https:\\\/\\\/all4camper.com\\\/cs\\\/#\\\/schema\\\/person\\\/c6f1efdf1d02bc7d8c53a891cbe18c62\",\"name\":\"Kl\u00e1ra H\u00e1jkov\u00e1\",\"sameAs\":[\"http:\\\/\\\/www.all4camper.com\"],\"url\":\"https:\\\/\\\/all4camper.com\\\/cs\\\/author\\\/klarinkacestuje1\\\/\"}]}<\/script>\n<!-- \/ Yoast SEO plugin. -->","yoast_head_json":{"title":"Grubhof - kr\u00e1sn\u00fd celoro\u010dn\u00ed kemp nedaleko Salzburgu - All4Camper","description":"Tak tento kemp prost\u011b miluji... Ale hezky od za\u010d\u00e1tku. Tak\u017ee, hled\u00e1te-li p\u0159\u00edjemn\u00fd kemp s nemalou nab\u00eddkou aktivn\u00edho odpo\u010dinku, jen kousek za Salzburgem, tak rozhodn\u011b doporu\u010duji n\u00e1v\u0161t\u011bvu tohoto kempu. Z m\u00e9ho pohledu je to jeden z m\u00e1la kemp\u016f, kde pom\u011br cena v\u00fdkon je v Rakousku naprosto vyv\u00e1\u017een\u00fd a pro n\u00e1s cenov\u011b i vzd\u00e1lenostn\u011b dostupn\u00fd.","robots":{"index":"index","follow":"follow","max-snippet":"max-snippet:-1","max-image-preview":"max-image-preview:large","max-video-preview":"max-video-preview:-1"},"canonical":"https:\/\/all4camper.com\/cs\/grubhof-krasny-kemp-nedaleko-salzburgu\/","og_locale":"cs_CZ","og_type":"article","og_title":"Grubhof - kr\u00e1sn\u00fd celoro\u010dn\u00ed kemp nedaleko Salzburgu - All4Camper","og_description":"Tak tento kemp prost\u011b miluji... Ale hezky od za\u010d\u00e1tku. Tak\u017ee, hled\u00e1te-li p\u0159\u00edjemn\u00fd kemp s nemalou nab\u00eddkou aktivn\u00edho odpo\u010dinku, jen kousek za Salzburgem, tak rozhodn\u011b doporu\u010duji n\u00e1v\u0161t\u011bvu tohoto kempu. Z m\u00e9ho pohledu je to jeden z m\u00e1la kemp\u016f, kde pom\u011br cena v\u00fdkon je v Rakousku naprosto vyv\u00e1\u017een\u00fd a pro n\u00e1s cenov\u011b i vzd\u00e1lenostn\u011b dostupn\u00fd.","og_url":"https:\/\/all4camper.com\/cs\/grubhof-krasny-kemp-nedaleko-salzburgu\/","og_site_name":"All4Camper","article_published_time":"2021-02-15T18:56:00+00:00","article_modified_time":"2023-01-02T08:39:11+00:00","og_image":[{"url":"https:\/\/all4camper.com\/\/wp-content\/uploads\/2018\/02\/grubhoff-kemp_FB.png","type":"","width":"","height":""}],"author":"Kl\u00e1ra H\u00e1jkov\u00e1","twitter_card":"summary_large_image","twitter_misc":{"Napsal(a)":"Kl\u00e1ra H\u00e1jkov\u00e1","Odhadovan\u00e1 doba \u010dten\u00ed":"7 minut"},"schema":{"@context":"https:\/\/schema.org","@graph":[{"@type":"Article","@id":"https:\/\/all4camper.com\/cs\/grubhof-krasny-kemp-nedaleko-salzburgu\/#article","isPartOf":{"@id":"https:\/\/all4camper.com\/cs\/grubhof-krasny-kemp-nedaleko-salzburgu\/"},"author":{"name":"Kl\u00e1ra H\u00e1jkov\u00e1","@id":"https:\/\/all4camper.com\/cs\/#\/schema\/person\/c6f1efdf1d02bc7d8c53a891cbe18c62"},"headline":"Grubhof &#8211; kr\u00e1sn\u00fd celoro\u010dn\u00ed kemp nedaleko Salzburgu","datePublished":"2021-02-15T18:56:00+00:00","dateModified":"2023-01-02T08:39:11+00:00","mainEntityOfPage":{"@id":"https:\/\/all4camper.com\/cs\/grubhof-krasny-kemp-nedaleko-salzburgu\/"},"wordCount":1372,"publisher":{"@id":"https:\/\/all4camper.com\/cs\/#organization"},"image":{"@id":"https:\/\/all4camper.com\/cs\/grubhof-krasny-kemp-nedaleko-salzburgu\/#primaryimage"},"thumbnailUrl":"https:\/\/all4camper.com\/wp-content\/uploads\/2022\/01\/grubhof4.jpeg","keywords":["Kempy a kempovac\u00ed m\u00edsta","Rakousko","TOPkempy","Zimn\u00ed kempov\u00e1n\u00ed"],"articleSection":["Kempujeme a cestujeme v Rakousku","Kempy a zaj\u00edmav\u00e1 m\u00edsta","Zimn\u00ed kempov\u00e1n\u00ed"],"inLanguage":"cs"},{"@type":"WebPage","@id":"https:\/\/all4camper.com\/cs\/grubhof-krasny-kemp-nedaleko-salzburgu\/","url":"https:\/\/all4camper.com\/cs\/grubhof-krasny-kemp-nedaleko-salzburgu\/","name":"Grubhof - kr\u00e1sn\u00fd celoro\u010dn\u00ed kemp nedaleko Salzburgu - All4Camper","isPartOf":{"@id":"https:\/\/all4camper.com\/cs\/#website"},"primaryImageOfPage":{"@id":"https:\/\/all4camper.com\/cs\/grubhof-krasny-kemp-nedaleko-salzburgu\/#primaryimage"},"image":{"@id":"https:\/\/all4camper.com\/cs\/grubhof-krasny-kemp-nedaleko-salzburgu\/#primaryimage"},"thumbnailUrl":"https:\/\/all4camper.com\/wp-content\/uploads\/2022\/01\/grubhof4.jpeg","datePublished":"2021-02-15T18:56:00+00:00","dateModified":"2023-01-02T08:39:11+00:00","description":"Tak tento kemp prost\u011b miluji... Ale hezky od za\u010d\u00e1tku. Tak\u017ee, hled\u00e1te-li p\u0159\u00edjemn\u00fd kemp s nemalou nab\u00eddkou aktivn\u00edho odpo\u010dinku, jen kousek za Salzburgem, tak rozhodn\u011b doporu\u010duji n\u00e1v\u0161t\u011bvu tohoto kempu. Z m\u00e9ho pohledu je to jeden z m\u00e1la kemp\u016f, kde pom\u011br cena v\u00fdkon je v Rakousku naprosto vyv\u00e1\u017een\u00fd a pro n\u00e1s cenov\u011b i vzd\u00e1lenostn\u011b dostupn\u00fd.","breadcrumb":{"@id":"https:\/\/all4camper.com\/cs\/grubhof-krasny-kemp-nedaleko-salzburgu\/#breadcrumb"},"inLanguage":"cs","potentialAction":[{"@type":"ReadAction","target":["https:\/\/all4camper.com\/cs\/grubhof-krasny-kemp-nedaleko-salzburgu\/"]}]},{"@type":"ImageObject","inLanguage":"cs","@id":"https:\/\/all4camper.com\/cs\/grubhof-krasny-kemp-nedaleko-salzburgu\/#primaryimage","url":"https:\/\/all4camper.com\/wp-content\/uploads\/2022\/01\/grubhof4.jpeg","contentUrl":"https:\/\/all4camper.com\/wp-content\/uploads\/2022\/01\/grubhof4.jpeg","width":1200,"height":630},{"@type":"BreadcrumbList","@id":"https:\/\/all4camper.com\/cs\/grubhof-krasny-kemp-nedaleko-salzburgu\/#breadcrumb","itemListElement":[{"@type":"ListItem","position":1,"name":"Dom\u016f","item":"https:\/\/all4camper.com\/cs\/"},{"@type":"ListItem","position":2,"name":"Kempy a zaj\u00edmav\u00e1 m\u00edsta","item":"https:\/\/all4camper.com\/cs\/category\/kempovani-a-zajimave-cile\/"},{"@type":"ListItem","position":3,"name":"Grubhof &#8211; kr\u00e1sn\u00fd celoro\u010dn\u00ed kemp nedaleko Salzburgu"}]},{"@type":"WebSite","@id":"https:\/\/all4camper.com\/cs\/#website","url":"https:\/\/all4camper.com\/cs\/","name":"All4Camper","description":"Nejv\u011bt\u0161\u00ed online magaz\u00edn o kempov\u00e1n\u00ed a karavaninku. V\u00edce jak 900 \u010dl\u00e1nk\u016f pln\u00fdch rad a tip\u016f o kempech a kempov\u00e1n\u00ed.","publisher":{"@id":"https:\/\/all4camper.com\/cs\/#organization"},"potentialAction":[{"@type":"SearchAction","target":{"@type":"EntryPoint","urlTemplate":"https:\/\/all4camper.com\/cs\/?s={search_term_string}"},"query-input":{"@type":"PropertyValueSpecification","valueRequired":true,"valueName":"search_term_string"}}],"inLanguage":"cs"},{"@type":"Organization","@id":"https:\/\/all4camper.com\/cs\/#organization","name":"All4Camper - kempujeme s Kl\u00e1rou","url":"https:\/\/all4camper.com\/cs\/","logo":{"@type":"ImageObject","inLanguage":"cs","@id":"https:\/\/all4camper.com\/cs\/#\/schema\/logo\/image\/","url":"https:\/\/all4camper.com\/wp-content\/uploads\/2018\/09\/novelogo.png","contentUrl":"https:\/\/all4camper.com\/wp-content\/uploads\/2018\/09\/novelogo.png","width":1520,"height":600,"caption":"All4Camper - kempujeme s Kl\u00e1rou"},"image":{"@id":"https:\/\/all4camper.com\/cs\/#\/schema\/logo\/image\/"}},{"@type":"Person","@id":"https:\/\/all4camper.com\/cs\/#\/schema\/person\/c6f1efdf1d02bc7d8c53a891cbe18c62","name":"Kl\u00e1ra H\u00e1jkov\u00e1","sameAs":["http:\/\/www.all4camper.com"],"url":"https:\/\/all4camper.com\/cs\/author\/klarinkacestuje1\/"}]}},"_links":{"self":[{"href":"https:\/\/all4camper.com\/cs\/wp-json\/wp\/v2\/posts\/13088","targetHints":{"allow":["GET"]}}],"collection":[{"href":"https:\/\/all4camper.com\/cs\/wp-json\/wp\/v2\/posts"}],"about":[{"href":"https:\/\/all4camper.com\/cs\/wp-json\/wp\/v2\/types\/post"}],"author":[{"embeddable":true,"href":"https:\/\/all4camper.com\/cs\/wp-json\/wp\/v2\/users\/4"}],"replies":[{"embeddable":true,"href":"https:\/\/all4camper.com\/cs\/wp-json\/wp\/v2\/comments?post=13088"}],"version-history":[{"count":0,"href":"https:\/\/all4camper.com\/cs\/wp-json\/wp\/v2\/posts\/13088\/revisions"}],"wp:featuredmedia":[{"embeddable":true,"href":"https:\/\/all4camper.com\/cs\/wp-json\/wp\/v2\/media\/138802"}],"wp:attachment":[{"href":"https:\/\/all4camper.com\/cs\/wp-json\/wp\/v2\/media?parent=13088"}],"wp:term":[{"taxonomy":"category","embeddable":true,"href":"https:\/\/all4camper.com\/cs\/wp-json\/wp\/v2\/categories?post=13088"},{"taxonomy":"post_tag","embeddable":true,"href":"https:\/\/all4camper.com\/cs\/wp-json\/wp\/v2\/tags?post=13088"}],"curies":[{"name":"wp","href":"https:\/\/api.w.org\/{rel}","templated":true}]}}