{"id":12942,"date":"2019-02-13T21:11:00","date_gmt":"2019-02-13T20:11:00","guid":{"rendered":"http:\/\/all4camper.com\/cz\/?p=12942"},"modified":"2019-12-17T11:48:11","modified_gmt":"2019-12-17T10:48:11","slug":"cile-dovolene-v-cr-trochu-jinak-ii-cast","status":"publish","type":"post","link":"https:\/\/all4camper.com\/cs\/cile-dovolene-v-cr-trochu-jinak-ii-cast\/","title":{"rendered":"Kam s karavanem na v\u00edkend \u010di dovolenou &#8211; Morava"},"content":{"rendered":"\n<h4 class=\"wp-block-heading\">Pl\u00e1nujeme dovolenou karavanem, ale nechcete do p\u0159epln\u011bn\u00fdch kemp\u016f? V tomto p\u0159\u00edsp\u011bvku V\u00e1m nab\u00edz\u00edm n\u011bkolik tip\u016f kde tr\u00e1vit svou karavanistickou dovolenou v \u010cR, a z\u00e1rove\u0148 si u\u017e\u00edt klid a pohodu. Pro dopln\u011bn\u00ed je\u0161t\u011b uv\u00e1d\u00edm, \u017ee t\u00edmto m\u00fdm dne\u0161n\u00edm p\u0159\u00edsp\u011bvkem navazuji na&nbsp;jeho prvn\u00ed \u010d\u00e1st, kter\u00e1 u v\u00e1s z\u00edskala mnoho pozitivn\u00edch ohlas\u016f a \u017e\u00e1dost\u00ed o tipy i na dal\u0161\u00ed kraje. <a href=\"\/?p=13067\">Kam s karavanem na v\u00edkend \u010di dovolenou na Plze\u0148sku<\/a><\/h4>\n\n\n\n<h3 class=\"wp-block-heading\"><strong>Olomouck\u00fd kraj<\/strong><\/h3>\n\n\n\n<h4 class=\"wp-block-heading\"><strong>Autokemp ML\u00ddN<\/strong><\/h4>\n\n\n\n<p>Tento men\u0161\u00ed rodinn\u00fd kemp najdete ve Velk\u00fdch Losin\u00e1ch. Ve m\u011bste\u010dku za n\u00e1v\u0161t\u011bvu stoj\u00ed z\u00e1mek Velk\u00e9 Losiny a jeho panstv\u00ed, kter\u00e9 je smutn\u011b proslul\u00e9 sv\u00fdmi&nbsp;<a rel=\"noreferrer noopener\" href=\"https:\/\/cs.wikipedia.org\/wiki\/%C4%8Carod%C4%9Bjnick%C3%A9_procesy_na_losinsk%C3%A9m_panstv%C3%AD\" target=\"_blank\">\u010darod\u011bjnick\u00fdmi procesy<\/a>. Kemp nab\u00edz\u00ed z\u00e1kladn\u00ed z\u00e1zem\u00ed pro va\u0161e klidn\u00e9 kempov\u00e1n\u00ed a p\u0159\u00edjemnou rodinou atmosf\u00e9ru. <strong>Str\u00e1nky:&nbsp;<a rel=\"noreferrer noopener\" href=\"http:\/\/www.penzion-mlyn.eu\/\" target=\"_blank\">penzion-mlyn.eu<\/a><\/strong>, <strong><a rel=\"noreferrer noopener\" href=\"https:\/\/mapy.cz\/s\/2j2IK\" target=\"_blank\">Mapa<\/a><\/strong>.<\/p>\n\n\n\n<figure class=\"wp-block-image size-large\"><img loading=\"lazy\" decoding=\"async\" width=\"636\" height=\"312\" src=\"https:\/\/all4camper.com\/\/wp-content\/uploads\/2019\/12\/ml\u00fdn-kemp.jpg\" alt=\"\" class=\"wp-image-84049\" srcset=\"https:\/\/all4camper.com\/wp-content\/uploads\/2019\/12\/ml\u00fdn-kemp.jpg 636w, https:\/\/all4camper.com\/wp-content\/uploads\/2019\/12\/ml\u00fdn-kemp-300x147.jpg 300w, https:\/\/all4camper.com\/wp-content\/uploads\/2019\/12\/ml\u00fdn-kemp-150x74.jpg 150w\" sizes=\"auto, (max-width: 636px) 100vw, 636px\" \/><\/figure>\n\n\n\n<p><strong>Turistick\u00e9 c\u00edle:&nbsp;<\/strong>P\u0159\u00edmo ve m\u011bste\u010dku se nach\u00e1z\u00ed z\u00e1mek Velk\u00e9 Losiny s l\u00e1ze\u0148sk\u00fdm parkem. Od kv\u011btna do z\u00e1\u0159\u00ed m\u016f\u017eete nedaleko kempu nav\u0161t\u00edvit term\u00e1ln\u00ed baz\u00e9n&nbsp;<a rel=\"noreferrer noopener\" href=\"http:\/\/www.termaly-losiny.cz\/#utm_source=mapy.cz&amp;utm_medium=ppd&amp;utm_content=hledani&amp;utm_term=penzion%20ml%C3%BDn&amp;utm_campaign=firmy.cz-12949264\" target=\"_blank\">s l\u00e9\u010divou vodou<\/a>&nbsp;(26\u00b0C-29\u00b0C). Pro milovn\u00edky cyklistiky jsou v okol\u00ed k dispozici hezk\u00e9 cyklostezky. <\/p>\n\n\n\n<h4 class=\"wp-block-heading\"> <strong>Autokemp&nbsp;na&nbsp;Kr\u00e1sn\u00e9m<\/strong> <\/h4>\n\n\n\n<p>Autokemp&nbsp;na&nbsp;Kr\u00e1sn\u00e9m&nbsp;najdete&nbsp;u&nbsp;p\u0159ehrady&nbsp;v&nbsp;rekrea\u010dn\u00ed&nbsp;oblasti&nbsp;zvan\u00e9&nbsp;Kr\u00e1sn\u00e9. Je obklopen n\u00e1dhernou&nbsp;p\u0159\u00edrodou&nbsp;a&nbsp;jesenick\u00fdmi&nbsp;horami.&nbsp;Tato atraktivn\u00ed lokalita poskytuje mnoho zaj\u00edmav\u00fdch p\u0159\u00edle\u017eitost\u00ed jako je nap\u0159\u00edklad koup\u00e1n\u00ed, ryba\u0159en\u00ed, turistika, cykloturistika, houba\u0159en\u00ed, v\u0161estrann\u00e9 sportovn\u00edho vy\u017eit\u00ed nebo jen leno\u0161en\u00ed u vody. Kemp nab\u00edz\u00ed klidnou rodinnou dovolenou, p\u0159i\u010dem\u017e jeho sou\u010d\u00e1st\u00ed je samoz\u0159ejm\u011b restaurace s mo\u017enost\u00ed stravov\u00e1n\u00ed. Najdete zde&nbsp; koupali\u0161t\u011b (p\u0159ehrada) a d\u011btsk\u00e9 brouzdali\u0161t\u011b, v\u00edce\u00fa\u010delov\u00e9 h\u0159i\u0161t\u011b&nbsp;na&nbsp;volejbal, nohejbal, l\u00edn\u00fd tenis, fotbal a jin\u00e9 sporty. Kemp pro\u0161el rekonstrukc\u00ed a je velice pozitivn\u011b hodnocen mezi n\u00e1v\u0161t\u011bvn\u00edky. K dispozici jsou i elektrick\u00e9 p\u0159\u00edpojky a soci\u00e1ln\u00ed z\u00e1zem\u00ed. <strong>Str\u00e1nky:&nbsp;<a rel=\"noreferrer noopener\" href=\"http:\/\/www.nakrasnem.cz\/index.php\" target=\"_blank\">nakrasnem.cz<\/a><\/strong>, <strong><a rel=\"noreferrer noopener\" href=\"https:\/\/mapy.cz\/s\/2j30Y\" target=\"_blank\">Mapa<\/a><\/strong><\/p>\n\n\n\n<figure class=\"wp-block-image size-large\"><img loading=\"lazy\" decoding=\"async\" width=\"842\" height=\"400\" src=\"https:\/\/all4camper.com\/\/wp-content\/uploads\/2019\/12\/krasne.png\" alt=\"\" class=\"wp-image-84048\" srcset=\"https:\/\/all4camper.com\/wp-content\/uploads\/2019\/12\/krasne.png 842w, https:\/\/all4camper.com\/wp-content\/uploads\/2019\/12\/krasne-300x143.png 300w, https:\/\/all4camper.com\/wp-content\/uploads\/2019\/12\/krasne-150x71.png 150w, https:\/\/all4camper.com\/wp-content\/uploads\/2019\/12\/krasne-768x365.png 768w\" sizes=\"auto, (max-width: 842px) 100vw, 842px\" \/><\/figure>\n\n\n\n<p> <strong>Turistick\u00e9 c\u00edle:<\/strong> <\/p>\n\n\n\n<ul class=\"wp-block-list\"><li>V okol\u00ed je mnoho cyklostezek i stezek pro p\u011b\u0161\u00ed.<\/li><li>Zem\u011bd\u011blsk\u00fd skanzen U Havl\u00ed\u010dk\u016f Rapot\u00edn (3,6km)<\/li><li>Pta\u010d\u00ed pozorovatelna T\u0159eme\u0161sk\u00e9 rybn\u00edky (5,6km)<\/li><li>M\u011bsto \u0160umperk<\/li><\/ul>\n\n\n\n<h3 class=\"wp-block-heading\"><strong>Moravskoslezk\u00fd kraj<\/strong><\/h3>\n\n\n\n<h4 class=\"wp-block-heading\"><strong>Autokemp Podhrad\u00ed<\/strong><\/h4>\n\n\n\n<p>Men\u0161\u00ed, rodinn\u00fd kemp, jen pozor na obdob\u00ed, kdy sem pojedete. Hled\u00e1te-li klid, rozhodn\u011b se vyhn\u011bte obdob\u00ed sjezdu Moravice, to b\u00fdv\u00e1 p\u0159epln\u011bn.&nbsp;Velk\u00fdm bonusem tohoto kempu je kr\u00e1sn\u00e1 okoln\u00ed p\u0159\u00edroda. Vybaven\u00ed kempu m\u016f\u017ee p\u016fsobit prost\u011bji a zastarale, co\u017e ale n\u00e1m, karavanist\u016fm hledaj\u00edc\u00ed zejm\u00e9na klidn\u011bj\u0161\u00ed kempy, nijak nevad\u00ed. V kempu najdete vzdu\u0161n\u00fd hokeje, houpa\u010dky, beach volejbal, badminton, koloto\u010d, vyt\u00e1p\u011bnou spole\u010denskou m\u00edstnost se \u0161ipkami a fotb\u00e1lkem.  <strong>Str\u00e1nky:&nbsp;<a rel=\"noreferrer noopener\" href=\"http:\/\/www.autokemppodhradi.cz\/\" target=\"_blank\">autokemppodhradi.cz<\/a><\/strong>, <strong><a rel=\"noreferrer noopener\" href=\"https:\/\/goo.gl\/maps\/qfZ2PFB9sWn\" target=\"_blank\">Mapa<\/a><\/strong><\/p>\n\n\n\n<figure class=\"wp-block-image size-large\"><img loading=\"lazy\" decoding=\"async\" width=\"650\" height=\"357\" src=\"https:\/\/all4camper.com\/\/wp-content\/uploads\/2019\/12\/v-podhradi-650x357-1.png\" alt=\"\" class=\"wp-image-84050\" srcset=\"https:\/\/all4camper.com\/wp-content\/uploads\/2019\/12\/v-podhradi-650x357-1.png 650w, https:\/\/all4camper.com\/wp-content\/uploads\/2019\/12\/v-podhradi-650x357-1-300x165.png 300w, https:\/\/all4camper.com\/wp-content\/uploads\/2019\/12\/v-podhradi-650x357-1-150x82.png 150w\" sizes=\"auto, (max-width: 650px) 100vw, 650px\" \/><\/figure>\n\n\n\n<p><strong>Turistick\u00e9 c\u00edle:<\/strong> Z\u0159\u00edcenina hradu Vik\u0161tejn, Z\u00e1mek Dubov\u00e1, Muzeum venkovsk\u00e9ho \u017eivota, cyklostezky a p\u011b\u0161\u00ed turistick\u00e9 trasy.<\/p>\n\n\n\n<h4 class=\"wp-block-heading\"><strong>T\u00e1bo\u0159i\u0161t\u011b U Ryb\u00e1rny<\/strong> <\/h4>\n\n\n\n<p>Na toto t\u00e1bo\u0159i\u0161t\u011b jsem narazila zcela n\u00e1hodn\u011b. Od sv\u00e9ho otev\u0159en\u00ed se rozrostlo, a proto se domn\u00edv\u00e1m, \u017ee zcela jist\u011b nebude zapomenut\u00e9 a slu\u017eby v n\u011bm budou m\u00edt vzestupnou tendenci. Nespornou v\u00fdhodou tohoto t\u00e1bo\u0159i\u0161t\u011b je&nbsp;prodej ryb\u00e1\u0159sk\u00fdch povolenek, co\u017e ocen\u00ed p\u0159\u00edle\u017eitostn\u00ed ryb\u00e1\u0159i. <\/p>\n\n\n\n<figure class=\"wp-block-image size-large\"><img loading=\"lazy\" decoding=\"async\" width=\"1024\" height=\"571\" src=\"https:\/\/all4camper.com\/\/wp-content\/uploads\/2019\/12\/u-rybarny-1024x571-1.png\" alt=\"\" class=\"wp-image-84051\" srcset=\"https:\/\/all4camper.com\/wp-content\/uploads\/2019\/12\/u-rybarny-1024x571-1.png 1024w, https:\/\/all4camper.com\/wp-content\/uploads\/2019\/12\/u-rybarny-1024x571-1-300x167.png 300w, https:\/\/all4camper.com\/wp-content\/uploads\/2019\/12\/u-rybarny-1024x571-1-150x84.png 150w, https:\/\/all4camper.com\/wp-content\/uploads\/2019\/12\/u-rybarny-1024x571-1-768x428.png 768w\" sizes=\"auto, (max-width: 1024px) 100vw, 1024px\" \/><\/figure>\n\n\n\n<p><em>Informace z webu: \u201eKemp D. Domaslavice se nach\u00e1z\u00ed v jedn\u00e9 ze z\u00e1tok \u017dermanick\u00e9 p\u0159ehrady. Kapacita kempu je asi 200 m\u00edst pro stany nebo p\u0159\u00edv\u011bsy. Kemp nen\u00ed oplocen, ale do kempu se vj\u00ed\u017ed\u00ed p\u0159es&nbsp;vr\u00e1tnici,&nbsp; kde tak\u00e9 s\u00eddl\u00ed spr\u00e1vce kempu.&nbsp;Kemp je v provozu od&nbsp; 1. kv\u011btna do 30. z\u00e1\u0159\u00ed.&nbsp;V kempu se nach\u00e1z\u00ed kompletn\u00ed&nbsp;soci\u00e1ln\u00ed za\u0159\u00edzen\u00ed&nbsp;s pitnou vodou a&nbsp;miniprodejna, kde dostanete koupit nejnutn\u011bj\u0161\u00ed j\u00eddlo, pit\u00ed, atd. Pokud m\u00e1te prodlu\u017eovac\u00ed kabel&nbsp;je mo\u017eno se p\u0159ipojit na s\u00ed\u0165 220 V.&nbsp;V bl\u00edzk\u00e9m okol\u00ed je mo\u017enost vym\u011bnit PB l\u00e1hve.\u201c Kontakt: E-mail:<a href=\"mailto:stanislav.hrabec@seznam.cz\">stanislav.hrabec@seznam.cz<\/a>, Telefon:+420 608&nbsp;405&nbsp;681<\/em><\/p>\n\n\n\n<h4 class=\"wp-block-heading\"> <strong>Autocamp U viaduktu<\/strong> <\/h4>\n\n\n\n<p>Kempem prot\u00e9k\u00e1 \u0159\u00ed\u010dka Lomn\u00e1, ve kter\u00e9 se v letn\u00edch m\u011bs\u00edc\u00edch m\u016f\u017eete vykoupat.&nbsp;D\u00edky borovicov\u00e9mu h\u00e1ji budete chr\u00e1n\u011bni p\u0159ed sluncem a elektrick\u00e9 p\u0159\u00edpojky zajist\u00ed dostatek elekt\u0159iny. Pokud zatou\u017e\u00edte po proch\u00e1zce, \u00fadol\u00ed Lomn\u00e9 je t\u00edm spr\u00e1vn\u00fdm sm\u011brem, kam se vydat. Za m\u011b tento kemp hodnot\u00edm jako klasick\u00fd kemp se st\u00e1lou klientelou, mnoha karavany um\u00edst\u011bn\u00fdmi po celou dobu sezony a z\u00e1rukou kamar\u00e1d\u016f pro d\u011bti. Hled\u00e1te-li nekomer\u010dn\u00ed kemp a rodinnou atmosf\u00e9ru, tento kemp by mohl b\u00fdt t\u00edm prav\u00fdm. <strong>Str\u00e1nky: <\/strong> <a rel=\"noreferrer noopener\" aria-label=\" (opens in a new tab)\" href=\"http:\/\/www.uviaduktu.cz\/\" target=\"_blank\">uviaduktu.cz<\/a>,  <strong><a href=\"https:\/\/mapy.cz\/s\/mazolutese\">Mapa<\/a><\/strong><\/p>\n\n\n\n<p><strong>Turistick\u00e9 c\u00edle:<\/strong>&nbsp;v okol\u00ed je mnoho turistick\u00fdch c\u00edl\u016f, v\u0161echny jsou hezky popsan\u00e9 na str\u00e1nk\u00e1ch kempu&nbsp;<a rel=\"noreferrer noopener\" href=\"http:\/\/www.uviaduktu.cz\/okoli\/turistika\" target=\"_blank\">ZDE<\/a><\/p>\n\n\n\n<figure class=\"wp-block-image size-large\"><img loading=\"lazy\" decoding=\"async\" width=\"1400\" height=\"829\" src=\"https:\/\/all4camper.com\/\/wp-content\/uploads\/2019\/12\/u-viaduktu.jpg\" alt=\"\" class=\"wp-image-84053\" srcset=\"https:\/\/all4camper.com\/wp-content\/uploads\/2019\/12\/u-viaduktu.jpg 1400w, https:\/\/all4camper.com\/wp-content\/uploads\/2019\/12\/u-viaduktu-300x178.jpg 300w, https:\/\/all4camper.com\/wp-content\/uploads\/2019\/12\/u-viaduktu-150x89.jpg 150w, https:\/\/all4camper.com\/wp-content\/uploads\/2019\/12\/u-viaduktu-768x455.jpg 768w\" sizes=\"auto, (max-width: 1400px) 100vw, 1400px\" \/><\/figure>\n\n\n\n<h3 class=\"wp-block-heading\"><strong>&nbsp;Zl\u00ednsk\u00fd kraj<\/strong><\/h3>\n\n\n\n<p><strong>Autokemp Hov\u011bz\u00ed \u201eU Splavu\u201c<\/strong><\/p>\n\n\n\n<p>Klasick\u00fd chatov\u00fd kemp, kde&nbsp;mimo hlavn\u00ed sezonu (\u010dervenec a srpen) bude pro karavanisty zaji\u0161t\u011bno kr\u00e1sn\u00e9 st\u00e1n\u00ed, kvalitn\u00ed z\u00e1zem\u00ed a men\u0161\u00ed po\u010det lid\u00ed.&nbsp;Ide\u00e1ln\u00ed na v\u00edkendov\u00fd pobyt. V kempu najdete ohni\u0161t\u011b, d\u011btsk\u00e9 h\u0159i\u0161t\u011b, soci\u00e1ln\u00ed z\u00e1zem\u00ed s teplou vodou a pl\u00e1\u017eov\u00fd volejbal.&nbsp;V jeho okol\u00ed vede velk\u00e9 mno\u017estv\u00ed turistick\u00fdch cest a cyklotras, v\u010detn\u011b cyklostezky Be\u010dva.  <strong>Str\u00e1nky:&nbsp;<a rel=\"noreferrer noopener\" href=\"http:\/\/www.kemphovezi.cz\/\" target=\"_blank\">U Splavu<\/a><a rel=\"noreferrer noopener\" href=\"https:\/\/mapy.cz\/s\/2jabx\" target=\"_blank\">, Mapa<\/a><\/strong> <\/p>\n\n\n\n<figure class=\"wp-block-image size-large\"><img loading=\"lazy\" decoding=\"async\" width=\"899\" height=\"600\" src=\"https:\/\/all4camper.com\/\/wp-content\/uploads\/2019\/12\/u-splavu.jpg\" alt=\"\" class=\"wp-image-84054\" srcset=\"https:\/\/all4camper.com\/wp-content\/uploads\/2019\/12\/u-splavu.jpg 899w, https:\/\/all4camper.com\/wp-content\/uploads\/2019\/12\/u-splavu-300x200.jpg 300w, https:\/\/all4camper.com\/wp-content\/uploads\/2019\/12\/u-splavu-150x100.jpg 150w, https:\/\/all4camper.com\/wp-content\/uploads\/2019\/12\/u-splavu-768x513.jpg 768w\" sizes=\"auto, (max-width: 899px) 100vw, 899px\" \/><\/figure>\n\n\n\n<p> <strong>Turistick\u00e9 c\u00edle:&nbsp;<a rel=\"noreferrer noopener\" href=\"http:\/\/roznov.info\/\" target=\"_blank\">Ro\u017enov pod Radho\u0161t\u011bm<\/a>,&nbsp;&nbsp;<a rel=\"noreferrer noopener\" href=\"http:\/\/www.pamatky.com\/pamatka.php?Pamatka=roznov\" target=\"_blank\">Vala\u0161sk\u00fd skanzen v p\u0159\u00edrod\u011b<\/a>.<\/strong> <\/p>\n\n\n\n<h4 class=\"wp-block-heading\"> <strong>Kemp Pod Lipami<\/strong> <\/h4>\n\n\n\n<p>Klidn\u00fd a pohodov\u00fd kemp le\u017e\u00edc\u00ed cca 200 m od \u0159eky Be\u010dvy. Zhruba ve stejn\u00e9 vzd\u00e1lenosti se nach\u00e1z\u00ed&nbsp;sportovn\u00ed are\u00e1l s minigolfem, fotbalov\u00fdch h\u0159i\u0161t\u011bm a d\u011btsk\u00fdm h\u0159i\u0161t\u011bm. Kemp nab\u00edz\u00ed standardn\u00ed slu\u017eby a z\u00e1zem\u00ed v\u010detn\u011b elektrick\u00fdch p\u0159\u00edpojek. M\u00e1te-li r\u00e1di rozd\u011bl\u00e1v\u00e1n\u00ed ohn\u011b a op\u00e9k\u00e1n\u00ed \u0161pek\u00e1\u010dk\u016f, pak v\u00e1s zcela jist\u011b pot\u011b\u0161\u00ed i tato mo\u017enost. Hled\u00e1te-li klidnou dovolenou v p\u0159\u00edrod\u011b, pak tento kemp by mohl b\u00fdt tou spr\u00e1vnou volbou. <strong>Str\u00e1nky:&nbsp;<\/strong><a rel=\"noreferrer noopener\" href=\"http:\/\/ubytovani-roznovsko.cz\/kemp-pod-lipami\" target=\"_blank\">Kemp Pod Lipami<\/a>, <strong><a rel=\"noreferrer noopener\" href=\"https:\/\/mapy.cz\/s\/2jaAf\" target=\"_blank\">Mapa<\/a><\/strong><\/p>\n\n\n\n<p><strong>Turistick\u00e9 c\u00edle:&nbsp;<\/strong><\/p>\n\n\n\n<ul class=\"wp-block-list\"><li>Ro\u017enov pod Radho\u0161t\u011bm + Vala\u0161sk\u00e9 muzeum v p\u0159\u00edrod\u011b<\/li><li>Karolinka skl\u00e1rna + koup\u00e1n\u00ed<\/li><li>Proj\u00ed\u017e\u010fka na kon\u00edch Horn\u00ed Be\u010dva + koup\u00e1n\u00ed v p\u0159ehrad\u011b<\/li><li>Pustevny p\u011b\u0161ky, autem nebo autobusem (stylov\u00e9 stavby D. Jurkovi\u010de), proch\u00e1zka po h\u0159ebeni kolem sochy Radegastu na Radho\u0161\u0165 a zp\u011bt<\/li><li>Muzeum historick\u00fdch aut Kop\u0159ivnice<\/li><li>Hrad Hukvaldy<\/li><\/ul>\n\n\n\n<h3 class=\"wp-block-heading\"><strong>Jihomoravsk\u00fd kraj&nbsp;<\/strong><\/h3>\n\n\n\n<h4 class=\"wp-block-heading\"><strong>Kemp \u010c\u00ed\u017eov<\/strong><\/h4>\n\n\n\n<p>Pokud hled\u00e1te opravdu klidn\u00fd kemp, pak \u010c\u00ed\u017ekov ur\u010dit\u011b nav\u0161tivte. Velice kladn\u011b hodnot\u00edm i mo\u017enost ubytov\u00e1n\u00ed v chatk\u00e1ch, kter\u00e9 jsou opravdu kr\u00e1sn\u00e9. Kemp pat\u0159\u00ed ke zdej\u0161\u00ed hospod\u011b u \u0160vestk\u016f, kde se m\u016f\u017eete dob\u0159e naj\u00edst. Soci\u00e1ln\u00ed z\u00e1zem\u00ed a dal\u0161\u00ed slu\u017eby hodnot\u00edm velice kladn\u011b. V\u0161e nov\u00e9 a je zn\u00e1t, \u017ee se o to majitel\u00e9 staraj\u00ed. <strong>Str\u00e1nky:&nbsp;<\/strong><a rel=\"noreferrer noopener\" href=\"http:\/\/www.usvestku.cz\/ubytovani\/karavan\/\" target=\"_blank\">U \u0160vestk\u016f<\/a>, <strong><a rel=\"noreferrer noopener\" href=\"https:\/\/mapy.cz\/s\/2jaKz\" target=\"_blank\">Mapa<\/a><\/strong><\/p>\n\n\n\n<figure class=\"wp-block-image size-large\"><img loading=\"lazy\" decoding=\"async\" width=\"1920\" height=\"859\" src=\"https:\/\/all4camper.com\/\/wp-content\/uploads\/2019\/12\/U-\u0160vestk\u016f_pro-karavany_03_2016.jpg\" alt=\"\" class=\"wp-image-84057\" srcset=\"https:\/\/all4camper.com\/wp-content\/uploads\/2019\/12\/U-\u0160vestk\u016f_pro-karavany_03_2016.jpg 1920w, https:\/\/all4camper.com\/wp-content\/uploads\/2019\/12\/U-\u0160vestk\u016f_pro-karavany_03_2016-300x134.jpg 300w, https:\/\/all4camper.com\/wp-content\/uploads\/2019\/12\/U-\u0160vestk\u016f_pro-karavany_03_2016-150x67.jpg 150w, https:\/\/all4camper.com\/wp-content\/uploads\/2019\/12\/U-\u0160vestk\u016f_pro-karavany_03_2016-768x344.jpg 768w, https:\/\/all4camper.com\/wp-content\/uploads\/2019\/12\/U-\u0160vestk\u016f_pro-karavany_03_2016-1536x687.jpg 1536w\" sizes=\"auto, (max-width: 1920px) 100vw, 1920px\" \/><\/figure>\n\n\n\n<p><strong>Turistick\u00e9 c\u00edle:&nbsp;<\/strong>Vzhledem k lokalit\u011b je v okol\u00ed opravdu dostatek turistick\u00fdch c\u00edl\u016f, kter\u00e9 jsou hezky zpracovan\u00e9 na tomto&nbsp;<a rel=\"noreferrer noopener\" href=\"http:\/\/www.usvestku.cz\/zajimavosti-z-okoli\/\" target=\"_blank\">odkazu.<\/a><\/p>\n\n\n\n<h4 class=\"wp-block-heading\"><strong>J\u00e1\u0148\u016fv dv\u016fr<\/strong><\/h4>\n\n\n\n<p>Tento mal\u00fd rodinn\u00fd kemp je dal\u0161\u00edm klidn\u00fdm kempem v t\u00e9to oblasti. Jak se p\u00ed\u0161e na str\u00e1nk\u00e1ch &#8222;J\u00e1\u0148\u016fv dv\u016fr je historick\u00e1 zem\u011bd\u011blsk\u00e1 usedlost v nejji\u017en\u011bj\u0161\u00edm koutu na\u0161\u00ed republiky,&nbsp;ve vina\u0159sk\u00e9 vesni\u010dce Nov\u00fd P\u0159erov na hranici s Rakouskem.&nbsp;Nyn\u00ed u n\u00e1s nab\u00edz\u00edme ubytov\u00e1n\u00ed a rekreaci pro v\u0161echny,&nbsp;kte\u0159\u00ed hledaj\u00ed formou agroturistiky&nbsp;tradi\u010dn\u00ed venkovsk\u00e9 hodnoty&nbsp;\u2013&nbsp;klidn\u00e9 prost\u0159ed\u00ed,&nbsp;kontakt s p\u0159\u00edrodou a zv\u00ed\u0159aty,&nbsp;dom\u00e1c\u00ed atmosf\u00e9ru, poctivou kuchyni a&nbsp;m\u00edstn\u00ed produkty&nbsp;\u2013&nbsp;zejm\u00e9na&nbsp;dobr\u00e9 v\u00edno&#8230;&#8220;  <strong>Str\u00e1nky:&nbsp;<\/strong><a rel=\"noreferrer noopener\" href=\"http:\/\/www.januvdvur.cz\/stranky\/kemp\/\" target=\"_blank\">J\u00e1\u0148\u016fv dv\u016fr<\/a>, <strong><a rel=\"noreferrer noopener\" href=\"https:\/\/mapy.cz\/s\/2jaTQ\" target=\"_blank\">Mapa<\/a><\/strong><\/p>\n\n\n\n<figure class=\"wp-block-image size-large\"><img loading=\"lazy\" decoding=\"async\" width=\"1440\" height=\"1080\" src=\"https:\/\/all4camper.com\/\/wp-content\/uploads\/2019\/12\/j\u00e1nuv-dvur-1440x1080.jpg\" alt=\"\" class=\"wp-image-84060\" srcset=\"https:\/\/all4camper.com\/wp-content\/uploads\/2019\/12\/j\u00e1nuv-dvur-1440x1080.jpg 1440w, https:\/\/all4camper.com\/wp-content\/uploads\/2019\/12\/j\u00e1nuv-dvur-300x225.jpg 300w, https:\/\/all4camper.com\/wp-content\/uploads\/2019\/12\/j\u00e1nuv-dvur-150x113.jpg 150w, https:\/\/all4camper.com\/wp-content\/uploads\/2019\/12\/j\u00e1nuv-dvur-768x576.jpg 768w, https:\/\/all4camper.com\/wp-content\/uploads\/2019\/12\/j\u00e1nuv-dvur-1536x1152.jpg 1536w, https:\/\/all4camper.com\/wp-content\/uploads\/2019\/12\/j\u00e1nuv-dvur-2048x1536.jpg 2048w, https:\/\/all4camper.com\/wp-content\/uploads\/2019\/12\/j\u00e1nuv-dvur-678x509.jpg 678w, https:\/\/all4camper.com\/wp-content\/uploads\/2019\/12\/j\u00e1nuv-dvur-326x245.jpg 326w, https:\/\/all4camper.com\/wp-content\/uploads\/2019\/12\/j\u00e1nuv-dvur-80x60.jpg 80w\" sizes=\"auto, (max-width: 1440px) 100vw, 1440px\" \/><\/figure>\n\n\n\n<p><strong>Turistick\u00e9 c\u00edle:&nbsp;<\/strong>i tento kemp m\u00e1 hezky zpracovan\u00e9 turistick\u00e9 c\u00edle, kter\u00e9 si m\u016f\u017eete prohl\u00e9dnout&nbsp;<a href=\"http:\/\/www.januvdvur.cz\/stranka\/kam-v-okoli\/\" target=\"_blank\" rel=\"noreferrer noopener\">ZDE<\/a><\/p>\n\n\n\n<h4 class=\"wp-block-heading\"><strong>Kemp Josef<\/strong><\/h4>\n\n\n\n<p>Dal\u0161\u00ed z rodinn\u00fdch kemp\u016f, kter\u00fd stoj\u00ed za n\u00e1v\u0161t\u011bvu. Jedinou nev\u00fdhodou kempu je skute\u010dnost, \u017ee se zde ob\u010das po\u0159\u00e1daj\u00ed hudebn\u00ed akce a chcete-li se tomu vyhnout, p\u0159ed va\u0161\u00edm p\u0159\u00edjezdem doporu\u010duji do kempu zavolat a ujistit se, \u017ee se v dan\u00fd term\u00edn nic nekon\u00e1. V ostatn\u00edch dnech je zde klid a pohoda. <strong>Kemp m\u00e1 i sv\u016fj baz\u00e9n a soused\u00ed s jezdeck\u00fdm odd\u00edlem, kde je pr\u00fd opravdu hodn\u011b kon\u00ed.&nbsp;Str\u00e1nky: <\/strong><a rel=\"noreferrer noopener\" href=\"http:\/\/kempjosef.cz\/\" target=\"_blank\">Kemp Josef<\/a>,  <strong><a rel=\"noreferrer noopener\" href=\"https:\/\/mapy.cz\/s\/2jb1B\" target=\"_blank\">Mapa<\/a><\/strong> <\/p>\n\n\n\n<p><strong>Turistick\u00e9 c\u00edle:&nbsp;<\/strong><\/p>\n\n\n\n<ul class=\"wp-block-list\"><li><a rel=\"noreferrer noopener\" href=\"http:\/\/www.zamekmilotice.cz\/\" target=\"_blank\">Z\u00e1mek Milotice<\/a><\/li><li><a rel=\"noreferrer noopener\" href=\"http:\/\/www.straznice-mesto.cz\/straznicky-skanzen\/d-1686\/p1=1915\" target=\"_blank\">Skanzen Str\u00e1\u017enice<\/a><\/li><li><a rel=\"noreferrer noopener\" href=\"http:\/\/www.lednicko-valticky-areal.cz\/\" target=\"_blank\">Lednicko Valtick\u00fd are\u00e1l<\/a><\/li><li><a rel=\"noreferrer noopener\" href=\"http:\/\/www.masaryk.info\/slovanske-hradiste-mikulcice\/\" target=\"_blank\">Vykop\u00e1vky Mikul\u010dice<\/a><\/li><li><a rel=\"noreferrer noopener\" href=\"http:\/\/sportcentrumzelva.cz\/\" target=\"_blank\">Sport centrum \u017delva Dub\u0148any<\/a><\/li><li><a rel=\"noreferrer noopener\" href=\"http:\/\/www.koupaliste-dubnany.ic.cz\/\" target=\"_blank\">Koupali\u0161t\u011b Dub\u0148any<\/a><\/li><li><a rel=\"noreferrer noopener\" href=\"http:\/\/www.teza-hodonin.cz\/letni-koupaliste\" target=\"_blank\">Koupali\u0161t\u011b Hodon\u00edn<\/a><\/li><li><a rel=\"noreferrer noopener\" href=\"http:\/\/www.mestokyjov.cz\/vismo\/zobraz_dok.asp?id_org=7843&amp;id_ktg=1120&amp;archiv=0\" target=\"_blank\">Koupali\u0161t\u011b Kyjov<\/a><\/li><li><a rel=\"noreferrer noopener\" href=\"http:\/\/www.zoo-hodonin.cz\/\" target=\"_blank\">ZOO Hodon\u00edn<\/a><\/li><\/ul>\n\n\n\n<h4 class=\"wp-block-heading\"><strong>Penzion a Camping Muzeum Lesn\u00e1<\/strong><\/h4>\n\n\n\n<p>St\u0159edn\u011b velk\u00fd kemp s kapacitou 10 st\u00e1n\u00ed pro karavany s elektickou p\u0159\u00edpojkou. V are\u00e1lu najdete baz\u00e9n, restauraci s \u0161irokou nab\u00eddkou druh\u016f piv a moravskou kuchyn\u00ed a expozici motocykl\u016f.&nbsp; U kempu je tak\u00e9 vinn\u00fd skl\u00edpek.<\/p>\n\n\n\n<p>Tento kemp V\u00e1m sice nedop\u0159eje absolutn\u00ed klid jako jin\u00e9 kempy, zato v n\u011bm najdete spousty z\u00e1\u017eitk\u016f jak pro sebe, tak va\u0161e d\u011bti a jsem p\u0159esv\u011bd\u010dena, \u017ee n\u00e1v\u0161t\u011bvy v tomto kempu nebudete litovat, zejm\u00e9na pokud jste nad\u0161enci veter\u00e1n\u016f. <strong>Str\u00e1nky:&nbsp;<\/strong><a rel=\"noreferrer noopener\" href=\"http:\/\/www.veteransalon.cz\/index.php\" target=\"_blank\">Penzion a Camping Muzeum Lesn\u00e1<\/a>, <strong><a rel=\"noreferrer noopener\" href=\"https:\/\/mapy.cz\/s\/2jbc0\" target=\"_blank\">Mapa<\/a><\/strong><\/p>\n\n\n\n<figure class=\"wp-block-image size-large\"><img loading=\"lazy\" decoding=\"async\" width=\"640\" height=\"480\" src=\"https:\/\/all4camper.com\/\/wp-content\/uploads\/2019\/12\/lesna.jpg\" alt=\"\" class=\"wp-image-84061\" srcset=\"https:\/\/all4camper.com\/wp-content\/uploads\/2019\/12\/lesna.jpg 640w, https:\/\/all4camper.com\/wp-content\/uploads\/2019\/12\/lesna-300x225.jpg 300w, https:\/\/all4camper.com\/wp-content\/uploads\/2019\/12\/lesna-150x113.jpg 150w, https:\/\/all4camper.com\/wp-content\/uploads\/2019\/12\/lesna-326x245.jpg 326w, https:\/\/all4camper.com\/wp-content\/uploads\/2019\/12\/lesna-80x60.jpg 80w\" sizes=\"auto, (max-width: 640px) 100vw, 640px\" \/><\/figure>\n\n\n\n<p><\/p>\n","protected":false},"excerpt":{"rendered":"<p>Pl\u00e1nujeme dovolenou karavanem, ale nechcete do p\u0159epln\u011bn\u00fdch kemp\u016f? V tomto p\u0159\u00edsp\u011bvku V\u00e1m nab\u00edz\u00edm n\u011bkolik tip\u016f kde tr\u00e1vit svou karavanistickou dovolenou v \u010cR, a z\u00e1rove\u0148 si u\u017e\u00edt klid a pohodu. Pro dopln\u011bn\u00ed je\u0161t\u011b uv\u00e1d\u00edm, \u017ee t\u00edmto m\u00fdm dne\u0161n\u00edm p\u0159\u00edsp\u011bvkem navazuji na&nbsp;jeho prvn\u00ed \u010d\u00e1st, kter\u00e1 u v\u00e1s z\u00edskala mnoho pozitivn\u00edch ohlas\u016f a \u017e\u00e1dost\u00ed o tipy i na [&hellip;]<\/p>\n","protected":false},"author":4,"featured_media":84062,"comment_status":"open","ping_status":"open","sticky":false,"template":"","format":"standard","meta":{"_monsterinsights_skip_tracking":false,"_monsterinsights_sitenote_active":false,"_monsterinsights_sitenote_note":"","_monsterinsights_sitenote_category":0,"footnotes":""},"categories":[364,68],"tags":[101,354],"class_list":{"0":"post-12942","1":"post","2":"type-post","3":"status-publish","4":"format-standard","5":"has-post-thumbnail","7":"category-cestujeme-a-kempujeme-v-cr","8":"category-kempovani-a-zajimave-cile","9":"tag-kempy-1","10":"tag-morava"},"yoast_head":"<!-- This site is optimized with the Yoast SEO plugin v27.4 - https:\/\/yoast.com\/product\/yoast-seo-wordpress\/ -->\n<title>Kam s karavanem na v\u00edkend \u010di dovolenou - Morava - All4Camper<\/title>\n<meta name=\"description\" content=\"All4Camper - Kam s karavanem na v\u00edkend \u010di dovolenou - Morava\" \/>\n<meta name=\"robots\" content=\"index, follow, max-snippet:-1, max-image-preview:large, max-video-preview:-1\" \/>\n<link rel=\"canonical\" href=\"https:\/\/all4camper.com\/cs\/cile-dovolene-v-cr-trochu-jinak-ii-cast\/\" \/>\n<meta property=\"og:locale\" content=\"cs_CZ\" \/>\n<meta property=\"og:type\" content=\"article\" \/>\n<meta property=\"og:title\" content=\"Kam s karavanem na v\u00edkend \u010di dovolenou - Morava - All4Camper\" \/>\n<meta property=\"og:description\" content=\"All4Camper - Kam s karavanem na v\u00edkend \u010di dovolenou - Morava\" \/>\n<meta property=\"og:url\" content=\"https:\/\/all4camper.com\/cs\/cile-dovolene-v-cr-trochu-jinak-ii-cast\/\" \/>\n<meta property=\"og:site_name\" content=\"All4Camper\" \/>\n<meta property=\"article:published_time\" content=\"2019-02-13T20:11:00+00:00\" \/>\n<meta property=\"article:modified_time\" content=\"2019-12-17T10:48:11+00:00\" \/>\n<meta property=\"og:image\" content=\"https:\/\/all4camper.com\/wp-content\/uploads\/2018\/02\/j\u00e1nuv-dvur_clanek.jpg\" \/>\n\t<meta property=\"og:image:width\" content=\"1200\" \/>\n\t<meta property=\"og:image:height\" content=\"717\" \/>\n\t<meta property=\"og:image:type\" content=\"image\/jpeg\" \/>\n<meta name=\"author\" content=\"Kl\u00e1ra H\u00e1jkov\u00e1\" \/>\n<meta name=\"twitter:card\" content=\"summary_large_image\" \/>\n<meta name=\"twitter:label1\" content=\"Napsal(a)\" \/>\n\t<meta name=\"twitter:data1\" content=\"Kl\u00e1ra H\u00e1jkov\u00e1\" \/>\n\t<meta name=\"twitter:label2\" content=\"Odhadovan\u00e1 doba \u010dten\u00ed\" \/>\n\t<meta name=\"twitter:data2\" content=\"8 minut\" \/>\n<script type=\"application\/ld+json\" class=\"yoast-schema-graph\">{\"@context\":\"https:\\\/\\\/schema.org\",\"@graph\":[{\"@type\":\"Article\",\"@id\":\"https:\\\/\\\/all4camper.com\\\/cs\\\/cile-dovolene-v-cr-trochu-jinak-ii-cast\\\/#article\",\"isPartOf\":{\"@id\":\"https:\\\/\\\/all4camper.com\\\/cs\\\/cile-dovolene-v-cr-trochu-jinak-ii-cast\\\/\"},\"author\":{\"name\":\"Kl\u00e1ra H\u00e1jkov\u00e1\",\"@id\":\"https:\\\/\\\/all4camper.com\\\/cs\\\/#\\\/schema\\\/person\\\/c6f1efdf1d02bc7d8c53a891cbe18c62\"},\"headline\":\"Kam s karavanem na v\u00edkend \u010di dovolenou &#8211; Morava\",\"datePublished\":\"2019-02-13T20:11:00+00:00\",\"dateModified\":\"2019-12-17T10:48:11+00:00\",\"mainEntityOfPage\":{\"@id\":\"https:\\\/\\\/all4camper.com\\\/cs\\\/cile-dovolene-v-cr-trochu-jinak-ii-cast\\\/\"},\"wordCount\":1654,\"commentCount\":0,\"publisher\":{\"@id\":\"https:\\\/\\\/all4camper.com\\\/cs\\\/#organization\"},\"image\":{\"@id\":\"https:\\\/\\\/all4camper.com\\\/cs\\\/cile-dovolene-v-cr-trochu-jinak-ii-cast\\\/#primaryimage\"},\"thumbnailUrl\":\"https:\\\/\\\/all4camper.com\\\/wp-content\\\/uploads\\\/2018\\\/02\\\/j\u00e1nuv-dvur_clanek.jpg\",\"keywords\":[\"Kempy a kempovac\u00ed m\u00edsta\",\"Morava\"],\"articleSection\":[\"Cestujeme a kempujeme v \u010cR\",\"Kempy a zaj\u00edmav\u00e1 m\u00edsta\"],\"inLanguage\":\"cs\",\"potentialAction\":[{\"@type\":\"CommentAction\",\"name\":\"Comment\",\"target\":[\"https:\\\/\\\/all4camper.com\\\/cs\\\/cile-dovolene-v-cr-trochu-jinak-ii-cast\\\/#respond\"]}]},{\"@type\":\"WebPage\",\"@id\":\"https:\\\/\\\/all4camper.com\\\/cs\\\/cile-dovolene-v-cr-trochu-jinak-ii-cast\\\/\",\"url\":\"https:\\\/\\\/all4camper.com\\\/cs\\\/cile-dovolene-v-cr-trochu-jinak-ii-cast\\\/\",\"name\":\"Kam s karavanem na v\u00edkend \u010di dovolenou - Morava - All4Camper\",\"isPartOf\":{\"@id\":\"https:\\\/\\\/all4camper.com\\\/cs\\\/#website\"},\"primaryImageOfPage\":{\"@id\":\"https:\\\/\\\/all4camper.com\\\/cs\\\/cile-dovolene-v-cr-trochu-jinak-ii-cast\\\/#primaryimage\"},\"image\":{\"@id\":\"https:\\\/\\\/all4camper.com\\\/cs\\\/cile-dovolene-v-cr-trochu-jinak-ii-cast\\\/#primaryimage\"},\"thumbnailUrl\":\"https:\\\/\\\/all4camper.com\\\/wp-content\\\/uploads\\\/2018\\\/02\\\/j\u00e1nuv-dvur_clanek.jpg\",\"datePublished\":\"2019-02-13T20:11:00+00:00\",\"dateModified\":\"2019-12-17T10:48:11+00:00\",\"description\":\"All4Camper - Kam s karavanem na v\u00edkend \u010di dovolenou - Morava\",\"breadcrumb\":{\"@id\":\"https:\\\/\\\/all4camper.com\\\/cs\\\/cile-dovolene-v-cr-trochu-jinak-ii-cast\\\/#breadcrumb\"},\"inLanguage\":\"cs\",\"potentialAction\":[{\"@type\":\"ReadAction\",\"target\":[\"https:\\\/\\\/all4camper.com\\\/cs\\\/cile-dovolene-v-cr-trochu-jinak-ii-cast\\\/\"]}]},{\"@type\":\"ImageObject\",\"inLanguage\":\"cs\",\"@id\":\"https:\\\/\\\/all4camper.com\\\/cs\\\/cile-dovolene-v-cr-trochu-jinak-ii-cast\\\/#primaryimage\",\"url\":\"https:\\\/\\\/all4camper.com\\\/wp-content\\\/uploads\\\/2018\\\/02\\\/j\u00e1nuv-dvur_clanek.jpg\",\"contentUrl\":\"https:\\\/\\\/all4camper.com\\\/wp-content\\\/uploads\\\/2018\\\/02\\\/j\u00e1nuv-dvur_clanek.jpg\",\"width\":1200,\"height\":717},{\"@type\":\"BreadcrumbList\",\"@id\":\"https:\\\/\\\/all4camper.com\\\/cs\\\/cile-dovolene-v-cr-trochu-jinak-ii-cast\\\/#breadcrumb\",\"itemListElement\":[{\"@type\":\"ListItem\",\"position\":1,\"name\":\"Dom\u016f\",\"item\":\"https:\\\/\\\/all4camper.com\\\/cs\\\/\"},{\"@type\":\"ListItem\",\"position\":2,\"name\":\"Cestujeme a kempujeme v \u010cR\",\"item\":\"https:\\\/\\\/all4camper.com\\\/cs\\\/category\\\/cestujeme-a-kempujeme-v-cr\\\/\"},{\"@type\":\"ListItem\",\"position\":3,\"name\":\"Kam s karavanem na v\u00edkend \u010di dovolenou &#8211; Morava\"}]},{\"@type\":\"WebSite\",\"@id\":\"https:\\\/\\\/all4camper.com\\\/cs\\\/#website\",\"url\":\"https:\\\/\\\/all4camper.com\\\/cs\\\/\",\"name\":\"All4Camper\",\"description\":\"Nejv\u011bt\u0161\u00ed online magaz\u00edn o kempov\u00e1n\u00ed a karavaninku. V\u00edce jak 900 \u010dl\u00e1nk\u016f pln\u00fdch rad a tip\u016f o kempech a kempov\u00e1n\u00ed.\",\"publisher\":{\"@id\":\"https:\\\/\\\/all4camper.com\\\/cs\\\/#organization\"},\"potentialAction\":[{\"@type\":\"SearchAction\",\"target\":{\"@type\":\"EntryPoint\",\"urlTemplate\":\"https:\\\/\\\/all4camper.com\\\/cs\\\/?s={search_term_string}\"},\"query-input\":{\"@type\":\"PropertyValueSpecification\",\"valueRequired\":true,\"valueName\":\"search_term_string\"}}],\"inLanguage\":\"cs\"},{\"@type\":\"Organization\",\"@id\":\"https:\\\/\\\/all4camper.com\\\/cs\\\/#organization\",\"name\":\"All4Camper - kempujeme s Kl\u00e1rou\",\"url\":\"https:\\\/\\\/all4camper.com\\\/cs\\\/\",\"logo\":{\"@type\":\"ImageObject\",\"inLanguage\":\"cs\",\"@id\":\"https:\\\/\\\/all4camper.com\\\/cs\\\/#\\\/schema\\\/logo\\\/image\\\/\",\"url\":\"https:\\\/\\\/all4camper.com\\\/wp-content\\\/uploads\\\/2018\\\/09\\\/novelogo.png\",\"contentUrl\":\"https:\\\/\\\/all4camper.com\\\/wp-content\\\/uploads\\\/2018\\\/09\\\/novelogo.png\",\"width\":1520,\"height\":600,\"caption\":\"All4Camper - kempujeme s Kl\u00e1rou\"},\"image\":{\"@id\":\"https:\\\/\\\/all4camper.com\\\/cs\\\/#\\\/schema\\\/logo\\\/image\\\/\"}},{\"@type\":\"Person\",\"@id\":\"https:\\\/\\\/all4camper.com\\\/cs\\\/#\\\/schema\\\/person\\\/c6f1efdf1d02bc7d8c53a891cbe18c62\",\"name\":\"Kl\u00e1ra H\u00e1jkov\u00e1\",\"sameAs\":[\"http:\\\/\\\/www.all4camper.com\"],\"url\":\"https:\\\/\\\/all4camper.com\\\/cs\\\/author\\\/klarinkacestuje1\\\/\"}]}<\/script>\n<!-- \/ Yoast SEO plugin. -->","yoast_head_json":{"title":"Kam s karavanem na v\u00edkend \u010di dovolenou - Morava - All4Camper","description":"All4Camper - Kam s karavanem na v\u00edkend \u010di dovolenou - Morava","robots":{"index":"index","follow":"follow","max-snippet":"max-snippet:-1","max-image-preview":"max-image-preview:large","max-video-preview":"max-video-preview:-1"},"canonical":"https:\/\/all4camper.com\/cs\/cile-dovolene-v-cr-trochu-jinak-ii-cast\/","og_locale":"cs_CZ","og_type":"article","og_title":"Kam s karavanem na v\u00edkend \u010di dovolenou - Morava - All4Camper","og_description":"All4Camper - Kam s karavanem na v\u00edkend \u010di dovolenou - Morava","og_url":"https:\/\/all4camper.com\/cs\/cile-dovolene-v-cr-trochu-jinak-ii-cast\/","og_site_name":"All4Camper","article_published_time":"2019-02-13T20:11:00+00:00","article_modified_time":"2019-12-17T10:48:11+00:00","og_image":[{"width":1200,"height":717,"url":"https:\/\/all4camper.com\/wp-content\/uploads\/2018\/02\/j\u00e1nuv-dvur_clanek.jpg","type":"image\/jpeg"}],"author":"Kl\u00e1ra H\u00e1jkov\u00e1","twitter_card":"summary_large_image","twitter_misc":{"Napsal(a)":"Kl\u00e1ra H\u00e1jkov\u00e1","Odhadovan\u00e1 doba \u010dten\u00ed":"8 minut"},"schema":{"@context":"https:\/\/schema.org","@graph":[{"@type":"Article","@id":"https:\/\/all4camper.com\/cs\/cile-dovolene-v-cr-trochu-jinak-ii-cast\/#article","isPartOf":{"@id":"https:\/\/all4camper.com\/cs\/cile-dovolene-v-cr-trochu-jinak-ii-cast\/"},"author":{"name":"Kl\u00e1ra H\u00e1jkov\u00e1","@id":"https:\/\/all4camper.com\/cs\/#\/schema\/person\/c6f1efdf1d02bc7d8c53a891cbe18c62"},"headline":"Kam s karavanem na v\u00edkend \u010di dovolenou &#8211; Morava","datePublished":"2019-02-13T20:11:00+00:00","dateModified":"2019-12-17T10:48:11+00:00","mainEntityOfPage":{"@id":"https:\/\/all4camper.com\/cs\/cile-dovolene-v-cr-trochu-jinak-ii-cast\/"},"wordCount":1654,"commentCount":0,"publisher":{"@id":"https:\/\/all4camper.com\/cs\/#organization"},"image":{"@id":"https:\/\/all4camper.com\/cs\/cile-dovolene-v-cr-trochu-jinak-ii-cast\/#primaryimage"},"thumbnailUrl":"https:\/\/all4camper.com\/wp-content\/uploads\/2018\/02\/j\u00e1nuv-dvur_clanek.jpg","keywords":["Kempy a kempovac\u00ed m\u00edsta","Morava"],"articleSection":["Cestujeme a kempujeme v \u010cR","Kempy a zaj\u00edmav\u00e1 m\u00edsta"],"inLanguage":"cs","potentialAction":[{"@type":"CommentAction","name":"Comment","target":["https:\/\/all4camper.com\/cs\/cile-dovolene-v-cr-trochu-jinak-ii-cast\/#respond"]}]},{"@type":"WebPage","@id":"https:\/\/all4camper.com\/cs\/cile-dovolene-v-cr-trochu-jinak-ii-cast\/","url":"https:\/\/all4camper.com\/cs\/cile-dovolene-v-cr-trochu-jinak-ii-cast\/","name":"Kam s karavanem na v\u00edkend \u010di dovolenou - Morava - All4Camper","isPartOf":{"@id":"https:\/\/all4camper.com\/cs\/#website"},"primaryImageOfPage":{"@id":"https:\/\/all4camper.com\/cs\/cile-dovolene-v-cr-trochu-jinak-ii-cast\/#primaryimage"},"image":{"@id":"https:\/\/all4camper.com\/cs\/cile-dovolene-v-cr-trochu-jinak-ii-cast\/#primaryimage"},"thumbnailUrl":"https:\/\/all4camper.com\/wp-content\/uploads\/2018\/02\/j\u00e1nuv-dvur_clanek.jpg","datePublished":"2019-02-13T20:11:00+00:00","dateModified":"2019-12-17T10:48:11+00:00","description":"All4Camper - Kam s karavanem na v\u00edkend \u010di dovolenou - Morava","breadcrumb":{"@id":"https:\/\/all4camper.com\/cs\/cile-dovolene-v-cr-trochu-jinak-ii-cast\/#breadcrumb"},"inLanguage":"cs","potentialAction":[{"@type":"ReadAction","target":["https:\/\/all4camper.com\/cs\/cile-dovolene-v-cr-trochu-jinak-ii-cast\/"]}]},{"@type":"ImageObject","inLanguage":"cs","@id":"https:\/\/all4camper.com\/cs\/cile-dovolene-v-cr-trochu-jinak-ii-cast\/#primaryimage","url":"https:\/\/all4camper.com\/wp-content\/uploads\/2018\/02\/j\u00e1nuv-dvur_clanek.jpg","contentUrl":"https:\/\/all4camper.com\/wp-content\/uploads\/2018\/02\/j\u00e1nuv-dvur_clanek.jpg","width":1200,"height":717},{"@type":"BreadcrumbList","@id":"https:\/\/all4camper.com\/cs\/cile-dovolene-v-cr-trochu-jinak-ii-cast\/#breadcrumb","itemListElement":[{"@type":"ListItem","position":1,"name":"Dom\u016f","item":"https:\/\/all4camper.com\/cs\/"},{"@type":"ListItem","position":2,"name":"Cestujeme a kempujeme v \u010cR","item":"https:\/\/all4camper.com\/cs\/category\/cestujeme-a-kempujeme-v-cr\/"},{"@type":"ListItem","position":3,"name":"Kam s karavanem na v\u00edkend \u010di dovolenou &#8211; Morava"}]},{"@type":"WebSite","@id":"https:\/\/all4camper.com\/cs\/#website","url":"https:\/\/all4camper.com\/cs\/","name":"All4Camper","description":"Nejv\u011bt\u0161\u00ed online magaz\u00edn o kempov\u00e1n\u00ed a karavaninku. V\u00edce jak 900 \u010dl\u00e1nk\u016f pln\u00fdch rad a tip\u016f o kempech a kempov\u00e1n\u00ed.","publisher":{"@id":"https:\/\/all4camper.com\/cs\/#organization"},"potentialAction":[{"@type":"SearchAction","target":{"@type":"EntryPoint","urlTemplate":"https:\/\/all4camper.com\/cs\/?s={search_term_string}"},"query-input":{"@type":"PropertyValueSpecification","valueRequired":true,"valueName":"search_term_string"}}],"inLanguage":"cs"},{"@type":"Organization","@id":"https:\/\/all4camper.com\/cs\/#organization","name":"All4Camper - kempujeme s Kl\u00e1rou","url":"https:\/\/all4camper.com\/cs\/","logo":{"@type":"ImageObject","inLanguage":"cs","@id":"https:\/\/all4camper.com\/cs\/#\/schema\/logo\/image\/","url":"https:\/\/all4camper.com\/wp-content\/uploads\/2018\/09\/novelogo.png","contentUrl":"https:\/\/all4camper.com\/wp-content\/uploads\/2018\/09\/novelogo.png","width":1520,"height":600,"caption":"All4Camper - kempujeme s Kl\u00e1rou"},"image":{"@id":"https:\/\/all4camper.com\/cs\/#\/schema\/logo\/image\/"}},{"@type":"Person","@id":"https:\/\/all4camper.com\/cs\/#\/schema\/person\/c6f1efdf1d02bc7d8c53a891cbe18c62","name":"Kl\u00e1ra H\u00e1jkov\u00e1","sameAs":["http:\/\/www.all4camper.com"],"url":"https:\/\/all4camper.com\/cs\/author\/klarinkacestuje1\/"}]}},"_links":{"self":[{"href":"https:\/\/all4camper.com\/cs\/wp-json\/wp\/v2\/posts\/12942","targetHints":{"allow":["GET"]}}],"collection":[{"href":"https:\/\/all4camper.com\/cs\/wp-json\/wp\/v2\/posts"}],"about":[{"href":"https:\/\/all4camper.com\/cs\/wp-json\/wp\/v2\/types\/post"}],"author":[{"embeddable":true,"href":"https:\/\/all4camper.com\/cs\/wp-json\/wp\/v2\/users\/4"}],"replies":[{"embeddable":true,"href":"https:\/\/all4camper.com\/cs\/wp-json\/wp\/v2\/comments?post=12942"}],"version-history":[{"count":0,"href":"https:\/\/all4camper.com\/cs\/wp-json\/wp\/v2\/posts\/12942\/revisions"}],"wp:featuredmedia":[{"embeddable":true,"href":"https:\/\/all4camper.com\/cs\/wp-json\/wp\/v2\/media\/84062"}],"wp:attachment":[{"href":"https:\/\/all4camper.com\/cs\/wp-json\/wp\/v2\/media?parent=12942"}],"wp:term":[{"taxonomy":"category","embeddable":true,"href":"https:\/\/all4camper.com\/cs\/wp-json\/wp\/v2\/categories?post=12942"},{"taxonomy":"post_tag","embeddable":true,"href":"https:\/\/all4camper.com\/cs\/wp-json\/wp\/v2\/tags?post=12942"}],"curies":[{"name":"wp","href":"https:\/\/api.w.org\/{rel}","templated":true}]}}