{"id":12837,"date":"2018-02-13T00:00:31","date_gmt":"2018-02-12T23:00:31","guid":{"rendered":"http:\/\/all4camper.com\/cz\/?p=12837"},"modified":"2020-04-21T12:50:58","modified_gmt":"2020-04-21T10:50:58","slug":"sankovani-v-bavorsku-zimni-dovolena-karavanem","status":"publish","type":"post","link":"https:\/\/all4camper.com\/cs\/sankovani-v-bavorsku-zimni-dovolena-karavanem\/","title":{"rendered":"Super s\u00e1\u0148ka\u0159sk\u00e9 dr\u00e1hy v N\u011bmecku a kde u nich nocovat s karavanem"},"content":{"rendered":"\n<h4 class=\"wp-block-heading\">Chyst\u00e1te se do n\u011bmeck\u00fdch Alp, ale nechce se v\u00e1m ani na ly\u017ee ani na b\u011b\u017eky? Pak by v\u00e1s mohla zaujmout mo\u017enost s\u00e1\u0148kov\u00e1n\u00ed, kter\u00e1 je bezpochyby z\u00e1bavou pro d\u011bti i dosp\u011bl\u00e9 a je to super zpest\u0159en\u00ed dovolen\u00e9 na hor\u00e1ch. No a kdy\u017e to v\u0161e je\u0161t\u011b spoj\u00edte nap\u0159\u00edklad s pobytem v term\u00e1ln\u00edch l\u00e1zn\u00edch, tak dokonalost zimn\u00ed dovolen\u00e9 karavanem nebude chyb\u011bt u\u017e v\u00e1\u017en\u011b nic. Poj\u010fme se tedy pod\u00edvat, kde v\u0161ude se d\u00e1 v Bavorsku s\u00e1\u0148kovat. <\/h4>\n\n\n\n<h3 class=\"wp-block-heading\">1. <strong>Velk\u00fd Javor<\/strong><\/h3>\n\n\n\n<p> Nejobl\u00edben\u011bj\u0161\u00edm zimn\u00edm st\u0159ediskem Bavorsk\u00e9ho lesa je\u00a0Velk\u00fd Javor, kde se d\u00e1 s\u00e1\u0148kovat na\u00a01,2 km dlouh\u00e9 s\u00e1\u0148ka\u0159sk\u00e9 dr\u00e1ze. Nahoru v\u00e1s vyveze lanovka a dol\u016f si ji\u017e u\u017e\u00edv\u00e1te j\u00edzdu na san\u00edch.  Pokud se budete cht\u00edt po celodenn\u00edm s\u00e1\u0148kov\u00e1n\u00ed a u\u017e\u00edv\u00e1n\u00ed si na sn\u011bhu oh\u0159\u00e1t, m\u016f\u017eete se p\u0159esunout do nedalek\u00e9 saunovac\u00ed vesnice\u00a0<a rel=\"noreferrer noopener\" href=\"http:\/\/bayerwaldsauna.zwiesel.de\/bayerwald-sauna\/saunalandschaft.html\" target=\"_blank\">BAYERWALD-SAUNA<\/a>\u00a0ve m\u011bst\u011b\u00a0Zwiesel,\u00a0o kter\u00e9 se \u0159\u00edk\u00e1, \u017ee je to nejkr\u00e1sn\u011bj\u0161\u00ed saunov\u00e1 vesnice v Bavorsk\u00e9m lese. Are\u00e1l: <a rel=\"noreferrer noopener\" href=\"https:\/\/www.arber.de\/cz\/lyzarsky-areal\/sankarske-drahy.html?T=0\" target=\"_blank\">ARBER<\/a>. St\u00e1n\u00ed pro karavan:\u00a0U Ski are\u00e1lu\u00a0<a rel=\"noreferrer noopener\" href=\"http:\/\/www.camperado.de\/wohnmobilstellplatz\/grosser-arber-bayerisch-eisenstein-10091\" target=\"_blank\">RV park v Bayerisch Eisenstein<\/a><\/p>\n\n\n\n<figure class=\"wp-block-image size-large\"><img loading=\"lazy\" decoding=\"async\" width=\"800\" height=\"473\" src=\"https:\/\/all4camper.com\/\/wp-content\/uploads\/2019\/12\/velky-javor.jpg\" alt=\"\" class=\"wp-image-83914\" srcset=\"https:\/\/all4camper.com\/wp-content\/uploads\/2019\/12\/velky-javor.jpg 800w, https:\/\/all4camper.com\/wp-content\/uploads\/2019\/12\/velky-javor-300x177.jpg 300w, https:\/\/all4camper.com\/wp-content\/uploads\/2019\/12\/velky-javor-150x89.jpg 150w, https:\/\/all4camper.com\/wp-content\/uploads\/2019\/12\/velky-javor-768x454.jpg 768w\" sizes=\"auto, (max-width: 800px) 100vw, 800px\" \/><\/figure>\n\n\n\n<h3 class=\"wp-block-heading\">2. <strong>Hohenbogen<\/strong><\/h3>\n\n\n\n<p>V tomto men\u0161\u00edm\u00a0<a rel=\"noreferrer noopener\" href=\"http:\/\/www.hohenbogen.de\/\" target=\"_blank\">Ski are\u00e1lu<\/a>\u00a0se nach\u00e1z\u00ed asi 700 m dlouh\u00e1 s\u00e1\u0148k\u00e1\u0159sk\u00e1 dr\u00e1ha, kter\u00e1 je\u00a0o<strong>tev\u0159ena i ve ve\u010dern\u00edch hodin\u00e1ch.<\/strong> Za\u010d\u00e1tek dr\u00e1hy je v mezistanici a\u00a0<strong>alternativou k t\u00e9to dr\u00e1ze m\u016f\u017ee b\u00fdt i lesn\u00ed cesta (Forstweg),\u00a0<\/strong>kter\u00e1 sice vede hloub\u011bji do lesa, ale nen\u00ed tak strm\u00e1 jako klasick\u00e1 s\u00e1\u0148ka\u0159sk\u00e1 dr\u00e1ha. Z bezpe\u010dnostn\u00edch d\u016fvod\u016f je\u00a0<strong>povolen sjezd pouze na klasick\u00fdch d\u0159ev\u011bn\u00fdch san\u00edch<\/strong>, kter\u00e9 si m\u016f\u017eete p\u0159\u00edpadn\u011b zap\u016fj\u010dit v \u00fadol\u00ed. <strong>St\u00e1n\u00ed pro karavan:<\/strong>\u00a0na zdej\u0161\u00edm velk\u00e9m parkovi\u0161ti (49\u00b014\u201939.6\u2033N 12\u00b057\u201919.6\u2033E) <\/p>\n\n\n\n<figure class=\"wp-block-image size-large\"><img loading=\"lazy\" decoding=\"async\" width=\"800\" height=\"363\" src=\"https:\/\/all4camper.com\/\/wp-content\/uploads\/2019\/12\/hohen-zima.jpg\" alt=\"\" class=\"wp-image-83915\" srcset=\"https:\/\/all4camper.com\/wp-content\/uploads\/2019\/12\/hohen-zima.jpg 800w, https:\/\/all4camper.com\/wp-content\/uploads\/2019\/12\/hohen-zima-300x136.jpg 300w, https:\/\/all4camper.com\/wp-content\/uploads\/2019\/12\/hohen-zima-150x68.jpg 150w, https:\/\/all4camper.com\/wp-content\/uploads\/2019\/12\/hohen-zima-768x348.jpg 768w\" sizes=\"auto, (max-width: 800px) 100vw, 800px\" \/><\/figure>\n\n\n\n<h3 class=\"wp-block-heading\">3. <strong>Bodenmais<\/strong><\/h3>\n\n\n\n<p>V Bodenmais naleznete dv\u011b s\u00e1\u0148ka\u0159sk\u00e9 dr\u00e1hy. Jednu prud\u0161\u00ed, druhou m\u00edrn\u011bj\u0161\u00ed.\u00a0<strong>V p\u0159\u00edpad\u011b modr\u00e9 (m\u00edrn\u011bj\u0161\u00ed)<\/strong>\u00a0o\u010dek\u00e1vejte \u0161\u00ed\u0159ku 3 metry a d\u00e9lku 3,1 km se sklonem 9%. Rozhodnete-li se pro prud\u0161\u00ed dr\u00e1hu, o\u010dek\u00e1vejte d\u00e9lku 2,9 km a opravdu prudk\u00fd sklon. <\/p>\n\n\n\n<p>Na za\u010d\u00e1tek drah se dostanete z ulice\u00a0<strong>Ri\u00dflochweg (<\/strong>Bodenmais)\u00a0odkud v\u00e1s autobus doveze do\u00a0<strong>Arberhochstra\u00dfe<\/strong>, kde je um\u00edst\u011bn start. <strong>St\u00e1n\u00ed pro karavan:\u00a0<\/strong>ofici\u00e1ln\u00ed st\u00e1n\u00ed pro karavan v tomto m\u011bste\u010dku nen\u00ed, av\u0161ak t\u00edm, \u017ee m\u011bste\u010dko je mal\u00e9, tak by nem\u011bl b\u00fdt probl\u00e9m zaparkovat kdekoliv na zdej\u0161\u00edm parkovi\u0161ti. Jen si d\u00e1vejte pozor na z\u00e1kazov\u00e9 zna\u010dky.<\/p>\n\n\n\n<h3 class=\"wp-block-heading\">4. <strong>Gei\u00dfkopf<\/strong><\/h3>\n\n\n\n<p>Tuto dr\u00e1hu najdete ve stejnojmenn\u00e9m st\u0159edisku a t\u011b\u0161it se m\u016f\u017eete na 2 km par\u00e1dn\u00ed j\u00edzdy. Dle informac\u00ed budete muset n\u011bkolikr\u00e1t m\u011bnit i sm\u011br j\u00edzdy, a o dal\u0161\u00ed z\u00e1bavu pro va\u0161e d\u011bti tak nebudete m\u00edt nouzi. Dal\u0161\u00ed informace o tomto are\u00e1lu si m\u016f\u017eete p\u0159e\u010d\u00edst na tomto odkazu\u00a0<strong><a rel=\"noreferrer noopener\" aria-label=\" (opens in a new tab)\" href=\"http:\/\/www.geisskopf.de\/winter\/skigebiet.html\" target=\"_blank\">Gei\u00dfkopf<\/a>. St\u00e1n\u00ed pro karavan:<\/strong>\u00a0karavan m\u016f\u017eete zaparkovat na parkovi\u0161ti u st\u0159ediska. <\/p>\n\n\n\n<h3 class=\"wp-block-heading\">5. <strong>Hirscheckblitz \u2013\u00a0Hochschwarzeck<\/strong><\/h3>\n\n\n\n<p>Hirscheckblitz je\u00a0<strong>p\u0159\u00edrodn\u00ed s\u00e1\u0148ka\u0159skou dr\u00e1hou o d\u00e9lce 3,2 km<\/strong>. Jej\u00ed start najdete na horn\u00ed stanici lanov\u00e9 dr\u00e1hy Hirscheck ve v\u00fd\u0161ce 1390 m a kon\u010d\u00ed v bezprost\u0159edn\u00ed bl\u00edzkosti doln\u00ed stanice. P\u0159ev\u00fd\u0161en\u00ed je necel\u00fdch 400 m a naleznete ji\u00a0<strong>v zimn\u00edm st\u0159edisku\u00a0<a rel=\"noreferrer noopener\" href=\"http:\/\/www.hochschwarzeck.info\/de\/winter\/\" target=\"_blank\">Hochschwarzeck<\/a>.\u00a0<\/strong>O kousek d\u00e1l naleznete i dal\u0161\u00ed s\u00e1\u0148ka\u0159skou dr\u00e1hu\u00a0<strong>UnternbergRodler<\/strong>\u00a0jej\u00ed\u017e d\u00e9lka \u010din\u00ed \u00factyhodn\u00fdch 5 km s v\u00fd\u0161kov\u00fdm rozd\u00edlem 580 m. Tak to u\u017e za n\u00e1v\u0161t\u011bvu rozhodn\u011b stoj\u00ed, nebo ne? <\/p>\n\n\n\n<p>Pokud se chcete rozmazlovat a dop\u0159\u00e1t si nejen kr\u00e1sn\u00e9 kempov\u00e1n\u00ed, ale i pohodu a relaxaci, tak necel\u00fdch 17 km od tohoto st\u0159ediska najdete\u00a0<strong><a rel=\"noreferrer noopener\" href=\"https:\/\/www.allweglehen.de\/de\/\" target=\"_blank\">Camping Resort Allweglehen<\/a>,\u00a0<\/strong>kde je nov\u011b vybudovan\u00fd wellnes a krom\u011b saun v n\u011bm naleznete tak\u00e9 vyh\u0159\u00edvan\u00fd celoro\u010dn\u011b p\u0159\u00edstupn\u00fd baz\u00e9n s panoramatick\u00fdm v\u00fdhledem.\u00a0<strong>St\u00e1t m\u016f\u017eete jak v kempu, tak na zdej\u0161\u00edm Stellplatzu (100 m od kempu)<\/strong>. <\/p>\n\n\n\n<figure class=\"wp-block-image size-large\"><img loading=\"lazy\" decoding=\"async\" width=\"800\" height=\"245\" src=\"https:\/\/all4camper.com\/\/wp-content\/uploads\/2019\/12\/unter-800x245-1.jpg\" alt=\"\" class=\"wp-image-83916\" srcset=\"https:\/\/all4camper.com\/wp-content\/uploads\/2019\/12\/unter-800x245-1.jpg 800w, https:\/\/all4camper.com\/wp-content\/uploads\/2019\/12\/unter-800x245-1-300x92.jpg 300w, https:\/\/all4camper.com\/wp-content\/uploads\/2019\/12\/unter-800x245-1-150x46.jpg 150w, https:\/\/all4camper.com\/wp-content\/uploads\/2019\/12\/unter-800x245-1-768x235.jpg 768w\" sizes=\"auto, (max-width: 800px) 100vw, 800px\" \/><\/figure>\n\n\n\n<h3 class=\"wp-block-heading\"><strong>Oberaudorf-Hocheck<\/strong><\/h3>\n\n\n\n<p>Ly\u017ea\u0159sk\u00fd are\u00e1l Hocheck je nejen are\u00e1lem kde najdete nejdel\u0161\u00ed osv\u011btlen\u00e9 sjezdovky v N\u011bmecku, ale tak\u00e9 are\u00e1lem, kde se\u00a0<strong>m\u016f\u017eete proh\u00e1n\u011bt na san\u00edch od r\u00e1na do ve\u010dera, nebo\u0165 tato dr\u00e1ha je ve ve\u010dern\u00edch hodin\u00e1ch osv\u011btlena. V provozu je a\u017e do 23.00 hod.<\/strong> <strong>D\u00e9lka trasy m\u011b\u0159\u00ed 3 km a \u010dek\u00e1 V\u00e1s na n\u00ed 35 zat\u00e1\u010dek.\u00a0<\/strong>Na jej\u00ed za\u010d\u00e1tek se dostanete jak p\u011b\u0161ky, tak lanovkou. V tomto are\u00e1lu m\u016f\u017eete je\u0161t\u011b vyu\u017e\u00edt i venkovn\u00ed zimn\u00ed kluzi\u0161t\u011b.\u00a0Vzhledem k tomu, \u017ee u tohoto are\u00e1lu je i velk\u00e9 parkovi\u0161t\u011b, nem\u011bl by b\u00fdt probl\u00e9m zde s karavanem z\u016fstat p\u0159es noc st\u00e1t. <\/p>\n\n\n\n<p><strong>St\u00e1n\u00ed pro karavany:\u00a0<\/strong>asi bude mo\u017en\u00e9 vyu\u017e\u00edt st\u00e1n\u00ed na zdej\u0161\u00edm parkovi\u0161ti. Bezpe\u010dn\u011b a pohodln\u011b nocovat s karavanem m\u016f\u017eete v\u0161ak na nedalek\u00e9 farm\u011b, kde je i opravdu n\u00e1dhern\u00fd Stellplatz\u00a0(<a rel=\"noreferrer noopener\" href=\"https:\/\/www.urlaub-bauernhof-oberaudorf.de\/\" target=\"_blank\">Pechlerhof am Auerbach<\/a>). <\/p>\n\n\n\n<p>Pokud se po cel\u00e9m dni rozhodnete pro zaslou\u017een\u00fd relax, pak doporu\u010duji nav\u0161t\u00edvit cca 14 km vzd\u00e1len\u00fd\u00a0<a rel=\"noreferrer noopener\" href=\"https:\/\/www.hallodu.at\/saunawelt\/\" target=\"_blank\">Erlebnis- und Freizeitpark Ebbs<\/a> s n\u00e1dhern\u00fdm saunov\u00fdm sv\u011btem\u00a0a v letn\u00edch m\u011bs\u00edc\u00edch dokonce velk\u00fdm plavac\u00edm are\u00e1lem. <\/p>\n\n\n\n<figure class=\"wp-block-image size-large\"><img loading=\"lazy\" decoding=\"async\" width=\"800\" height=\"303\" src=\"https:\/\/all4camper.com\/\/wp-content\/uploads\/2019\/12\/erlebnis-800x303-1.jpg\" alt=\"\" class=\"wp-image-83917\" srcset=\"https:\/\/all4camper.com\/wp-content\/uploads\/2019\/12\/erlebnis-800x303-1.jpg 800w, https:\/\/all4camper.com\/wp-content\/uploads\/2019\/12\/erlebnis-800x303-1-300x114.jpg 300w, https:\/\/all4camper.com\/wp-content\/uploads\/2019\/12\/erlebnis-800x303-1-150x57.jpg 150w, https:\/\/all4camper.com\/wp-content\/uploads\/2019\/12\/erlebnis-800x303-1-768x291.jpg 768w\" sizes=\"auto, (max-width: 800px) 100vw, 800px\" \/><\/figure>\n\n\n\n<h3 class=\"wp-block-heading\"><strong>Rottach Egern \u2013 Wallberg<\/strong><\/h3>\n\n\n\n<p>Tato s\u00e1\u0148ka\u0159sk\u00e1 dr\u00e1ha je\u00a0<strong>nejdel\u0161\u00ed v cel\u00e9m N\u011bmecku a m\u011b\u0159\u00ed 6 km<\/strong>. Nen\u00ed v\u0161ak vhodn\u00e1 pro za\u010d\u00e1te\u010dn\u00edky. Na jej\u00ed za\u010d\u00e1tek se dostanete p\u011b\u0161ky po 1,5 km dlouh\u00e9 upravovan\u00e9 trase nebo lanovkou\u00a0<a rel=\"noreferrer noopener\" href=\"http:\/\/www.wallbergbahn.de\/winter\/\" target=\"_blank\">Wallbergbahn<\/a>. <strong>St\u00e1n\u00ed pro karavany:\u00a0<\/strong>St\u00e1t m\u016f\u017eete p\u0159\u00edmo pod lanovkou<\/p>\n\n\n\n<p>Z\u00e1v\u011brem: Mo\u017enost\u00ed s\u00e1\u0148kov\u00e1n\u00ed je v t\u00e9to oblasti samoz\u0159ejm\u011b v\u00edce a je tedy jen na v\u00e1s, kterou z nich si vyberete. Ale a\u0165 si ji\u017e vyberete dr\u00e1nu z m\u00e9ho seznamu, nebo jinou,\u00a0p\u0159eji v\u00e1m, abyste si dovolenou v pohybu po\u0159\u00e1dn\u011b u\u017eili a domu se vr\u00e1tili pln\u00ed z\u00e1\u017eitk\u016f.\u00a0V\u017edy\u0165 dovolen\u00e1\u00a0karavanem\u00a0je ta nejv\u011bt\u0161\u00ed svoboda rodinn\u00e9ho cestov\u00e1n\u00ed, jakou m\u016f\u017eete poznat. <\/p>\n","protected":false},"excerpt":{"rendered":"<p>Chyst\u00e1te se do n\u011bmeck\u00fdch Alp, ale nechce se v\u00e1m ani na ly\u017ee ani na b\u011b\u017eky? Pak by v\u00e1s mohla zaujmout mo\u017enost s\u00e1\u0148kov\u00e1n\u00ed, kter\u00e1 je bezpochyby z\u00e1bavou pro d\u011bti i dosp\u011bl\u00e9 a je to super zpest\u0159en\u00ed dovolen\u00e9 na hor\u00e1ch. No a kdy\u017e to v\u0161e je\u0161t\u011b spoj\u00edte nap\u0159\u00edklad s pobytem v term\u00e1ln\u00edch l\u00e1zn\u00edch, tak dokonalost zimn\u00ed dovolen\u00e9 [&hellip;]<\/p>\n","protected":false},"author":4,"featured_media":83918,"comment_status":"closed","ping_status":"open","sticky":false,"template":"","format":"standard","meta":{"_monsterinsights_skip_tracking":false,"_monsterinsights_sitenote_active":false,"_monsterinsights_sitenote_note":"","_monsterinsights_sitenote_category":0,"footnotes":""},"categories":[2377,341],"tags":[106,97,321],"class_list":{"0":"post-12837","1":"post","2":"type-post","3":"status-publish","4":"format-standard","5":"has-post-thumbnail","7":"category-kempovani-a-cestovani-v-nemecku","8":"category-zimni-kempovani","9":"tag-dovolena-s-detmi-1","10":"tag-nemecko","11":"tag-winter-camping"},"yoast_head":"<!-- This site is optimized with the Yoast SEO plugin v27.5 - https:\/\/yoast.com\/product\/yoast-seo-wordpress\/ -->\n<title>Super s\u00e1\u0148ka\u0159sk\u00e9 dr\u00e1hy v N\u011bmecku a kde u nich nocovat s karavanem - All4Camper<\/title>\n<meta name=\"description\" content=\"All4Camper - Super s\u00e1\u0148ka\u0159sk\u00e9 dr\u00e1hy v N\u011bmecku a kde u nich nocovat s karavanem\" \/>\n<meta name=\"robots\" content=\"index, follow, max-snippet:-1, max-image-preview:large, max-video-preview:-1\" \/>\n<link rel=\"canonical\" href=\"https:\/\/all4camper.com\/cs\/sankovani-v-bavorsku-zimni-dovolena-karavanem\/\" \/>\n<meta property=\"og:locale\" content=\"cs_CZ\" \/>\n<meta property=\"og:type\" content=\"article\" \/>\n<meta property=\"og:title\" content=\"Super s\u00e1\u0148ka\u0159sk\u00e9 dr\u00e1hy v N\u011bmecku a kde u nich nocovat s karavanem - All4Camper\" \/>\n<meta property=\"og:description\" content=\"All4Camper - Super s\u00e1\u0148ka\u0159sk\u00e9 dr\u00e1hy v N\u011bmecku a kde u nich nocovat s karavanem\" \/>\n<meta property=\"og:url\" content=\"https:\/\/all4camper.com\/cs\/sankovani-v-bavorsku-zimni-dovolena-karavanem\/\" \/>\n<meta property=\"og:site_name\" content=\"All4Camper\" \/>\n<meta property=\"article:published_time\" content=\"2018-02-12T23:00:31+00:00\" \/>\n<meta property=\"article:modified_time\" content=\"2020-04-21T10:50:58+00:00\" \/>\n<meta property=\"og:image\" content=\"https:\/\/all4camper.com\/\/wp-content\/uploads\/2018\/02\/Rodeln_schareben_FB.png\" \/>\n<meta name=\"author\" content=\"Kl\u00e1ra H\u00e1jkov\u00e1\" \/>\n<meta name=\"twitter:card\" content=\"summary_large_image\" \/>\n<meta name=\"twitter:label1\" content=\"Napsal(a)\" \/>\n\t<meta name=\"twitter:data1\" content=\"Kl\u00e1ra H\u00e1jkov\u00e1\" \/>\n\t<meta name=\"twitter:label2\" content=\"Odhadovan\u00e1 doba \u010dten\u00ed\" \/>\n\t<meta name=\"twitter:data2\" content=\"5 minut\" \/>\n<script type=\"application\/ld+json\" class=\"yoast-schema-graph\">{\"@context\":\"https:\\\/\\\/schema.org\",\"@graph\":[{\"@type\":\"Article\",\"@id\":\"https:\\\/\\\/all4camper.com\\\/cs\\\/sankovani-v-bavorsku-zimni-dovolena-karavanem\\\/#article\",\"isPartOf\":{\"@id\":\"https:\\\/\\\/all4camper.com\\\/cs\\\/sankovani-v-bavorsku-zimni-dovolena-karavanem\\\/\"},\"author\":{\"name\":\"Kl\u00e1ra H\u00e1jkov\u00e1\",\"@id\":\"https:\\\/\\\/all4camper.com\\\/cs\\\/#\\\/schema\\\/person\\\/c6f1efdf1d02bc7d8c53a891cbe18c62\"},\"headline\":\"Super s\u00e1\u0148ka\u0159sk\u00e9 dr\u00e1hy v N\u011bmecku a kde u nich nocovat s karavanem\",\"datePublished\":\"2018-02-12T23:00:31+00:00\",\"dateModified\":\"2020-04-21T10:50:58+00:00\",\"mainEntityOfPage\":{\"@id\":\"https:\\\/\\\/all4camper.com\\\/cs\\\/sankovani-v-bavorsku-zimni-dovolena-karavanem\\\/\"},\"wordCount\":1069,\"publisher\":{\"@id\":\"https:\\\/\\\/all4camper.com\\\/cs\\\/#organization\"},\"image\":{\"@id\":\"https:\\\/\\\/all4camper.com\\\/cs\\\/sankovani-v-bavorsku-zimni-dovolena-karavanem\\\/#primaryimage\"},\"thumbnailUrl\":\"https:\\\/\\\/all4camper.com\\\/wp-content\\\/uploads\\\/2018\\\/02\\\/Rodeln_schareben_clanek.png\",\"keywords\":[\"Dovolen\u00e1 s d\u011btmi\",\"N\u011bmecko\",\"Zimn\u00ed kempov\u00e1n\u00ed\"],\"articleSection\":[\"Kempov\u00e1n\u00ed a cestov\u00e1n\u00ed v N\u011bmecku\",\"Zimn\u00ed kempov\u00e1n\u00ed\"],\"inLanguage\":\"cs\"},{\"@type\":\"WebPage\",\"@id\":\"https:\\\/\\\/all4camper.com\\\/cs\\\/sankovani-v-bavorsku-zimni-dovolena-karavanem\\\/\",\"url\":\"https:\\\/\\\/all4camper.com\\\/cs\\\/sankovani-v-bavorsku-zimni-dovolena-karavanem\\\/\",\"name\":\"Super s\u00e1\u0148ka\u0159sk\u00e9 dr\u00e1hy v N\u011bmecku a kde u nich nocovat s karavanem - All4Camper\",\"isPartOf\":{\"@id\":\"https:\\\/\\\/all4camper.com\\\/cs\\\/#website\"},\"primaryImageOfPage\":{\"@id\":\"https:\\\/\\\/all4camper.com\\\/cs\\\/sankovani-v-bavorsku-zimni-dovolena-karavanem\\\/#primaryimage\"},\"image\":{\"@id\":\"https:\\\/\\\/all4camper.com\\\/cs\\\/sankovani-v-bavorsku-zimni-dovolena-karavanem\\\/#primaryimage\"},\"thumbnailUrl\":\"https:\\\/\\\/all4camper.com\\\/wp-content\\\/uploads\\\/2018\\\/02\\\/Rodeln_schareben_clanek.png\",\"datePublished\":\"2018-02-12T23:00:31+00:00\",\"dateModified\":\"2020-04-21T10:50:58+00:00\",\"description\":\"All4Camper - Super s\u00e1\u0148ka\u0159sk\u00e9 dr\u00e1hy v N\u011bmecku a kde u nich nocovat s karavanem\",\"breadcrumb\":{\"@id\":\"https:\\\/\\\/all4camper.com\\\/cs\\\/sankovani-v-bavorsku-zimni-dovolena-karavanem\\\/#breadcrumb\"},\"inLanguage\":\"cs\",\"potentialAction\":[{\"@type\":\"ReadAction\",\"target\":[\"https:\\\/\\\/all4camper.com\\\/cs\\\/sankovani-v-bavorsku-zimni-dovolena-karavanem\\\/\"]}]},{\"@type\":\"ImageObject\",\"inLanguage\":\"cs\",\"@id\":\"https:\\\/\\\/all4camper.com\\\/cs\\\/sankovani-v-bavorsku-zimni-dovolena-karavanem\\\/#primaryimage\",\"url\":\"https:\\\/\\\/all4camper.com\\\/wp-content\\\/uploads\\\/2018\\\/02\\\/Rodeln_schareben_clanek.png\",\"contentUrl\":\"https:\\\/\\\/all4camper.com\\\/wp-content\\\/uploads\\\/2018\\\/02\\\/Rodeln_schareben_clanek.png\",\"width\":1200,\"height\":700},{\"@type\":\"BreadcrumbList\",\"@id\":\"https:\\\/\\\/all4camper.com\\\/cs\\\/sankovani-v-bavorsku-zimni-dovolena-karavanem\\\/#breadcrumb\",\"itemListElement\":[{\"@type\":\"ListItem\",\"position\":1,\"name\":\"Dom\u016f\",\"item\":\"https:\\\/\\\/all4camper.com\\\/cs\\\/\"},{\"@type\":\"ListItem\",\"position\":2,\"name\":\"Kempov\u00e1n\u00ed a cestov\u00e1n\u00ed v N\u011bmecku\",\"item\":\"https:\\\/\\\/all4camper.com\\\/cs\\\/category\\\/kempovani-a-cestovani-v-nemecku\\\/\"},{\"@type\":\"ListItem\",\"position\":3,\"name\":\"Super s\u00e1\u0148ka\u0159sk\u00e9 dr\u00e1hy v N\u011bmecku a kde u nich nocovat s karavanem\"}]},{\"@type\":\"WebSite\",\"@id\":\"https:\\\/\\\/all4camper.com\\\/cs\\\/#website\",\"url\":\"https:\\\/\\\/all4camper.com\\\/cs\\\/\",\"name\":\"All4Camper\",\"description\":\"Nejv\u011bt\u0161\u00ed online magaz\u00edn o kempov\u00e1n\u00ed a karavaninku. V\u00edce jak 900 \u010dl\u00e1nk\u016f pln\u00fdch rad a tip\u016f o kempech a kempov\u00e1n\u00ed.\",\"publisher\":{\"@id\":\"https:\\\/\\\/all4camper.com\\\/cs\\\/#organization\"},\"potentialAction\":[{\"@type\":\"SearchAction\",\"target\":{\"@type\":\"EntryPoint\",\"urlTemplate\":\"https:\\\/\\\/all4camper.com\\\/cs\\\/?s={search_term_string}\"},\"query-input\":{\"@type\":\"PropertyValueSpecification\",\"valueRequired\":true,\"valueName\":\"search_term_string\"}}],\"inLanguage\":\"cs\"},{\"@type\":\"Organization\",\"@id\":\"https:\\\/\\\/all4camper.com\\\/cs\\\/#organization\",\"name\":\"All4Camper - kempujeme s Kl\u00e1rou\",\"url\":\"https:\\\/\\\/all4camper.com\\\/cs\\\/\",\"logo\":{\"@type\":\"ImageObject\",\"inLanguage\":\"cs\",\"@id\":\"https:\\\/\\\/all4camper.com\\\/cs\\\/#\\\/schema\\\/logo\\\/image\\\/\",\"url\":\"https:\\\/\\\/all4camper.com\\\/wp-content\\\/uploads\\\/2018\\\/09\\\/novelogo.png\",\"contentUrl\":\"https:\\\/\\\/all4camper.com\\\/wp-content\\\/uploads\\\/2018\\\/09\\\/novelogo.png\",\"width\":1520,\"height\":600,\"caption\":\"All4Camper - kempujeme s Kl\u00e1rou\"},\"image\":{\"@id\":\"https:\\\/\\\/all4camper.com\\\/cs\\\/#\\\/schema\\\/logo\\\/image\\\/\"}},{\"@type\":\"Person\",\"@id\":\"https:\\\/\\\/all4camper.com\\\/cs\\\/#\\\/schema\\\/person\\\/c6f1efdf1d02bc7d8c53a891cbe18c62\",\"name\":\"Kl\u00e1ra H\u00e1jkov\u00e1\",\"sameAs\":[\"http:\\\/\\\/www.all4camper.com\"],\"url\":\"https:\\\/\\\/all4camper.com\\\/cs\\\/author\\\/klarinkacestuje1\\\/\"}]}<\/script>\n<!-- \/ Yoast SEO plugin. -->","yoast_head_json":{"title":"Super s\u00e1\u0148ka\u0159sk\u00e9 dr\u00e1hy v N\u011bmecku a kde u nich nocovat s karavanem - All4Camper","description":"All4Camper - Super s\u00e1\u0148ka\u0159sk\u00e9 dr\u00e1hy v N\u011bmecku a kde u nich nocovat s karavanem","robots":{"index":"index","follow":"follow","max-snippet":"max-snippet:-1","max-image-preview":"max-image-preview:large","max-video-preview":"max-video-preview:-1"},"canonical":"https:\/\/all4camper.com\/cs\/sankovani-v-bavorsku-zimni-dovolena-karavanem\/","og_locale":"cs_CZ","og_type":"article","og_title":"Super s\u00e1\u0148ka\u0159sk\u00e9 dr\u00e1hy v N\u011bmecku a kde u nich nocovat s karavanem - All4Camper","og_description":"All4Camper - Super s\u00e1\u0148ka\u0159sk\u00e9 dr\u00e1hy v N\u011bmecku a kde u nich nocovat s karavanem","og_url":"https:\/\/all4camper.com\/cs\/sankovani-v-bavorsku-zimni-dovolena-karavanem\/","og_site_name":"All4Camper","article_published_time":"2018-02-12T23:00:31+00:00","article_modified_time":"2020-04-21T10:50:58+00:00","og_image":[{"url":"https:\/\/all4camper.com\/\/wp-content\/uploads\/2018\/02\/Rodeln_schareben_FB.png","type":"","width":"","height":""}],"author":"Kl\u00e1ra H\u00e1jkov\u00e1","twitter_card":"summary_large_image","twitter_misc":{"Napsal(a)":"Kl\u00e1ra H\u00e1jkov\u00e1","Odhadovan\u00e1 doba \u010dten\u00ed":"5 minut"},"schema":{"@context":"https:\/\/schema.org","@graph":[{"@type":"Article","@id":"https:\/\/all4camper.com\/cs\/sankovani-v-bavorsku-zimni-dovolena-karavanem\/#article","isPartOf":{"@id":"https:\/\/all4camper.com\/cs\/sankovani-v-bavorsku-zimni-dovolena-karavanem\/"},"author":{"name":"Kl\u00e1ra H\u00e1jkov\u00e1","@id":"https:\/\/all4camper.com\/cs\/#\/schema\/person\/c6f1efdf1d02bc7d8c53a891cbe18c62"},"headline":"Super s\u00e1\u0148ka\u0159sk\u00e9 dr\u00e1hy v N\u011bmecku a kde u nich nocovat s karavanem","datePublished":"2018-02-12T23:00:31+00:00","dateModified":"2020-04-21T10:50:58+00:00","mainEntityOfPage":{"@id":"https:\/\/all4camper.com\/cs\/sankovani-v-bavorsku-zimni-dovolena-karavanem\/"},"wordCount":1069,"publisher":{"@id":"https:\/\/all4camper.com\/cs\/#organization"},"image":{"@id":"https:\/\/all4camper.com\/cs\/sankovani-v-bavorsku-zimni-dovolena-karavanem\/#primaryimage"},"thumbnailUrl":"https:\/\/all4camper.com\/wp-content\/uploads\/2018\/02\/Rodeln_schareben_clanek.png","keywords":["Dovolen\u00e1 s d\u011btmi","N\u011bmecko","Zimn\u00ed kempov\u00e1n\u00ed"],"articleSection":["Kempov\u00e1n\u00ed a cestov\u00e1n\u00ed v N\u011bmecku","Zimn\u00ed kempov\u00e1n\u00ed"],"inLanguage":"cs"},{"@type":"WebPage","@id":"https:\/\/all4camper.com\/cs\/sankovani-v-bavorsku-zimni-dovolena-karavanem\/","url":"https:\/\/all4camper.com\/cs\/sankovani-v-bavorsku-zimni-dovolena-karavanem\/","name":"Super s\u00e1\u0148ka\u0159sk\u00e9 dr\u00e1hy v N\u011bmecku a kde u nich nocovat s karavanem - All4Camper","isPartOf":{"@id":"https:\/\/all4camper.com\/cs\/#website"},"primaryImageOfPage":{"@id":"https:\/\/all4camper.com\/cs\/sankovani-v-bavorsku-zimni-dovolena-karavanem\/#primaryimage"},"image":{"@id":"https:\/\/all4camper.com\/cs\/sankovani-v-bavorsku-zimni-dovolena-karavanem\/#primaryimage"},"thumbnailUrl":"https:\/\/all4camper.com\/wp-content\/uploads\/2018\/02\/Rodeln_schareben_clanek.png","datePublished":"2018-02-12T23:00:31+00:00","dateModified":"2020-04-21T10:50:58+00:00","description":"All4Camper - Super s\u00e1\u0148ka\u0159sk\u00e9 dr\u00e1hy v N\u011bmecku a kde u nich nocovat s karavanem","breadcrumb":{"@id":"https:\/\/all4camper.com\/cs\/sankovani-v-bavorsku-zimni-dovolena-karavanem\/#breadcrumb"},"inLanguage":"cs","potentialAction":[{"@type":"ReadAction","target":["https:\/\/all4camper.com\/cs\/sankovani-v-bavorsku-zimni-dovolena-karavanem\/"]}]},{"@type":"ImageObject","inLanguage":"cs","@id":"https:\/\/all4camper.com\/cs\/sankovani-v-bavorsku-zimni-dovolena-karavanem\/#primaryimage","url":"https:\/\/all4camper.com\/wp-content\/uploads\/2018\/02\/Rodeln_schareben_clanek.png","contentUrl":"https:\/\/all4camper.com\/wp-content\/uploads\/2018\/02\/Rodeln_schareben_clanek.png","width":1200,"height":700},{"@type":"BreadcrumbList","@id":"https:\/\/all4camper.com\/cs\/sankovani-v-bavorsku-zimni-dovolena-karavanem\/#breadcrumb","itemListElement":[{"@type":"ListItem","position":1,"name":"Dom\u016f","item":"https:\/\/all4camper.com\/cs\/"},{"@type":"ListItem","position":2,"name":"Kempov\u00e1n\u00ed a cestov\u00e1n\u00ed v N\u011bmecku","item":"https:\/\/all4camper.com\/cs\/category\/kempovani-a-cestovani-v-nemecku\/"},{"@type":"ListItem","position":3,"name":"Super s\u00e1\u0148ka\u0159sk\u00e9 dr\u00e1hy v N\u011bmecku a kde u nich nocovat s karavanem"}]},{"@type":"WebSite","@id":"https:\/\/all4camper.com\/cs\/#website","url":"https:\/\/all4camper.com\/cs\/","name":"All4Camper","description":"Nejv\u011bt\u0161\u00ed online magaz\u00edn o kempov\u00e1n\u00ed a karavaninku. V\u00edce jak 900 \u010dl\u00e1nk\u016f pln\u00fdch rad a tip\u016f o kempech a kempov\u00e1n\u00ed.","publisher":{"@id":"https:\/\/all4camper.com\/cs\/#organization"},"potentialAction":[{"@type":"SearchAction","target":{"@type":"EntryPoint","urlTemplate":"https:\/\/all4camper.com\/cs\/?s={search_term_string}"},"query-input":{"@type":"PropertyValueSpecification","valueRequired":true,"valueName":"search_term_string"}}],"inLanguage":"cs"},{"@type":"Organization","@id":"https:\/\/all4camper.com\/cs\/#organization","name":"All4Camper - kempujeme s Kl\u00e1rou","url":"https:\/\/all4camper.com\/cs\/","logo":{"@type":"ImageObject","inLanguage":"cs","@id":"https:\/\/all4camper.com\/cs\/#\/schema\/logo\/image\/","url":"https:\/\/all4camper.com\/wp-content\/uploads\/2018\/09\/novelogo.png","contentUrl":"https:\/\/all4camper.com\/wp-content\/uploads\/2018\/09\/novelogo.png","width":1520,"height":600,"caption":"All4Camper - kempujeme s Kl\u00e1rou"},"image":{"@id":"https:\/\/all4camper.com\/cs\/#\/schema\/logo\/image\/"}},{"@type":"Person","@id":"https:\/\/all4camper.com\/cs\/#\/schema\/person\/c6f1efdf1d02bc7d8c53a891cbe18c62","name":"Kl\u00e1ra H\u00e1jkov\u00e1","sameAs":["http:\/\/www.all4camper.com"],"url":"https:\/\/all4camper.com\/cs\/author\/klarinkacestuje1\/"}]}},"_links":{"self":[{"href":"https:\/\/all4camper.com\/cs\/wp-json\/wp\/v2\/posts\/12837","targetHints":{"allow":["GET"]}}],"collection":[{"href":"https:\/\/all4camper.com\/cs\/wp-json\/wp\/v2\/posts"}],"about":[{"href":"https:\/\/all4camper.com\/cs\/wp-json\/wp\/v2\/types\/post"}],"author":[{"embeddable":true,"href":"https:\/\/all4camper.com\/cs\/wp-json\/wp\/v2\/users\/4"}],"replies":[{"embeddable":true,"href":"https:\/\/all4camper.com\/cs\/wp-json\/wp\/v2\/comments?post=12837"}],"version-history":[{"count":0,"href":"https:\/\/all4camper.com\/cs\/wp-json\/wp\/v2\/posts\/12837\/revisions"}],"wp:featuredmedia":[{"embeddable":true,"href":"https:\/\/all4camper.com\/cs\/wp-json\/wp\/v2\/media\/83918"}],"wp:attachment":[{"href":"https:\/\/all4camper.com\/cs\/wp-json\/wp\/v2\/media?parent=12837"}],"wp:term":[{"taxonomy":"category","embeddable":true,"href":"https:\/\/all4camper.com\/cs\/wp-json\/wp\/v2\/categories?post=12837"},{"taxonomy":"post_tag","embeddable":true,"href":"https:\/\/all4camper.com\/cs\/wp-json\/wp\/v2\/tags?post=12837"}],"curies":[{"name":"wp","href":"https:\/\/api.w.org\/{rel}","templated":true}]}}