{"id":12627,"date":"2018-02-12T17:37:42","date_gmt":"2018-02-12T16:37:42","guid":{"rendered":"http:\/\/all4camper.com\/cz\/?p=12627"},"modified":"2021-04-20T17:42:46","modified_gmt":"2021-04-20T15:42:46","slug":"10-mest-ktera-byste-meli-ve-spanelsku-navstivit","status":"publish","type":"post","link":"https:\/\/all4camper.com\/cs\/10-mest-ktera-byste-meli-ve-spanelsku-navstivit\/","title":{"rendered":"10 m\u011bst, kter\u00e1 byste m\u011bli ve \u0160pan\u011blsku nav\u0161t\u00edvit"},"content":{"rendered":"<p class=\"text-justify\">M\u00e1me tu podzim a jak mnoho karavanist\u016f v\u00ed, pr\u00e1v\u011b podzimn\u00ed a zimn\u00ed m\u011bs\u00edce jsou ide\u00e1ln\u00ed pro n\u00e1v\u0161t\u011bvu \u0160pan\u011blska. V tomto obdob\u00ed toti\u017e \u0160pan\u011blsko l\u00e1k\u00e1 na p\u0159\u00edv\u011btiv\u00e9 po\u010das\u00ed a pojedete-li na jih, \u010dek\u00e1 V\u00e1s p\u0159\u00edjemn\u00fdch 20\u00b0C<!--more--><\/p>\n<p>Pokud se tedy v mimos\u00e9z\u00f3n\u011b vyd\u00e1te do t\u00e9to zem\u011b, kde nespornou v\u00fdhodou bude m\u00e9n\u011b turist\u016f a p\u0159\u00edjemn\u011bj\u0161\u00ed po\u010das\u00ed pro pozn\u00e1v\u00e1n\u00ed zaj\u00edmav\u00fdch pam\u00e1tek a m\u011bst, rozhodn\u011b byste nem\u011bli minout n\u00ed\u017ee uveden\u00e1 m\u011bsta.<\/p>\n<p><strong>Kam tedy zav\u00edtat?<\/strong><\/p>\n<p style=\"text-align: center;\"><strong>1.&nbsp;<a href=\"https:\/\/cs.wikipedia.org\/wiki\/Madrid\">Madrid<\/a><\/strong><\/p>\n<p><img loading=\"lazy\" decoding=\"async\" class=\"aligncenter wp-image-12632 size-full\" src=\"https:\/\/storage.googleapis.com\/all4c-web\/1\/2018\/02\/madrid.jpg\" alt=\"\" width=\"640\" height=\"434\" srcset=\"https:\/\/all4camper.com\/wp-content\/uploads\/2018\/02\/madrid.jpg 640w, https:\/\/all4camper.com\/wp-content\/uploads\/2018\/02\/madrid-300x203.jpg 300w, https:\/\/all4camper.com\/wp-content\/uploads\/2018\/02\/madrid-150x102.jpg 150w, https:\/\/all4camper.com\/wp-content\/uploads\/2018\/02\/madrid-200x136.jpg 200w, https:\/\/all4camper.com\/wp-content\/uploads\/2018\/02\/madrid-400x271.jpg 400w, https:\/\/all4camper.com\/wp-content\/uploads\/2018\/02\/madrid-600x407.jpg 600w\" sizes=\"auto, (max-width: 640px) 100vw, 640px\" \/><\/p>\n<p>Jedn\u00e1 se o \u0160pan\u011blsk\u00e9 hlavn\u00ed m\u011bsto, zn\u00e1m\u00e9 svou kr\u00e1snou architekturou, dokonale upraven\u00fdmi zahradami a parky a tak\u00e9 um\u011bn\u00edm.<\/p>\n<p>Za n\u00e1v\u0161t\u011bvu stoj\u00ed historick\u00e9 centrum a velice popul\u00e1rn\u00ed, d\u00edky bohat\u00fdm vodn\u00edm font\u00e1n\u00e1m a rozlehl\u00e9 zeleni, je zde&nbsp;<strong>Park Buen Retiro<\/strong>. Pokud V\u00e1s zaj\u00edm\u00e1, co v\u0161e hezk\u00e9ho se d\u00e1 nav\u0161t\u00edvit v Madridu, koukn\u011bte na tyto str\u00e1nky, kde jsem na\u0161la&nbsp;<strong>hezk\u00fd stru\u010dn\u00fd p\u0159ehled &#8211;&nbsp;<a href=\"http:\/\/www.cestyposvete.cz\/madrid.html\">ZDE<\/a><\/strong><\/p>\n<p>Pozor, v l\u00e9t\u011b zde panuj\u00ed opravdu vedra a tak n\u00e1v\u0161t\u011bva tohoto m\u011bsta se vyplat\u00ed sp\u00ed\u0161e v chladn\u011bj\u0161\u00edch m\u011bs\u00edc\u00edch.<\/p>\n<p><strong>Kempy a Stellplatz v Madridu&nbsp;a okol\u00ed na&nbsp;<a href=\"https:\/\/www.campercontact.com\/en\/spain\/madrid-28.aspx\">Campercontact<\/a>, nebo&nbsp;<a href=\"http:\/\/meinwomo.net\/stellplatz\/spanien-madrid--1353792.htm\">ZDE<\/a><\/strong><\/p>\n<p><strong>St\u00e1n\u00ed zdarma:&nbsp;<\/strong>Um\u00edst\u011bn\u00ed:&nbsp;<a href=\"https:\/\/www.promobil.de\/stellplatz\/parking-valdebernardo-588f1d0e721d54a52815c907.html\">Parkov\u00e1n\u00ed Valdebernando<\/a>&nbsp;, Bulevar de Jose Prat, 28032 Madrid. GPS: 40 \u00b0 23&#8217;48 &#8222;N, 03 \u00b0 37&#8217;11&#8220; W<\/p>\n<p style=\"text-align: center;\"><strong>2.&nbsp;<a href=\"https:\/\/cs.wikipedia.org\/wiki\/Barcelona\">Barcelona<\/a><\/strong><\/p>\n<p><img loading=\"lazy\" decoding=\"async\" class=\"size-full wp-image-12629 aligncenter\" src=\"https:\/\/storage.googleapis.com\/all4c-web\/1\/2018\/02\/barcelona.jpg\" alt=\"\" width=\"640\" height=\"382\" srcset=\"https:\/\/all4camper.com\/wp-content\/uploads\/2018\/02\/barcelona.jpg 640w, https:\/\/all4camper.com\/wp-content\/uploads\/2018\/02\/barcelona-300x179.jpg 300w, https:\/\/all4camper.com\/wp-content\/uploads\/2018\/02\/barcelona-150x90.jpg 150w, https:\/\/all4camper.com\/wp-content\/uploads\/2018\/02\/barcelona-200x119.jpg 200w, https:\/\/all4camper.com\/wp-content\/uploads\/2018\/02\/barcelona-400x239.jpg 400w, https:\/\/all4camper.com\/wp-content\/uploads\/2018\/02\/barcelona-600x358.jpg 600w\" sizes=\"auto, (max-width: 640px) 100vw, 640px\" \/><\/p>\n<p>Jedn\u00e1 se o druh\u00e9 nejv\u011bt\u0161\u00ed m\u011bsto ve \u0160pan\u011blsku a naleznete jej v Katal\u00e1nsku. Toto m\u011bsto nab\u00edz\u00ed v\u0161e &#8211; kosmopolitn\u00ed \u017eivot, kulturu i historii. Rozhodn\u011b p\u0159i n\u00e1v\u0161t\u011bv\u011b tohoto m\u011bsta nesm\u00edte zapomenout na d\u00edla Gaud\u00edho.<\/p>\n<div>\n<p><strong>Mlad\u00e9 lidi zde bude zaj\u00edmat ru\u0161n\u00fd a pestr\u00fd no\u010dn\u00ed \u017eivot, rodiny s d\u011btmi zase ocen\u00ed n\u00e1v\u0161t\u011bvu velk\u00e9ho akv\u00e1ria,<\/strong>&nbsp;nebo proch\u00e1zku po&nbsp;z\u00e1bavn\u00ed a turistick\u00e9 ulici La Rambla. Tipy, co nav\u0161t\u00edvit s d\u011btmi ( nebo i bez nich) v Barcelon\u011b si m\u016f\u017eete&nbsp;<strong>p\u0159e\u010d\u00edst&nbsp;<a href=\"http:\/\/mesto-barcelona.cz\/barcelona-s-detmi\/\">ZDE<\/a><\/strong>. Najdete zde tip na muzeum v\u011bdy jm\u00e9nem Cosmocaixa, muzeum mamut\u016f \u010di vyn\u00e1lez\u016f a mnoho dal\u0161\u00edho.<\/p>\n<\/div>\n<div>\n<p>Zaj\u00edmaj\u00ed V\u00e1s pam\u00e1tky? Jak\u00e9 tam m\u016f\u017eete nav\u0161t\u00edvit se dozv\u00edte na tomto&nbsp;<a href=\"http:\/\/mesto-barcelona.cz\/pamatky\/\">odkazu.&nbsp;<\/a><\/p>\n<\/div>\n<div>\n<p><strong>Kempy a Stellplatz v Barcelon\u011b a okol\u00ed na&nbsp;<a href=\"https:\/\/www.campercontact.com\/en\/spain\/cataluna-08-17-25-43\/barcelona.aspx?filter=|\">Campercontact<\/a><\/strong><\/p>\n<\/div>\n<div>\n<p>P\u0159esto se ale doporu\u010duje se po Barcelon\u011b moc karavanem nepohybovat, zaparkovat jej n\u011bkde na okraji a d\u00e1le se pohybovat MHD. Parkov\u00e1n\u00ed v Bracelon\u011b JE prost\u011b drah\u00e9. Tak\u00e9 neriskujte a nepokou\u0161ejte se st\u00e1t tam, kde se to nesm\u00ed. Hrozil by V\u00e1m odtah. V\u00edce o parkov\u00e1n\u00ed a pohybu karavanem po Barcelon\u011b si m\u016f\u017eete p\u0159e\u010d\u00edst NJ na tomto&nbsp;<a href=\"http:\/\/www.mein-barcelona.com\/parken.html\">odkazu<\/a><\/p>\n<div>\n<p style=\"text-align: center;\"><strong>3.&nbsp;<a href=\"https:\/\/cs.wikipedia.org\/wiki\/Sevilla\">Sevilla<\/a><\/strong><\/p>\n<p><img loading=\"lazy\" decoding=\"async\" class=\"size-full wp-image-12636 aligncenter\" src=\"https:\/\/storage.googleapis.com\/all4c-web\/1\/2018\/02\/sevilla.jpg\" alt=\"\" width=\"640\" height=\"415\" srcset=\"https:\/\/all4camper.com\/wp-content\/uploads\/2018\/02\/sevilla.jpg 640w, https:\/\/all4camper.com\/wp-content\/uploads\/2018\/02\/sevilla-300x195.jpg 300w, https:\/\/all4camper.com\/wp-content\/uploads\/2018\/02\/sevilla-150x97.jpg 150w, https:\/\/all4camper.com\/wp-content\/uploads\/2018\/02\/sevilla-200x130.jpg 200w, https:\/\/all4camper.com\/wp-content\/uploads\/2018\/02\/sevilla-400x259.jpg 400w, https:\/\/all4camper.com\/wp-content\/uploads\/2018\/02\/sevilla-600x389.jpg 600w\" sizes=\"auto, (max-width: 640px) 100vw, 640px\" \/><\/p>\n<\/div>\n<div>\n<p>Sevilla je t\u0159et\u00edm nejv\u011bt\u0161\u00edm m\u011bstem ve \u0160pan\u011blsku a hlavn\u00edm m\u011bstem regionu Andalusie. Toto m\u011bsto je pova\u017eov\u00e1no za domov zn\u00e1m\u00e9ho tance Flamenco. Pr\u00e1v\u011b a d\u00edky tomuto tance se stala Sevilla zn\u00e1mou a turisty nav\u0161t\u011bvovanou destinac\u00ed. Pokud se V\u00e1m tento tanec l\u00edb\u00ed, nesm\u00edte vynechat \u010dtvr\u0165&nbsp;<a href=\"https:\/\/spainattractions.es\/triana-seville\/\">Triana<\/a>, ze kter\u00e9 na V\u00e1s bude atmosf\u00e9ra, spojena s t\u00edmto tancem, d\u00fdchat na ka\u017ed\u00e9m kroku.<\/p>\n<\/div>\n<div>\n<p>Za n\u00e1v\u0161t\u011bvu zde stoj\u00ed i&nbsp;Hradn\u00ed komplex Alc\u00e1zar a nebo&nbsp;ar\u00e9na z 18. stolet\u00ed, nazvan\u00e1 Plaza de Toros de la Maestranza.<\/p>\n<\/div>\n<div>\n<p>Dal\u0161\u00ed informace o m\u011bstu Sevilla si m\u016f\u017eete p\u0159e\u010d\u00edst t\u0159eba&nbsp;<a href=\"http:\/\/www.spanelsko.com\/sevilla\/\">ZDE<\/a>. Pokud m\u00e1te r\u00e1di dobr\u00e9 j\u00eddlo a Va\u0161e cestov\u00e1n\u00ed je spojeno i s pozn\u00e1v\u00e1n\u00edm m\u00edstn\u00edch pokrm\u016f, na&nbsp;<a href=\"http:\/\/devoursevillefoodtours.com\/10-tips-on-how-to-eat-like-a-local-in-seville\/\">t\u00e9to str\u00e1nce<\/a>&nbsp;si m\u016f\u017eete p\u0159e\u010d\u00edst tipy &#8222;jak j\u00edst jako m\u00edstn\u00ed lid\u00e9&#8220;.<\/p>\n<\/div>\n<div>\n<p>Informace z Andalusie karavanem si m\u016f\u017eete p\u0159e\u010d\u00edst&nbsp;<a href=\"https:\/\/www.campervanlife.com\/travel-guide\/europe\/spain\/andalucia\/\">ZDE<\/a><\/p>\n<\/div>\n<div>\n<p><strong>Kempy a Stellplatz v Sevilla a okol\u00ed na&nbsp;<a href=\"https:\/\/www.campercontact.com\/de\/spanien\/andalusia-04-11-14-18-21-23-29-41\/sevilla.aspx\">Campercontact<\/a>&nbsp;a nebo&nbsp;<a href=\"http:\/\/meinwomo.net\/stellplatz\/spanien-sevilla-1769480.htm\">ZDE<\/a><\/strong><\/p>\n<p style=\"text-align: center;\"><strong>4.&nbsp;<a href=\"https:\/\/cs.wikipedia.org\/wiki\/Bilbao\">Bilbao<\/a><\/strong><\/p>\n<div>\n<p><img loading=\"lazy\" decoding=\"async\" class=\"size-full wp-image-12630 aligncenter\" src=\"https:\/\/storage.googleapis.com\/all4c-web\/1\/2018\/02\/bilbao.jpg\" alt=\"\" width=\"640\" height=\"400\" srcset=\"https:\/\/all4camper.com\/wp-content\/uploads\/2018\/02\/bilbao.jpg 640w, https:\/\/all4camper.com\/wp-content\/uploads\/2018\/02\/bilbao-300x188.jpg 300w, https:\/\/all4camper.com\/wp-content\/uploads\/2018\/02\/bilbao-150x94.jpg 150w, https:\/\/all4camper.com\/wp-content\/uploads\/2018\/02\/bilbao-200x125.jpg 200w, https:\/\/all4camper.com\/wp-content\/uploads\/2018\/02\/bilbao-400x250.jpg 400w, https:\/\/all4camper.com\/wp-content\/uploads\/2018\/02\/bilbao-600x375.jpg 600w\" sizes=\"auto, (max-width: 640px) 100vw, 640px\" \/><\/p>\n<p>Jedn\u00e1 se o p\u0159\u00edstavn\u00ed m\u011bsto s 350tis. obyvateli a je obklopeno horami a kr\u00e1snou krajinou. Moc turist\u016f sem nejezd\u00ed, co\u017e je pr\u00fd \u0161koda, nebo\u0165 i v tomto pr\u016fmyslov\u00e9m m\u011bst\u011b naleznete prvky tradi\u010dn\u00ed \u0161pan\u011blsk\u00e9 architektury a&nbsp;<strong>Guggenheimovo muzeum<\/strong>, co\u017e je muzeum&nbsp;modern\u00edho um\u011bn\u00ed ve \u0160pan\u011blsku, kter\u00e9 bylo postaveno v roce 1997.<\/p>\n<\/div>\n<div>\n<p>Pokud se o tomto m\u011bst\u011b chcete dozv\u011bd\u011bt v\u00edce, p\u0159e\u010dt\u011bte si t\u0159eba tento&nbsp;<a href=\"http:\/\/www.dromedar.cz\/evropa\/bilbao-ctvrty-nejrusnejsi-pristav-spanelska\/\">\u010dl\u00e1nek<\/a>. Tak\u00e9 zaj\u00edmav\u00e1 str\u00e1nka o tom, co mus\u00edte v tomto m\u011bst\u011b vid\u011bt je&nbsp;<a href=\"https:\/\/theculturetrip.com\/europe\/spain\/articles\/20-must-visit-attractions-in-bilbao-spain\/\">ZDE<\/a><\/p>\n<\/div>\n<div>\n<p>Kempy a Stellplatz v Bilbao a okol\u00ed na&nbsp;<a href=\"https:\/\/www.campercontact.com\/de\/spanien\/la-rioja-26--pais-vasco-01-20-48\/bilbao.aspx\">Campercontact<\/a><\/p>\n<div>\n<p style=\"text-align: center;\"><strong>5.&nbsp;<a href=\"https:\/\/cs.wikipedia.org\/wiki\/Valencie\">Valencie<\/a><\/strong><\/p>\n<\/div>\n<div>\n<p><img loading=\"lazy\" decoding=\"async\" class=\"aligncenter wp-image-12638 size-full\" src=\"https:\/\/storage.googleapis.com\/all4c-web\/1\/2018\/02\/valencie.jpg\" alt=\"\" width=\"400\" height=\"324\" srcset=\"https:\/\/all4camper.com\/wp-content\/uploads\/2018\/02\/valencie.jpg 400w, https:\/\/all4camper.com\/wp-content\/uploads\/2018\/02\/valencie-300x243.jpg 300w, https:\/\/all4camper.com\/wp-content\/uploads\/2018\/02\/valencie-150x122.jpg 150w, https:\/\/all4camper.com\/wp-content\/uploads\/2018\/02\/valencie-177x142.jpg 177w, https:\/\/all4camper.com\/wp-content\/uploads\/2018\/02\/valencie-200x162.jpg 200w\" sizes=\"auto, (max-width: 400px) 100vw, 400px\" \/><\/p>\n<\/div>\n<\/div>\n<\/div>\n<\/div>\n<p><strong>Jedn\u00e1 se o velice hezk\u00e9 m\u011bsto, bohat\u00e9 na kulturu a um\u011bn\u00ed<\/strong>. M\u016f\u017eete zde nal\u00e9zt n\u00e1dhern\u00e9 futuristick\u00e9 budovy (nap\u0159. komplex budov M\u011bsta um\u011bn\u00ed a v\u011bd (Ciudad de las Artes).<\/p>\n<p>P\u0159esto, \u017ee Valencie je opravdu hezk\u00e9 m\u011bsto a j<strong>edn\u00e1 se o t\u0159et\u00ed nejv\u011bt\u0161\u00ed m\u011bsto ve \u0160pan\u011blsku, turisty toto m\u011bsto p\u0159epln\u011bn\u00e9 nen\u00ed<\/strong>, co\u017e V\u00e1m umo\u017en\u00ed pohodovou prohl\u00eddku m\u011bsta, ve kter\u00e9m rozhodn\u011b je co vid\u011bt. \u0158\u00edk\u00e1 se, \u017ee ve Valencii se zapadaj\u00edc\u00edm sluncem o\u017e\u00edv\u00e1 i no\u010dn\u00ed \u017eivot a naleznete zde mnoho ve\u010dern\u00edch aktivit.<\/p>\n<p><strong>Co rozhodn\u011b nesm\u00edte minout je park, kter\u00fd kdysi b\u00fdval korytem \u0159eky Turie<\/strong> a je v n\u011bm n\u011bkolik r\u016fzn\u00fdch most\u016f, kter\u00e9 tento park rozd\u011bluj\u00ed na jednotliv\u00e9 \u010d\u00e1sti.<\/p>\n<p>Dal\u0161\u00edm d\u016fvodem, pro\u010d nav\u0161t\u00edvit Valencii, je to, \u017ee <strong>jej\u00edm druh\u00fdm jm\u00e9nem se stalo &#8222;slune\u010dn\u00ed m\u011bsto&#8220;.<\/strong> Je zde toti\u017e v\u00edce jak 300 dn\u00ed v roce slunn\u00e9 po\u010das\u00ed a zima je zde velice m\u00edrn\u00e1.<\/p>\n<p><strong>V tomto m\u011bst\u011b naleznete i jedny z nejlep\u0161\u00edch pl\u00e1\u017e\u00ed \u0160pan\u011blska.<\/strong> V\u00edce o Valencii si m\u016f\u017eete p\u0159e\u010d\u00edst&nbsp;<a href=\"http:\/\/www.spanelsko.com\/valencie\/\">ZDE<\/a>&nbsp;a nebo&nbsp;<a href=\"http:\/\/spanelsko.svetadily.cz\/clanky\/Do-Valencie-za-kulturou-architekturou-jidlem-i-modou\">ZDE<\/a><\/p>\n<p>Stellplatz ve Valencii a okol\u00ed na&nbsp;<a href=\"https:\/\/www.campercontact.com\/de\/spanien\/valencia-03-12-46\/valencia.aspx?fromsso=1\">Campercontact<\/a>, kempy&nbsp;<a href=\"https:\/\/www.eurocampings.co.uk\/spain\/valencian\/valencia\/\">zde<\/a>&nbsp;a nebo&nbsp;<a href=\"http:\/\/www.visitvalencia.com\/en\/plan-your-trip-to-valencia\/accommodation\/campsites\">zde<\/a><\/p>\n<div>\n<p style=\"text-align: center;\"><strong>6.&nbsp;<a href=\"https:\/\/cs.wikipedia.org\/wiki\/Granada\">Granada<\/a><\/strong><\/p>\n<p><img loading=\"lazy\" decoding=\"async\" class=\"size-full wp-image-12634 aligncenter\" src=\"https:\/\/storage.googleapis.com\/all4c-web\/1\/2018\/02\/municipios01.jpg\" alt=\"\" width=\"500\" height=\"280\" srcset=\"https:\/\/all4camper.com\/wp-content\/uploads\/2018\/02\/municipios01.jpg 500w, https:\/\/all4camper.com\/wp-content\/uploads\/2018\/02\/municipios01-300x168.jpg 300w, https:\/\/all4camper.com\/wp-content\/uploads\/2018\/02\/municipios01-150x84.jpg 150w, https:\/\/all4camper.com\/wp-content\/uploads\/2018\/02\/municipios01-200x112.jpg 200w, https:\/\/all4camper.com\/wp-content\/uploads\/2018\/02\/municipios01-400x224.jpg 400w\" sizes=\"auto, (max-width: 500px) 100vw, 500px\" \/><\/p>\n<p>Granada je klidn\u00e9 \u0161pan\u011blsk\u00e9 m\u011bsto st\u00e1le si zachov\u00e1vaj\u00edc\u00ed autentick\u00e9 prvky \u0160pan\u011blska. Toto m\u011bsto najdete na \u00fapat\u00ed&nbsp;<strong>poho\u0159\u00ed Sierra Nevada, dosahuj\u00edc\u00edho tak\u0159ka 3500 v\u00fd\u0161kov\u00fdch metr\u016f<\/strong>, co\u017e podporuje zn\u00e1mou informaci o m\u011bst\u011b pln\u00e9m pomeran\u010d\u016f s pohledem na zasn\u011b\u017een\u00e9 vrcholky hor.<\/p>\n<p>Pro n\u00e1v\u0161t\u011bvu tohoto m\u011bsta zcela jist\u011b uv\u00edt\u00e1te informaci, \u017ee <strong>u\u017e na ja\u0159e zde teploty p\u0159esahuj\u00ed p\u0159\u00edjemn\u00fdch 20\u00b0C<\/strong>.<\/p>\n<p>Co byste nem\u011bli v tomto m\u011bst\u011b ur\u010dit\u011b minout, je&nbsp;<strong>n\u00e1v\u0161t\u011bva Alhambry<\/strong>, co\u017e&nbsp;je je st\u0159edov\u011bk\u00fd komplex pal\u00e1c\u016f a pevnost\u00ed maursk\u00fdch panovn\u00edk\u016f Granady. Sou\u010d\u00e1st\u00ed jsou i kr\u00e1sn\u00e9 zahrady.<\/p>\n<p>V\u00edce o tomto m\u011bst\u011b a jeho pam\u00e1tk\u00e1ch si m\u016f\u017eete p\u0159e\u010d\u00edst&nbsp;<a href=\"http:\/\/spanelsko.infonacesty.cz\/andalusie\/kdo-opousti-granadu-neubrani-se-slzam\">ZDE<\/a>&nbsp;a&nbsp;<a href=\"http:\/\/www.spanelsko-web.cz\/clanky\/granada-pamatky\">ZDE<\/a><\/p>\n<p>Stellplatz v Granada a okol\u00ed na&nbsp;<a href=\"https:\/\/www.campercontact.com\/de\/spanien\/andalusia-04-11-14-18-21-23-29-41\/granada.aspx?fromsso=1\">Campercontact<\/a>, kempy&nbsp;<a href=\"https:\/\/www.eurocampings.co.uk\/spain\/andalusia\/granada\/\">zde<\/a><\/p>\n<div>\n<div>\n<p style=\"text-align: center;\"><strong>7.&nbsp;<a href=\"https:\/\/cs.wikipedia.org\/wiki\/Salamanca\">Salamanca<\/a><\/strong><\/p>\n<\/div>\n<\/div>\n<div>\n<p><img loading=\"lazy\" decoding=\"async\" class=\"size-full wp-image-12635 aligncenter\" src=\"https:\/\/storage.googleapis.com\/all4c-web\/1\/2018\/02\/salamanca.jpg\" alt=\"\" width=\"688\" height=\"280\" srcset=\"https:\/\/all4camper.com\/wp-content\/uploads\/2018\/02\/salamanca.jpg 688w, https:\/\/all4camper.com\/wp-content\/uploads\/2018\/02\/salamanca-300x122.jpg 300w, https:\/\/all4camper.com\/wp-content\/uploads\/2018\/02\/salamanca-150x61.jpg 150w, https:\/\/all4camper.com\/wp-content\/uploads\/2018\/02\/salamanca-669x272.jpg 669w, https:\/\/all4camper.com\/wp-content\/uploads\/2018\/02\/salamanca-200x81.jpg 200w, https:\/\/all4camper.com\/wp-content\/uploads\/2018\/02\/salamanca-400x163.jpg 400w, https:\/\/all4camper.com\/wp-content\/uploads\/2018\/02\/salamanca-600x244.jpg 600w, https:\/\/all4camper.com\/wp-content\/uploads\/2018\/02\/salamanca-650x265.jpg 650w\" sizes=\"auto, (max-width: 688px) 100vw, 688px\" \/><\/p>\n<p><strong>Tomuto star\u00e9mu m\u011bstu byl v roce 1988&nbsp;ud\u011blen status sv\u011btov\u00e9ho d\u011bdictv\u00ed UNESCO.<\/strong> Najdete ho na severoz\u00e1padu \u0160pan\u011blska a je sou\u010d\u00e1st\u00ed regionu Kastilie a Le\u00f3nu.<\/p>\n<\/div>\n<div>\n<p>To, pro\u010d rozhodn\u011b stoj\u00ed za n\u00e1v\u0161t\u011bvu, je ne jen skute\u010dnost, \u017ee <strong>je zde opravdu mnoho pam\u00e1tek na mal\u00e9m m\u00edst\u011b <\/strong>a najdete zde starobyl\u00e9 p\u0159edn\u00e1\u0161kov\u00e9 s\u00e1ly zdej\u0161\u00ed univerzity.<\/p>\n<\/div>\n<div>\n<p><strong>Chcete-li za i pobavit, je Salamanca to spr\u00e1vn\u00e9 m\u011bsto.<\/strong> Ka\u017ed\u00fd ve\u010der&nbsp; zde toti\u017e o\u017eije mnoho bar\u016f, vin\u00e1ren a klub\u016f, v ulic\u00edch m\u011bsta proud\u00ed davy mlad\u00fdch lid\u00ed &#8211; student\u016f a centr\u00e1ln\u00ed n\u00e1m\u011bst\u00ed se prom\u011bn\u00ed v promen\u00e1du. Toto m\u011bsto je toti\u017e tak\u00e9 univerzitn\u00edm m\u011bstem.<\/p>\n<\/div>\n<div>\n<div>\n<p>V\u00edce informac\u00ed o pam\u00e1tk\u00e1ch naleznete&nbsp;<a href=\"http:\/\/www.spanelsko.info\/salamanca.htm\">ZDE<\/a><\/p>\n<\/div>\n<div>\n<p>Stellplatz v Salamanca a okol\u00ed na&nbsp;<a href=\"https:\/\/www.campercontact.com\/de\/spanien\/castilla-y-leon-05-09-24-34-37-40-42-47-49\/salamanca.aspx?fromsso=1\">Campercontact<\/a>, kempy&nbsp;<a href=\"https:\/\/www.eurocampings.co.uk\/spain\/castille-and-leon\/salamanca\/\">zde<\/a><\/p>\n<p style=\"text-align: center;\"><strong>8.&nbsp;<a href=\"https:\/\/cs.wikipedia.org\/wiki\/Toledo\">Toledo<\/a><\/strong><\/p>\n<div>\n<p><img loading=\"lazy\" decoding=\"async\" class=\"wp-image-12637 size-large aligncenter\" src=\"https:\/\/storage.googleapis.com\/all4c-web\/1\/2018\/02\/toledo-650x285.jpg\" alt=\"\" width=\"650\" height=\"285\" srcset=\"https:\/\/all4camper.com\/wp-content\/uploads\/2018\/02\/toledo-650x285.jpg 650w, https:\/\/all4camper.com\/wp-content\/uploads\/2018\/02\/toledo-300x132.jpg 300w, https:\/\/all4camper.com\/wp-content\/uploads\/2018\/02\/toledo-150x66.jpg 150w, https:\/\/all4camper.com\/wp-content\/uploads\/2018\/02\/toledo-768x337.jpg 768w, https:\/\/all4camper.com\/wp-content\/uploads\/2018\/02\/toledo-200x88.jpg 200w, https:\/\/all4camper.com\/wp-content\/uploads\/2018\/02\/toledo-400x176.jpg 400w, https:\/\/all4camper.com\/wp-content\/uploads\/2018\/02\/toledo-600x263.jpg 600w, https:\/\/all4camper.com\/wp-content\/uploads\/2018\/02\/toledo-800x351.jpg 800w, https:\/\/all4camper.com\/wp-content\/uploads\/2018\/02\/toledo.jpg 1000w\" sizes=\"auto, (max-width: 650px) 100vw, 650px\" \/><\/p>\n<p>Toto starobyl\u00e9 m\u011bsto se nach\u00e1z\u00ed na kopci nad Castilla-La Mancha v sam\u00e9m srdci \u0160pan\u011blska a pokud se zaj\u00edm\u00e1te o jeho historii, toto m\u011bsto byste nem\u011bli minout. Pro milovn\u00edky r\u016fzn\u00fdch zakout\u00ed toto m\u011bsto nab\u00edz\u00ed nespo\u010det uli\u010dek, kter\u00e9 leckdy jen tak, z nenad\u00e1n\u00ed, kon\u010d\u00ed a mus\u00edte se vr\u00e1tit, a nebo na sebe r\u016fzn\u011b navazuj\u00ed.<\/p>\n<\/div>\n<div>\n<p>Krom\u011b bohat\u00e9 historie nab\u00edz\u00ed toto m\u011bsto jednu zvl\u00e1\u0161tnost &#8211; z v\u011bt\u0161\u00ed \u010d\u00e1sti je obehnan\u00e9 hradbami a ve\u010der, kdy v\u011bt\u0161ina turist\u016f odjede, za\u010dne poskytovat origin\u00e1ln\u00ed atmosf\u00e9ru. Proto se doporu\u010duje z\u016fstat alespo\u0148 na jednu noc. Jste-li v Toledu karavanem, z\u00e1\u017eitek to bude zcela jist\u011b origin\u00e1ln\u00ed a nezapomenuteln\u00fd.<\/p>\n<\/div>\n<div>\n<div>\n<p>V\u00edce informac\u00ed o pam\u00e1tk\u00e1ch naleznete&nbsp;<a href=\"http:\/\/www.spanelsko-web.cz\/clanky\/toledo\">ZDE<\/a><\/p>\n<\/div>\n<\/div>\n<div>\n<p>Stellplatz v Toledo a okol\u00ed na&nbsp;<a href=\"https:\/\/www.campercontact.com\/de\/spanien\/castilla-la-mancha-02-13-16-19-45\/toledo.aspx?fromsso=1\">Campercontact<\/a>, nebo&nbsp;<a href=\"http:\/\/meinwomo.net\/stellplatz\/spanien-toledo-930945.htm\">zde<\/a><\/p>\n<div>\n<p style=\"text-align: center;\"><strong>9.&nbsp;<a href=\"https:\/\/cs.wikipedia.org\/wiki\/M%C3%A1laga\">Malaga<\/a><\/strong><\/p>\n<\/div>\n<div>\n<p><img loading=\"lazy\" decoding=\"async\" class=\"wp-image-12633 size-large aligncenter\" src=\"https:\/\/storage.googleapis.com\/all4c-web\/1\/2018\/02\/malaga-650x232.jpg\" alt=\"\" width=\"650\" height=\"232\" srcset=\"https:\/\/all4camper.com\/wp-content\/uploads\/2018\/02\/malaga-650x232.jpg 650w, https:\/\/all4camper.com\/wp-content\/uploads\/2018\/02\/malaga-300x107.jpg 300w, https:\/\/all4camper.com\/wp-content\/uploads\/2018\/02\/malaga-150x54.jpg 150w, https:\/\/all4camper.com\/wp-content\/uploads\/2018\/02\/malaga-768x274.jpg 768w, https:\/\/all4camper.com\/wp-content\/uploads\/2018\/02\/malaga-1024x366.jpg 1024w, https:\/\/all4camper.com\/wp-content\/uploads\/2018\/02\/malaga-200x71.jpg 200w, https:\/\/all4camper.com\/wp-content\/uploads\/2018\/02\/malaga-400x143.jpg 400w, https:\/\/all4camper.com\/wp-content\/uploads\/2018\/02\/malaga-600x214.jpg 600w, https:\/\/all4camper.com\/wp-content\/uploads\/2018\/02\/malaga-800x286.jpg 800w, https:\/\/all4camper.com\/wp-content\/uploads\/2018\/02\/malaga-1200x429.jpg 1200w, https:\/\/all4camper.com\/wp-content\/uploads\/2018\/02\/malaga.jpg 1400w\" sizes=\"auto, (max-width: 650px) 100vw, 650px\" \/><\/p>\n<p>Kdo by neznal toto p\u0159\u00edstavn\u00ed m\u011bsto. <strong>Krom\u011b mnoha zaj\u00edmav\u00fdch pam\u00e1tek zde najdete n\u00e1dhern\u00e9 dlouh\u00e9 a \u010dist\u00e9 pl\u00e1\u017ee.&nbsp;<\/strong><\/p>\n<\/div>\n<div>\n<p>Chcete-li si dop\u0159\u00e1t kr\u00e1sn\u00fd, romantick\u00fd pohled na na m\u011bsto i mo\u0159e, <strong>vydejte se k z\u0159\u00edcenin\u011b hradu Gibralfaro<\/strong>. Pokud V\u00e1s tento pohled nadchne, <strong>nesm\u00edte minout ani n\u00e1v\u0161t\u011bvu pevnosti&nbsp;La Alcazaba<\/strong>, kde je dnes v\u00fdznamn\u00e9 archeologick\u00e9 muzeum a i zde se V\u00e1m otev\u0159e kr\u00e1sn\u00fd pohled do okol\u00ed a popojdete-li o kousek d\u00e1l, cesta V\u00e1s dovede a\u017e k poz\u016fstatk\u016fm \u0159\u00edmsk\u00e9ho divadla.<\/p>\n<\/div>\n<div>\n<p><strong>Ur\u010dit\u011b se zastavte i v m\u00edstn\u00edm mo\u0159sk\u00e9m akv\u00e1riu&nbsp;Benalm\u00e1dena<\/strong>, kde i je podvodn\u00ed tunel. Zatou\u017e\u00edte-li po dobr\u00e9m j\u00eddle, v Malaze se i dob\u0159e naj\u00edte a krom toho, jsou zde pr\u00fd i restaurace ocen\u011bn\u00e9 Michelinskou hv\u011bzdi\u010dkou.<\/p>\n<\/div>\n<div>\n<p>V\u00edce informac\u00ed o pam\u00e1tk\u00e1ch naleznete&nbsp;<a href=\"http:\/\/www.malagainformation.com\/czech\/monuments.html\">ZDE<\/a><\/p>\n<\/div>\n<div>\n<p>Stellplatz v Malaga a okol\u00ed na&nbsp;<a href=\"https:\/\/www.campercontact.com\/de\/spanien\/andalusia-04-11-14-18-21-23-29-41\/malaga.aspx?fromsso=1\">Campercontact<\/a>, nebo kempy&nbsp;<a href=\"https:\/\/www.eurocampings.co.uk\/spain\/andalusia\/malaga\/\">zde<\/a><\/p>\n<p style=\"text-align: center;\"><strong>10.&nbsp;<a href=\"https:\/\/cs.wikipedia.org\/wiki\/C%C3%B3rdoba_(%C5%A0pan%C4%9Blsko)\">C\u00f3rdoba<\/a><\/strong><\/p>\n<div>\n<p><img loading=\"lazy\" decoding=\"async\" class=\"aligncenter wp-image-12631 size-large\" src=\"https:\/\/storage.googleapis.com\/all4c-web\/1\/2018\/02\/cordoba-650x239.jpg\" alt=\"\" width=\"650\" height=\"239\" srcset=\"https:\/\/all4camper.com\/wp-content\/uploads\/2018\/02\/cordoba-650x239.jpg 650w, https:\/\/all4camper.com\/wp-content\/uploads\/2018\/02\/cordoba-300x110.jpg 300w, https:\/\/all4camper.com\/wp-content\/uploads\/2018\/02\/cordoba-150x55.jpg 150w, https:\/\/all4camper.com\/wp-content\/uploads\/2018\/02\/cordoba-200x73.jpg 200w, https:\/\/all4camper.com\/wp-content\/uploads\/2018\/02\/cordoba-400x147.jpg 400w, https:\/\/all4camper.com\/wp-content\/uploads\/2018\/02\/cordoba-600x220.jpg 600w, https:\/\/all4camper.com\/wp-content\/uploads\/2018\/02\/cordoba.jpg 762w\" sizes=\"auto, (max-width: 650px) 100vw, 650px\" \/><\/p>\n<p>C\u00f3rdoba je dal\u0161\u00edm \u0161pan\u011blsk\u00fdm m\u011bstem s velmi bohatou histori\u00ed.&nbsp;<strong>Jeho m\u011bstsk\u00e9 centrum je druh\u00e9 nejv\u011bt\u0161\u00ed v Evrop\u011b a bylo za\u0159azeno na seznam sv\u011btov\u00e9ho kulturn\u00edho d\u011bdictv\u00ed UNESCO.&nbsp;<\/strong><\/p>\n<\/div>\n<div>\n<p>Dal\u0161\u00ed informac\u00ed, kter\u00e1 u tohoto m\u011bsta stoj\u00ed za zm\u00ednku, je skute\u010dnost, \u017ee v \u0159\u00edmsk\u00fdch dob\u00e1ch&nbsp;byla C\u00f3rdoba kl\u00ed\u010dov\u00fdm m\u011bstem&nbsp; a&nbsp;&nbsp;ve st\u0159edov\u011bku zase v\u00fdznamn\u00fdm isl\u00e1msk\u00fdm centrem. V tomto m\u011bst\u011b naleznete opravdu mnoho pam\u00e1tek o kter\u00fdch si m\u016f\u017eete p\u0159e\u010d\u00edst nap\u0159\u00edklad&nbsp;<a href=\"http:\/\/www.spanelsko-web.cz\/clanky\/cordoba-pamatky\">ZDE<\/a><\/p>\n<\/div>\n<div>\n<p>Stellplatz v C\u00f3rdoba a okol\u00ed na&nbsp;<a href=\"https:\/\/www.campercontact.com\/de\/spanien\/andalusia-04-11-14-18-21-23-29-41\/cordoba.aspx?filter=|&amp;cnt=41&amp;prv=137&amp;cty=3971\">Campercontact<\/a>, nebo&nbsp;<a href=\"http:\/\/meinwomo.net\/stellplatz\/spanien-cordoba-1121929.htm\">zde<\/a><\/p>\n<\/div>\n<\/div>\n<\/div>\n<\/div>\n<\/div>\n<\/div>\n\n","protected":false},"excerpt":{"rendered":"<p>M\u00e1me tu podzim a jak mnoho karavanist\u016f v\u00ed, pr\u00e1v\u011b podzimn\u00ed a zimn\u00ed m\u011bs\u00edce jsou ide\u00e1ln\u00ed pro n\u00e1v\u0161t\u011bvu \u0160pan\u011blska. V tomto obdob\u00ed toti\u017e \u0160pan\u011blsko l\u00e1k\u00e1 na p\u0159\u00edv\u011btiv\u00e9 po\u010das\u00ed a pojedete-li na jih, \u010dek\u00e1 V\u00e1s p\u0159\u00edjemn\u00fdch 20\u00b0C<\/p>\n","protected":false},"author":1,"featured_media":12632,"comment_status":"closed","ping_status":"open","sticky":false,"template":"","format":"standard","meta":{"_monsterinsights_skip_tracking":false,"_monsterinsights_sitenote_active":false,"_monsterinsights_sitenote_note":"","_monsterinsights_sitenote_category":0,"footnotes":""},"categories":[368,11546,2373],"tags":[383,325,85],"class_list":{"0":"post-12627","1":"post","2":"type-post","3":"status-publish","4":"format-standard","5":"has-post-thumbnail","8":"category-kempujeme-a-cestujeme-spanelsko","9":"category-ostatni-zeme","10":"tag-ostatni-zeme","12":"tag-spanelsko"},"yoast_head":"<!-- This site is optimized with the Yoast SEO plugin v27.5 - https:\/\/yoast.com\/product\/yoast-seo-wordpress\/ -->\n<title>10 m\u011bst, kter\u00e1 byste m\u011bli ve \u0160pan\u011blsku nav\u0161t\u00edvit - All4Camper<\/title>\n<meta name=\"description\" content=\"All4Camper - 10 m\u011bst, kter\u00e1 byste m\u011bli ve \u0160pan\u011blsku nav\u0161t\u00edvit\" \/>\n<meta name=\"robots\" content=\"index, follow, max-snippet:-1, max-image-preview:large, max-video-preview:-1\" \/>\n<link rel=\"canonical\" href=\"https:\/\/all4camper.com\/cs\/10-mest-ktera-byste-meli-ve-spanelsku-navstivit\/\" \/>\n<meta property=\"og:locale\" content=\"cs_CZ\" \/>\n<meta property=\"og:type\" content=\"article\" \/>\n<meta property=\"og:title\" content=\"10 m\u011bst, kter\u00e1 byste m\u011bli ve \u0160pan\u011blsku nav\u0161t\u00edvit - All4Camper\" \/>\n<meta property=\"og:description\" content=\"All4Camper - 10 m\u011bst, kter\u00e1 byste m\u011bli ve \u0160pan\u011blsku nav\u0161t\u00edvit\" \/>\n<meta property=\"og:url\" content=\"https:\/\/all4camper.com\/cs\/10-mest-ktera-byste-meli-ve-spanelsku-navstivit\/\" \/>\n<meta property=\"og:site_name\" content=\"All4Camper\" \/>\n<meta property=\"article:published_time\" content=\"2018-02-12T16:37:42+00:00\" \/>\n<meta property=\"article:modified_time\" content=\"2021-04-20T15:42:46+00:00\" \/>\n<meta property=\"og:image\" content=\"https:\/\/all4camper.com\/wp-content\/uploads\/2018\/02\/madrid.jpg\" \/>\n\t<meta property=\"og:image:width\" content=\"640\" \/>\n\t<meta property=\"og:image:height\" content=\"434\" \/>\n\t<meta property=\"og:image:type\" content=\"image\/jpeg\" \/>\n<meta name=\"author\" content=\"Davi\" \/>\n<meta name=\"twitter:card\" content=\"summary_large_image\" \/>\n<meta name=\"twitter:label1\" content=\"Napsal(a)\" \/>\n\t<meta name=\"twitter:data1\" content=\"Davi\" \/>\n\t<meta name=\"twitter:label2\" content=\"Odhadovan\u00e1 doba \u010dten\u00ed\" \/>\n\t<meta name=\"twitter:data2\" content=\"9 minut\" \/>\n<script type=\"application\/ld+json\" class=\"yoast-schema-graph\">{\"@context\":\"https:\\\/\\\/schema.org\",\"@graph\":[{\"@type\":\"Article\",\"@id\":\"https:\\\/\\\/all4camper.com\\\/cs\\\/10-mest-ktera-byste-meli-ve-spanelsku-navstivit\\\/#article\",\"isPartOf\":{\"@id\":\"https:\\\/\\\/all4camper.com\\\/cs\\\/10-mest-ktera-byste-meli-ve-spanelsku-navstivit\\\/\"},\"author\":{\"name\":\"Davi\",\"@id\":\"https:\\\/\\\/all4camper.com\\\/cs\\\/#\\\/schema\\\/person\\\/4de0ea01bd6518ef95649b160a14dcf1\"},\"headline\":\"10 m\u011bst, kter\u00e1 byste m\u011bli ve \u0160pan\u011blsku nav\u0161t\u00edvit\",\"datePublished\":\"2018-02-12T16:37:42+00:00\",\"dateModified\":\"2021-04-20T15:42:46+00:00\",\"mainEntityOfPage\":{\"@id\":\"https:\\\/\\\/all4camper.com\\\/cs\\\/10-mest-ktera-byste-meli-ve-spanelsku-navstivit\\\/\"},\"wordCount\":1824,\"publisher\":{\"@id\":\"https:\\\/\\\/all4camper.com\\\/cs\\\/#organization\"},\"image\":{\"@id\":\"https:\\\/\\\/all4camper.com\\\/cs\\\/10-mest-ktera-byste-meli-ve-spanelsku-navstivit\\\/#primaryimage\"},\"thumbnailUrl\":\"https:\\\/\\\/all4camper.com\\\/wp-content\\\/uploads\\\/2018\\\/02\\\/madrid.jpg\",\"keywords\":[\"Ostatn\u00ed zem\u011b\",\"Pozn\u00e1vac\u00ed dovolen\u00e1\",\"\u0160pan\u011blsko\"],\"articleSection\":[\"\u010cten\u00ed na cesty\",\"Kempujeme a cestujeme \u0160pan\u011blsko\",\"Ostatn\u00ed zem\u011b\"],\"inLanguage\":\"cs\"},{\"@type\":\"WebPage\",\"@id\":\"https:\\\/\\\/all4camper.com\\\/cs\\\/10-mest-ktera-byste-meli-ve-spanelsku-navstivit\\\/\",\"url\":\"https:\\\/\\\/all4camper.com\\\/cs\\\/10-mest-ktera-byste-meli-ve-spanelsku-navstivit\\\/\",\"name\":\"10 m\u011bst, kter\u00e1 byste m\u011bli ve \u0160pan\u011blsku nav\u0161t\u00edvit - All4Camper\",\"isPartOf\":{\"@id\":\"https:\\\/\\\/all4camper.com\\\/cs\\\/#website\"},\"primaryImageOfPage\":{\"@id\":\"https:\\\/\\\/all4camper.com\\\/cs\\\/10-mest-ktera-byste-meli-ve-spanelsku-navstivit\\\/#primaryimage\"},\"image\":{\"@id\":\"https:\\\/\\\/all4camper.com\\\/cs\\\/10-mest-ktera-byste-meli-ve-spanelsku-navstivit\\\/#primaryimage\"},\"thumbnailUrl\":\"https:\\\/\\\/all4camper.com\\\/wp-content\\\/uploads\\\/2018\\\/02\\\/madrid.jpg\",\"datePublished\":\"2018-02-12T16:37:42+00:00\",\"dateModified\":\"2021-04-20T15:42:46+00:00\",\"description\":\"All4Camper - 10 m\u011bst, kter\u00e1 byste m\u011bli ve \u0160pan\u011blsku nav\u0161t\u00edvit\",\"breadcrumb\":{\"@id\":\"https:\\\/\\\/all4camper.com\\\/cs\\\/10-mest-ktera-byste-meli-ve-spanelsku-navstivit\\\/#breadcrumb\"},\"inLanguage\":\"cs\",\"potentialAction\":[{\"@type\":\"ReadAction\",\"target\":[\"https:\\\/\\\/all4camper.com\\\/cs\\\/10-mest-ktera-byste-meli-ve-spanelsku-navstivit\\\/\"]}]},{\"@type\":\"ImageObject\",\"inLanguage\":\"cs\",\"@id\":\"https:\\\/\\\/all4camper.com\\\/cs\\\/10-mest-ktera-byste-meli-ve-spanelsku-navstivit\\\/#primaryimage\",\"url\":\"https:\\\/\\\/all4camper.com\\\/wp-content\\\/uploads\\\/2018\\\/02\\\/madrid.jpg\",\"contentUrl\":\"https:\\\/\\\/all4camper.com\\\/wp-content\\\/uploads\\\/2018\\\/02\\\/madrid.jpg\",\"width\":640,\"height\":434},{\"@type\":\"BreadcrumbList\",\"@id\":\"https:\\\/\\\/all4camper.com\\\/cs\\\/10-mest-ktera-byste-meli-ve-spanelsku-navstivit\\\/#breadcrumb\",\"itemListElement\":[{\"@type\":\"ListItem\",\"position\":1,\"name\":\"Dom\u016f\",\"item\":\"https:\\\/\\\/all4camper.com\\\/cs\\\/\"},{\"@type\":\"ListItem\",\"position\":2,\"name\":\"\u010cten\u00ed na cesty\",\"item\":\"https:\\\/\\\/all4camper.com\\\/cs\\\/category\\\/magazin_all4camper\\\/\"},{\"@type\":\"ListItem\",\"position\":3,\"name\":\"10 m\u011bst, kter\u00e1 byste m\u011bli ve \u0160pan\u011blsku nav\u0161t\u00edvit\"}]},{\"@type\":\"WebSite\",\"@id\":\"https:\\\/\\\/all4camper.com\\\/cs\\\/#website\",\"url\":\"https:\\\/\\\/all4camper.com\\\/cs\\\/\",\"name\":\"All4Camper\",\"description\":\"Nejv\u011bt\u0161\u00ed online magaz\u00edn o kempov\u00e1n\u00ed a karavaninku. V\u00edce jak 900 \u010dl\u00e1nk\u016f pln\u00fdch rad a tip\u016f o kempech a kempov\u00e1n\u00ed.\",\"publisher\":{\"@id\":\"https:\\\/\\\/all4camper.com\\\/cs\\\/#organization\"},\"potentialAction\":[{\"@type\":\"SearchAction\",\"target\":{\"@type\":\"EntryPoint\",\"urlTemplate\":\"https:\\\/\\\/all4camper.com\\\/cs\\\/?s={search_term_string}\"},\"query-input\":{\"@type\":\"PropertyValueSpecification\",\"valueRequired\":true,\"valueName\":\"search_term_string\"}}],\"inLanguage\":\"cs\"},{\"@type\":\"Organization\",\"@id\":\"https:\\\/\\\/all4camper.com\\\/cs\\\/#organization\",\"name\":\"All4Camper - kempujeme s Kl\u00e1rou\",\"url\":\"https:\\\/\\\/all4camper.com\\\/cs\\\/\",\"logo\":{\"@type\":\"ImageObject\",\"inLanguage\":\"cs\",\"@id\":\"https:\\\/\\\/all4camper.com\\\/cs\\\/#\\\/schema\\\/logo\\\/image\\\/\",\"url\":\"https:\\\/\\\/all4camper.com\\\/wp-content\\\/uploads\\\/2018\\\/09\\\/novelogo.png\",\"contentUrl\":\"https:\\\/\\\/all4camper.com\\\/wp-content\\\/uploads\\\/2018\\\/09\\\/novelogo.png\",\"width\":1520,\"height\":600,\"caption\":\"All4Camper - kempujeme s Kl\u00e1rou\"},\"image\":{\"@id\":\"https:\\\/\\\/all4camper.com\\\/cs\\\/#\\\/schema\\\/logo\\\/image\\\/\"}},{\"@type\":\"Person\",\"@id\":\"https:\\\/\\\/all4camper.com\\\/cs\\\/#\\\/schema\\\/person\\\/4de0ea01bd6518ef95649b160a14dcf1\",\"name\":\"Davi\",\"url\":\"https:\\\/\\\/all4camper.com\\\/cs\\\/author\\\/david\\\/\"}]}<\/script>\n<!-- \/ Yoast SEO plugin. -->","yoast_head_json":{"title":"10 m\u011bst, kter\u00e1 byste m\u011bli ve \u0160pan\u011blsku nav\u0161t\u00edvit - All4Camper","description":"All4Camper - 10 m\u011bst, kter\u00e1 byste m\u011bli ve \u0160pan\u011blsku nav\u0161t\u00edvit","robots":{"index":"index","follow":"follow","max-snippet":"max-snippet:-1","max-image-preview":"max-image-preview:large","max-video-preview":"max-video-preview:-1"},"canonical":"https:\/\/all4camper.com\/cs\/10-mest-ktera-byste-meli-ve-spanelsku-navstivit\/","og_locale":"cs_CZ","og_type":"article","og_title":"10 m\u011bst, kter\u00e1 byste m\u011bli ve \u0160pan\u011blsku nav\u0161t\u00edvit - All4Camper","og_description":"All4Camper - 10 m\u011bst, kter\u00e1 byste m\u011bli ve \u0160pan\u011blsku nav\u0161t\u00edvit","og_url":"https:\/\/all4camper.com\/cs\/10-mest-ktera-byste-meli-ve-spanelsku-navstivit\/","og_site_name":"All4Camper","article_published_time":"2018-02-12T16:37:42+00:00","article_modified_time":"2021-04-20T15:42:46+00:00","og_image":[{"width":640,"height":434,"url":"https:\/\/all4camper.com\/wp-content\/uploads\/2018\/02\/madrid.jpg","type":"image\/jpeg"}],"author":"Davi","twitter_card":"summary_large_image","twitter_misc":{"Napsal(a)":"Davi","Odhadovan\u00e1 doba \u010dten\u00ed":"9 minut"},"schema":{"@context":"https:\/\/schema.org","@graph":[{"@type":"Article","@id":"https:\/\/all4camper.com\/cs\/10-mest-ktera-byste-meli-ve-spanelsku-navstivit\/#article","isPartOf":{"@id":"https:\/\/all4camper.com\/cs\/10-mest-ktera-byste-meli-ve-spanelsku-navstivit\/"},"author":{"name":"Davi","@id":"https:\/\/all4camper.com\/cs\/#\/schema\/person\/4de0ea01bd6518ef95649b160a14dcf1"},"headline":"10 m\u011bst, kter\u00e1 byste m\u011bli ve \u0160pan\u011blsku nav\u0161t\u00edvit","datePublished":"2018-02-12T16:37:42+00:00","dateModified":"2021-04-20T15:42:46+00:00","mainEntityOfPage":{"@id":"https:\/\/all4camper.com\/cs\/10-mest-ktera-byste-meli-ve-spanelsku-navstivit\/"},"wordCount":1824,"publisher":{"@id":"https:\/\/all4camper.com\/cs\/#organization"},"image":{"@id":"https:\/\/all4camper.com\/cs\/10-mest-ktera-byste-meli-ve-spanelsku-navstivit\/#primaryimage"},"thumbnailUrl":"https:\/\/all4camper.com\/wp-content\/uploads\/2018\/02\/madrid.jpg","keywords":["Ostatn\u00ed zem\u011b","Pozn\u00e1vac\u00ed dovolen\u00e1","\u0160pan\u011blsko"],"articleSection":["\u010cten\u00ed na cesty","Kempujeme a cestujeme \u0160pan\u011blsko","Ostatn\u00ed zem\u011b"],"inLanguage":"cs"},{"@type":"WebPage","@id":"https:\/\/all4camper.com\/cs\/10-mest-ktera-byste-meli-ve-spanelsku-navstivit\/","url":"https:\/\/all4camper.com\/cs\/10-mest-ktera-byste-meli-ve-spanelsku-navstivit\/","name":"10 m\u011bst, kter\u00e1 byste m\u011bli ve \u0160pan\u011blsku nav\u0161t\u00edvit - All4Camper","isPartOf":{"@id":"https:\/\/all4camper.com\/cs\/#website"},"primaryImageOfPage":{"@id":"https:\/\/all4camper.com\/cs\/10-mest-ktera-byste-meli-ve-spanelsku-navstivit\/#primaryimage"},"image":{"@id":"https:\/\/all4camper.com\/cs\/10-mest-ktera-byste-meli-ve-spanelsku-navstivit\/#primaryimage"},"thumbnailUrl":"https:\/\/all4camper.com\/wp-content\/uploads\/2018\/02\/madrid.jpg","datePublished":"2018-02-12T16:37:42+00:00","dateModified":"2021-04-20T15:42:46+00:00","description":"All4Camper - 10 m\u011bst, kter\u00e1 byste m\u011bli ve \u0160pan\u011blsku nav\u0161t\u00edvit","breadcrumb":{"@id":"https:\/\/all4camper.com\/cs\/10-mest-ktera-byste-meli-ve-spanelsku-navstivit\/#breadcrumb"},"inLanguage":"cs","potentialAction":[{"@type":"ReadAction","target":["https:\/\/all4camper.com\/cs\/10-mest-ktera-byste-meli-ve-spanelsku-navstivit\/"]}]},{"@type":"ImageObject","inLanguage":"cs","@id":"https:\/\/all4camper.com\/cs\/10-mest-ktera-byste-meli-ve-spanelsku-navstivit\/#primaryimage","url":"https:\/\/all4camper.com\/wp-content\/uploads\/2018\/02\/madrid.jpg","contentUrl":"https:\/\/all4camper.com\/wp-content\/uploads\/2018\/02\/madrid.jpg","width":640,"height":434},{"@type":"BreadcrumbList","@id":"https:\/\/all4camper.com\/cs\/10-mest-ktera-byste-meli-ve-spanelsku-navstivit\/#breadcrumb","itemListElement":[{"@type":"ListItem","position":1,"name":"Dom\u016f","item":"https:\/\/all4camper.com\/cs\/"},{"@type":"ListItem","position":2,"name":"\u010cten\u00ed na cesty","item":"https:\/\/all4camper.com\/cs\/category\/magazin_all4camper\/"},{"@type":"ListItem","position":3,"name":"10 m\u011bst, kter\u00e1 byste m\u011bli ve \u0160pan\u011blsku nav\u0161t\u00edvit"}]},{"@type":"WebSite","@id":"https:\/\/all4camper.com\/cs\/#website","url":"https:\/\/all4camper.com\/cs\/","name":"All4Camper","description":"Nejv\u011bt\u0161\u00ed online magaz\u00edn o kempov\u00e1n\u00ed a karavaninku. V\u00edce jak 900 \u010dl\u00e1nk\u016f pln\u00fdch rad a tip\u016f o kempech a kempov\u00e1n\u00ed.","publisher":{"@id":"https:\/\/all4camper.com\/cs\/#organization"},"potentialAction":[{"@type":"SearchAction","target":{"@type":"EntryPoint","urlTemplate":"https:\/\/all4camper.com\/cs\/?s={search_term_string}"},"query-input":{"@type":"PropertyValueSpecification","valueRequired":true,"valueName":"search_term_string"}}],"inLanguage":"cs"},{"@type":"Organization","@id":"https:\/\/all4camper.com\/cs\/#organization","name":"All4Camper - kempujeme s Kl\u00e1rou","url":"https:\/\/all4camper.com\/cs\/","logo":{"@type":"ImageObject","inLanguage":"cs","@id":"https:\/\/all4camper.com\/cs\/#\/schema\/logo\/image\/","url":"https:\/\/all4camper.com\/wp-content\/uploads\/2018\/09\/novelogo.png","contentUrl":"https:\/\/all4camper.com\/wp-content\/uploads\/2018\/09\/novelogo.png","width":1520,"height":600,"caption":"All4Camper - kempujeme s Kl\u00e1rou"},"image":{"@id":"https:\/\/all4camper.com\/cs\/#\/schema\/logo\/image\/"}},{"@type":"Person","@id":"https:\/\/all4camper.com\/cs\/#\/schema\/person\/4de0ea01bd6518ef95649b160a14dcf1","name":"Davi","url":"https:\/\/all4camper.com\/cs\/author\/david\/"}]}},"_links":{"self":[{"href":"https:\/\/all4camper.com\/cs\/wp-json\/wp\/v2\/posts\/12627","targetHints":{"allow":["GET"]}}],"collection":[{"href":"https:\/\/all4camper.com\/cs\/wp-json\/wp\/v2\/posts"}],"about":[{"href":"https:\/\/all4camper.com\/cs\/wp-json\/wp\/v2\/types\/post"}],"author":[{"embeddable":true,"href":"https:\/\/all4camper.com\/cs\/wp-json\/wp\/v2\/users\/1"}],"replies":[{"embeddable":true,"href":"https:\/\/all4camper.com\/cs\/wp-json\/wp\/v2\/comments?post=12627"}],"version-history":[{"count":0,"href":"https:\/\/all4camper.com\/cs\/wp-json\/wp\/v2\/posts\/12627\/revisions"}],"wp:featuredmedia":[{"embeddable":true,"href":"https:\/\/all4camper.com\/cs\/wp-json\/wp\/v2\/media\/12632"}],"wp:attachment":[{"href":"https:\/\/all4camper.com\/cs\/wp-json\/wp\/v2\/media?parent=12627"}],"wp:term":[{"taxonomy":"category","embeddable":true,"href":"https:\/\/all4camper.com\/cs\/wp-json\/wp\/v2\/categories?post=12627"},{"taxonomy":"post_tag","embeddable":true,"href":"https:\/\/all4camper.com\/cs\/wp-json\/wp\/v2\/tags?post=12627"}],"curies":[{"name":"wp","href":"https:\/\/api.w.org\/{rel}","templated":true}]}}