{"id":12594,"date":"2019-02-12T15:55:00","date_gmt":"2019-02-12T14:55:00","guid":{"rendered":"http:\/\/all4camper.com\/cz\/?p=12594"},"modified":"2020-04-21T12:48:57","modified_gmt":"2020-04-21T10:48:57","slug":"fkk-kempovani-natur-kempovani-v-evrope","status":"publish","type":"post","link":"https:\/\/all4camper.com\/cs\/fkk-kempovani-natur-kempovani-v-evrope\/","title":{"rendered":"FKK kempov\u00e1n\u00ed &#8211; Naturistick\u00e9 kempy v Evrop\u011b"},"content":{"rendered":"\n<h4 class=\"wp-block-heading\">FKK kempov\u00e1n\u00ed je \u017eivotn\u00ed styl, kter\u00fd nemus\u00ed vyhovovat ka\u017ed\u00e9mu, ale rozhodn\u011b m\u00e1 hodn\u011b co do sebe. P\u0159\u00edznivci naturismu velice \u010dasto \u0159\u00edkaj\u00ed, \u017ee &#8222;nejpohodln\u011bj\u0161\u00ed oble\u010den\u00ed, je \u017e\u00e1dn\u00e9 oble\u010den\u00ed&#8220;, nebo &#8222;\u010d\u00edm m\u00e9n\u011b oble\u010den\u00ed, t\u00edm v\u00edce volnosti&#8220;. A ruku na srdce &#8211; kdo z v\u00e1s by s t\u00edmto tvrzen\u00edm nesouhlasil. Tak\u017ee jak je to s t\u00edmto druhem kempov\u00e1n\u00ed v Evrop\u011b a kde m\u016f\u017eete naj\u00edt tipy na naturistick\u00e9 kempy?<\/h4>\n\n\n\n<figure class=\"wp-block-image size-large\"><img loading=\"lazy\" decoding=\"async\" width=\"1280\" height=\"960\" src=\"https:\/\/all4camper.com\/\/wp-content\/uploads\/2019\/12\/cuba-1978651_1280.jpg\" alt=\"\" class=\"wp-image-84080\" srcset=\"https:\/\/all4camper.com\/wp-content\/uploads\/2019\/12\/cuba-1978651_1280.jpg 1280w, https:\/\/all4camper.com\/wp-content\/uploads\/2019\/12\/cuba-1978651_1280-300x225.jpg 300w, https:\/\/all4camper.com\/wp-content\/uploads\/2019\/12\/cuba-1978651_1280-150x113.jpg 150w, https:\/\/all4camper.com\/wp-content\/uploads\/2019\/12\/cuba-1978651_1280-768x576.jpg 768w, https:\/\/all4camper.com\/wp-content\/uploads\/2019\/12\/cuba-1978651_1280-678x509.jpg 678w, https:\/\/all4camper.com\/wp-content\/uploads\/2019\/12\/cuba-1978651_1280-326x245.jpg 326w, https:\/\/all4camper.com\/wp-content\/uploads\/2019\/12\/cuba-1978651_1280-80x60.jpg 80w\" sizes=\"auto, (max-width: 1280px) 100vw, 1280px\" \/><\/figure>\n\n\n\n<p>Dle ADAC je\u00a0<strong>v Evrop\u011b neuv\u011b\u0159iteln\u00fdch 5400 m\u00edst\u00a0<\/strong>ur\u010den\u00fdch pro tento druh dovolen\u00e9, p\u0159i\u010dem\u017e <strong>nejvy\u0161\u0161\u00ed po\u010det FKK kemp\u016f naleznete v N\u011bmecku<\/strong>. Ostatn\u011b jak jinak, nebo\u0165 N\u011bmecko je zn\u00e1mo sv\u00fdm velice pozitivn\u00edm p\u0159\u00edstupem k naturismu. Dal\u0161\u00edmi zem\u011bmi, kde je naturismus podporov\u00e1n jsou Ma\u010farsko, \u0160pan\u011blsko, Nizozemsko, \u0160v\u00e9dsko, Rakousko, Chorvatsko a Francie. FKK kempy naleznete\u00a0tak\u00e9 v \u0158ecku, Polsku \u010di It\u00e1lii, ale mus\u00edte m\u00edt na pam\u011bti, \u017ee tyto zem\u011b maj\u00ed konzervativn\u011bj\u0161\u00ed p\u0159\u00edstup k naturismu a ofici\u00e1ln\u011b tam nen\u00ed nijak podporov\u00e1n. Mimochodem, v\u011bd\u011bli jste, \u017ee nudismus se roz\u0161\u00ed\u0159il nejprve ve Francii a \u0160pan\u011blsku a a\u017e pot\u00e9 se pomalu za\u010dal roz\u0161i\u0159ovat do ostatn\u00edch zem\u00ed a v \u010cR byl do roku 1989 trestn\u00fd?<\/p>\n\n\n\n<h4 class=\"wp-block-heading\">N\u011bmecko<\/h4>\n\n\n\n<p>Nejv\u00edce p\u0159\u00edle\u017eitost\u00ed pro Va\u0161e FKK nebo-li natur kempov\u00e1n\u00ed je pr\u00e1v\u011b v t\u00e9to zemi. A to zejm\u00e9na u Baltsk\u00e9ho mo\u0159e a \u010cern\u00e9ho lesa.\u00a0Mezi Gl\u00fccksburgem, Flensburgem a Heringsdorfem je mo\u017en\u00e9 vyu\u017e\u00edt a\u017e 50 pl\u00e1\u017e\u00ed. Jeden z nejv\u011bt\u0161\u00edch FKK kemp\u016f je\u00a0<a rel=\"noreferrer noopener\" aria-label=\" (opens in a new tab)\" href=\"http:\/\/www.fkk-camping-ostsee.de\/\" target=\"_blank\">camping-ostsee.de<\/a>o rozloze cca 30 ha. Najdete jej v t\u011bsn\u00e9 bl\u00edzkosti mo\u0159e (pob\u0159e\u017e\u00ed \u0160lesvicko-Hol\u0161t\u00fdnsko). Chcete-li si zajet na Ruj\u00e1nu, tak zde naleznete 4 km dlouhou p\u00edse\u010dnou nudistickou pl\u00e1\u017e\u00a0G\u00f6hren. Na jej\u00edm v\u00fdchodn\u00edm c\u00edpu naleznete dal\u0161\u00ed takov\u00fd kemp jmenuj\u00edc\u00ed se <a rel=\"noreferrer noopener\" aria-label=\" (opens in a new tab)\" href=\"https:\/\/www.regenbogen.ag\/ferienanlagen\/goehren.html\" target=\"_blank\">Regenbogen Camp G\u00f6hren<\/a>.<\/p>\n\n\n\n<p><strong>Kde je mo\u017en\u00e9 vyhledat FKK kempy v N\u011bmecku:<\/strong><\/p>\n\n\n\n<ul class=\"wp-block-list\"><li><a rel=\"noreferrer noopener\" href=\"https:\/\/camping-seiten.de\/campingplatzsuche\/fkk-camping\/\" target=\"_blank\">camping-seiten.de<\/a><\/li><li><a rel=\"noreferrer noopener\" aria-label=\"http:\/\/www.seen.de\/ratgeber\/fkk-seen-und-fkk-straende-in-deutschland.html (opens in a new tab)\" href=\"http:\/\/www.seen.de\/ratgeber\/fkk-seen-und-fkk-straende-in-deutschland.html\" target=\"_blank\">seen.de<\/a><\/li><li><a rel=\"noreferrer noopener\" aria-label=\" (opens in a new tab)\" href=\"http:\/\/www.fkk-camping.de\/pages\/adressen.html\" target=\"_blank\">fkk-camping.de<\/a><\/li><\/ul>\n\n\n\n<h4 class=\"wp-block-heading\">Nizozemsko<\/h4>\n\n\n\n<p>(<a href=\"http:\/\/cestovani.idnes.cz\/holandsko-ci-nizozemi-kam-to-vlastne-jedete-fem-\/kolem-sveta.aspx?c=2000M030C07A\" target=\"_blank\" rel=\"noopener noreferrer\">Nizozem\u00ed, Nizozemsko a Holandsko &#8211; jak to je?<\/a>)<\/p>\n\n\n\n<p>O n\u011bm se \u0159\u00edk\u00e1, \u017ee je to zem\u011b nudist\u016fm zasl\u00edben\u00e1. Z toho d\u016fvodu nemus\u00edte vyhled\u00e1vat pouze FKK kempy, ale de facto se m\u016f\u017eete bez plavek slunit kdekoliv. Pokud se v\u00e1m zachce kempovat p\u0159\u00edmo v FKK kempu, m\u016f\u017eete vyu\u017e\u00edt nab\u00eddky kempu\u00a0&#8222;<a href=\"https:\/\/www.flevonatuur.nl\/\" target=\"_blank\" rel=\"noreferrer noopener\" aria-label=\" (opens in a new tab)\">Flevo Natuur<\/a>&#8222;, kter\u00fd je mj. zam\u011b\u0159en na z\u00e1bavn\u00e9 rodinn\u00e9 dovolen\u00e9 s d\u011btmi. K dispozici je baz\u00e9n, d\u011btsk\u00e1 farma s ovcemi, kozami atp., kanoistika \u010di z\u00e1zem\u00ed pro venkovn\u00ed sportovn\u00ed hry.<\/p>\n\n\n\n<p><strong>Kde je mo\u017en\u00e9 vyhledat FKK kempy v Nizozem\u00ed:<\/strong><\/p>\n\n\n\n<ul class=\"wp-block-list\"><li><a rel=\"noreferrer noopener\" aria-label=\"https:\/\/www.naturismegids.nl\/nl\/naturisten-vakantie\/1\/camping\/nederland.html (opens in a new tab)\" href=\"https:\/\/www.naturismegids.nl\/nl\/naturisten-vakantie\/1\/camping\/nederland.html\" target=\"_blank\">naturismegids.nl<\/a><\/li><\/ul>\n\n\n\n<h4 class=\"wp-block-heading\"><strong>Rakousko<\/strong><\/h4>\n\n\n\n<p>Mo\u017en\u00e1 ne ka\u017ed\u00fd, kdo se intenzivn\u011b zaj\u00edm\u00e1 o naturismus v\u00ed, \u017ee i v Rakousku jsou velice dobr\u00e9 podm\u00ednky pro tento druh dovolen\u00e9. V\u00fdhodou je, \u017ee Rakousko nen\u00ed daleko a jeho kr\u00e1sn\u00e9 Alpy, stejn\u011b jako jezera, v\u00e1s prost\u011b v\u017edy uchv\u00e1t\u00ed. A to nejlep\u0161\u00ed je, \u017ee i v tomto prost\u0159ed\u00ed m\u016f\u017eete odlo\u017eit sv\u00e9 oble\u010den\u00ed a u\u017e\u00edt si svou FKK dovolenou v p\u011bkn\u00e9m kempu.<\/p>\n\n\n\n<p><strong>Rakousk\u00e9 Korutany<\/strong><\/p>\n\n\n\n<p>Tak zde m\u016f\u017eete nav\u0161t\u00edvit hned n\u011bkolik kemp\u016f. Doporu\u010dovan\u00fd je\u00a0<a rel=\"noreferrer noopener\" aria-label=\" (opens in a new tab)\" href=\"http:\/\/www.tigring.at\/\" target=\"_blank\">tigring.at<\/a> ve kter\u00e9m si m\u016f\u017eete krom\u011b koup\u00e1n\u00ed i zaryba\u0159it. Kemp nab\u00edz\u00ed i dal\u0161\u00ed volno\u010dasov\u00e9 aktivity, tak\u017ee byste se v n\u011bm nem\u011bli nudit.<\/p>\n\n\n\n<p>Dal\u0161\u00edm kr\u00e1sn\u00fdm kempem i s baz\u00e9nem a r\u016fzn\u00fdmi aktivitami je\u00a0<a rel=\"noopener noreferrer\" href=\"http:\/\/www.rutarlido.at\/\" target=\"_blank\">rutarlido.at<\/a>\u00a0(velice hezkou recenzi na tento kemp si m\u016f\u017eete v \u010dj p\u0159e\u010d\u00edst\u00a0<a href=\"http:\/\/naturista.cz\/drupal\/rutar_lido_korutany_rakousko_ocima_nasi_male_rebecky\" target=\"_blank\" rel=\"noreferrer noopener\" aria-label=\" (opens in a new tab)\">zde<\/a>). Nesm\u00edm zapomenout ani na\u00a0<a rel=\"noopener noreferrer\" href=\"http:\/\/www.klb.at\/cms\/\" target=\"_blank\">klb.at<\/a>, je\u017e le\u017e\u00ed p\u0159\u00edmo u n\u00e1dhern\u00e9ho jezera\u00a0Keutschacher See a nach\u00e1z\u00ed se pouh\u00fdch 8 km od\u00a0W\u00f6rtersee (5. nejv\u011bt\u0161\u00ed jezero v Rakousku). No a kdy\u017e u\u017e jsme u mo\u017enost\u00ed FKK kempov\u00e1n\u00ed u\u00a0Keutschacher, m\u016f\u017eete vyzkou\u0161et i\u00a0<a rel=\"noopener noreferrer\" href=\"http:\/\/fkk-camping.at\/\" target=\"_blank\">fkk-camping.at<\/a>. Malou nab\u00eddku FKK kemp\u016f zakon\u010d\u00edm kempem\u00a0<a rel=\"noopener noreferrer\" href=\"http:\/\/www.helio-carinthia.at\/\" target=\"_blank\">Helio-Carinthia<\/a>, kter\u00fd pr\u00fd le\u017e\u00ed vysoko v hor\u00e1ch a je pova\u017eov\u00e1n za vysokohorsk\u00fd naturistick\u00fd r\u00e1j.<\/p>\n\n\n\n<p><strong>Kde je mo\u017en\u00e9 vyhledat FKK kempy v Rakousku:<\/strong><\/p>\n\n\n\n<ul class=\"wp-block-list\"><li><a rel=\"noreferrer noopener\" aria-label=\"http:\/\/www.campingo.co.uk\/naturist-camping-austria (opens in a new tab)\" href=\"http:\/\/www.campingo.co.uk\/naturist-camping-austria\" target=\"_blank\">campingo.co.uk<\/a><\/li><li><a rel=\"noreferrer noopener\" aria-label=\"http:\/\/www.naturistguide.eu\/e\/naturist-holidays\/18\/campsite\/austria.html (opens in a new tab)\" href=\"http:\/\/www.naturistguide.eu\/e\/naturist-holidays\/18\/campsite\/austria.html\" target=\"_blank\">naturistguide.eu<\/a><\/li><li><a rel=\"noreferrer noopener\" aria-label=\"http:\/\/www.naturistdirectory.com\/Austria (opens in a new tab)\" href=\"http:\/\/www.naturistdirectory.com\/Austria\" target=\"_blank\">naturistdirectory.com<\/a><\/li><\/ul>\n\n\n\n<h4 class=\"wp-block-heading\">Francie<\/h4>\n\n\n\n<p>Jak jsem ji\u017e psala v\u00fd\u0161e, Francie se \u0159ad\u00ed mezi pr\u016fkopn\u00edky naturismu. D\u00edky tomu m\u016f\u017eete ve Francii nal\u00e9zt opravdu velk\u00e9 mno\u017estv\u00ed FKK kemp\u016f v r\u016fzn\u00fdch cenov\u00fdch hladin\u00e1ch. Snad nejzn\u00e1m\u011bj\u0161\u00ed francouzsk\u00e1 destinace pro FKK kempov\u00e1n\u00ed je Korsika. Mimochodem, v\u011bd\u011bli jste, \u017ee ve Francii jsou i FKK hotely?<\/p>\n\n\n\n<p>Pokud z\u016fstanu u Korsiky, tak doporu\u010dovan\u00fd, a z\u00e1rove\u0148 opravdu velik\u00fd, je kemp\u00a0<a rel=\"noopener noreferrer\" href=\"http:\/\/www.naturisme-rivabella.com\/de\/\" target=\"_blank\">Riva Bello<\/a>. Posuneme-li se sm\u011brem k Ataltiku, m\u016f\u017eete nav\u0161t\u00edvit kemp <a rel=\"noopener noreferrer\" href=\"http:\/\/www.euronat.fr\/de\/\" target=\"_blank\">Euronat<\/a>, kter\u00fd m\u00e1 dokonce i baz\u00e9n se slanou vodou o teplot\u011b 31\u00b0C. Kemp\u016f v t\u00e9to zemi je prost\u011b nespo\u010det a je jen na V\u00e1s, kter\u00fd z nich si vyberete.<\/p>\n\n\n\n<p><strong>Kde je mo\u017en\u00e9 vyhledat FKK kempy ve Francii:<\/strong><\/p>\n\n\n\n<ul class=\"wp-block-list\"><li><a rel=\"noreferrer noopener\" aria-label=\"http:\/\/en.naturisme.fr\/ (opens in a new tab)\" href=\"http:\/\/en.naturisme.fr\/\" target=\"_blank\">en.naturisme.fr<\/a><\/li><li><a rel=\"noreferrer noopener\" aria-label=\"http:\/\/users.skynet.be\/bk330534\/Naturist_camping_France_E.html (opens in a new tab)\" href=\"http:\/\/users.skynet.be\/bk330534\/Naturist_camping_France_E.html\" target=\"_blank\">users.skynet.be<\/a><\/li><li><a rel=\"noreferrer noopener\" aria-label=\"http:\/\/en.france4naturisme.com\/ (opens in a new tab)\" href=\"http:\/\/en.france4naturisme.com\/\" target=\"_blank\">en.france4naturisme.com<\/a><\/li><li><a rel=\"noreferrer noopener\" aria-label=\"http:\/\/www.ukcampsite.co.uk\/articles\/view.asp?id=303 (opens in a new tab)\" href=\"http:\/\/www.ukcampsite.co.uk\/articles\/view.asp?id=303\" target=\"_blank\">ukcampsite.co.uk<\/a><\/li><\/ul>\n\n\n\n<h4 class=\"wp-block-heading\">Chrovatsko<\/h4>\n\n\n\n<p>Nen\u00ed naturisty, kter\u00fd by zde nebyl. Ano, Chorvatsko je hodn\u011b nav\u0161t\u011bvovan\u00e9 na\u0161imi spoluob\u010dany a v p\u0159\u00edpad\u011b naturismu to plat\u00ed dvojn\u00e1sob. V\u011bd\u011bli jste, \u017ee v roce 1936 byla otev\u0159ena prvn\u00ed nudistick\u00e1 pl\u00e1\u017e na ostrov\u011b Rab?<\/p>\n\n\n\n<p><strong>A kde je mo\u017en\u00e9 vyhledat naturistick\u00e9 kempy v Chorvatsku<\/strong><\/p>\n\n\n\n<ul class=\"wp-block-list\"><li><a rel=\"noreferrer noopener\" aria-label=\"http:\/\/www.camping.hr\/camping-croatia\/naturist-camps (opens in a new tab)\" href=\"http:\/\/www.camping.hr\/camping-croatia\/naturist-camps\" target=\"_blank\">camping.hr<\/a><\/li><li><a rel=\"noreferrer noopener\" aria-label=\"http:\/\/www.uniline.hr\/croatia\/fkk.php (opens in a new tab)\" href=\"http:\/\/www.uniline.hr\/croatia\/fkk.php\" target=\"_blank\">uniline.hr<\/a><\/li><li><a rel=\"noreferrer noopener\" aria-label=\"http:\/\/www.croatiatraveller.com\/camping\/Naturist.html (opens in a new tab)\" href=\"http:\/\/www.croatiatraveller.com\/camping\/Naturist.html\" target=\"_blank\">croatiatraveller.com<\/a><\/li><li><a rel=\"noreferrer noopener\" aria-label=\"https:\/\/adriacamps.com\/en\/camping-interes\/naturist-campsites\/ (opens in a new tab)\" href=\"https:\/\/adriacamps.com\/en\/camping-interes\/naturist-campsites\/\" target=\"_blank\">adriacamps.com<\/a><\/li><\/ul>\n\n\n\n<h4 class=\"wp-block-heading\">It\u00e1lie<\/h4>\n\n\n\n<p>Bohu\u017eel, p\u0159esto\u017ee je It\u00e1lie kr\u00e1sn\u00e1, naturismu moc nep\u0159eje. Italov\u00e9 jsou sami o sob\u011b dost stydliv\u00ed a konzervativn\u00ed. D\u00edky tomu nen\u00ed jednoduch\u00e9 naj\u00edt v It\u00e1lii ofici\u00e1ln\u00ed cestou FKK kemp. Samoz\u0159ejm\u011b tam jsou, ale zjistit detailn\u011bj\u0161\u00ed informace o nich je opravdu o\u0159\u00ed\u0161ek. Mus\u00edte prost\u011b &#8222;googlit&#8220; a &#8222;googlit&#8220; a p\u0159ekl\u00e1dat a p\u0159ekl\u00e1dat. Nicm\u00e9n\u011b nemo\u017en\u00e9 to nen\u00ed, a to d\u00edky n\u00ed\u017ee uveden\u00fdm odkaz\u016fm<\/p>\n\n\n\n<ul class=\"wp-block-list\"><li><a rel=\"noreferrer noopener\" aria-label=\"http:\/\/www.naturistguide.eu\/e\/naturist-holidays\/16\/campsite\/italy.html (opens in a new tab)\" href=\"http:\/\/www.naturistguide.eu\/e\/naturist-holidays\/16\/campsite\/italy.html\" target=\"_blank\">naturistguide.eu<\/a><\/li><li><a rel=\"noreferrer noopener\" aria-label=\"http:\/\/www.campingo.co.uk\/naturist-camping-italy (opens in a new tab)\" href=\"http:\/\/www.campingo.co.uk\/naturist-camping-italy\" target=\"_blank\">campingo.co.uk<\/a><\/li><li><a rel=\"noreferrer noopener\" aria-label=\"http:\/\/www.campingitalien.org\/fkk-camping-italien.htm (opens in a new tab)\" href=\"http:\/\/www.campingitalien.org\/fkk-camping-italien.htm\" target=\"_blank\">campingitalien.org<\/a><\/li><\/ul>\n\n\n\n<h4 class=\"wp-block-heading\">Ma\u010farsko<\/h4>\n\n\n\n<p>O n\u011bm se \u0159\u00edk\u00e1, \u017ee je \u010desk\u00fdmi naturisty je\u0161t\u011b po\u0159\u00e1d zem\u00ed nepoznanou. Ka\u017edop\u00e1dn\u011b ale i v Ma\u010farsku m\u00e1 naturismus sv\u00e9 zastoupen\u00ed a rozhodnete-li se pro n\u011bj, tak p\u0159\u00edjemn\u00e1 dovolen\u00e1 v\u00e1s rozhodn\u011b nemine. A co l\u00e9pe &#8211; pr\u00fd se v Ma\u010farsk\u00fdch kempech skoro nekrade. No, je to na va\u0161em posouzen\u00ed, ale \u0159\u00edk\u00e1 se to :-).<\/p>\n\n\n\n<p>Po\u010det naturistick\u00fdch kemp\u016f v Ma\u010farsku nen\u00ed vysok\u00fd, ale jsou tam. Jedn\u00e1 se ale p\u0159ev\u00e1\u017en\u011b o opravdu mal\u00e9 kempy. V p\u0159\u00edpad\u011b Ma\u010farska nebudu zbyte\u010dn\u011b vyhled\u00e1vat na zahrani\u010dn\u00edch webech (v n\u00e1vaznosti na mal\u00e9m po\u010dtu t\u011bchto kemp\u016f) a rovnou sem d\u00e1v\u00e1m odkaz na hezk\u00fd popis naturismu v Ma\u010farsku z \u010desk\u00e9ho webu\u00a0<a rel=\"noopener noreferrer\" href=\"http:\/\/naturista.cz\/drupal\/madarsko_krizem_krazem\" target=\"_blank\">zde<\/a>.<\/p>\n\n\n\n<h4 class=\"wp-block-heading\">\u0160pan\u011blsko<\/h4>\n\n\n\n<p>P\u0159esto, \u017ee je \u0160pan\u011blsko siln\u011b katolickou zem\u00ed, je spole\u010dn\u011b s Franci\u00ed pr\u016fkopn\u00edkem naturismu. Z toho d\u016fvodu je v n\u011bm ofici\u00e1ln\u011b dovoleno se koupat bez plavek a bere se to jako &#8222;va\u0161e pr\u00e1vo&#8220;. Po\u010det naturistick\u00fdch kemp\u016f je p\u0159im\u011b\u0159en\u00fd a naleznete je na:<\/p>\n\n\n\n<ul class=\"wp-block-list\"><li><a rel=\"noreferrer noopener\" aria-label=\"http:\/\/www.campsitefinderonline.com\/campsites.php\/spain (opens in a new tab)\" href=\"http:\/\/www.campsitefinderonline.com\/campsites.php\/spain\" target=\"_blank\">campsitefinderonline.com<\/a><\/li><li><a rel=\"noreferrer noopener\" aria-label=\"http:\/\/www.camping-spain.net\/naturist-holidays-spain.htm (opens in a new tab)\" href=\"http:\/\/www.camping-spain.net\/naturist-holidays-spain.htm\" target=\"_blank\">camping-spain.net<\/a><\/li><li><a rel=\"noreferrer noopener\" aria-label=\"http:\/\/www.naturistguide.eu\/e\/naturist-holidays\/6\/campsite\/spain.html (opens in a new tab)\" href=\"http:\/\/www.naturistguide.eu\/e\/naturist-holidays\/6\/campsite\/spain.html\" target=\"_blank\">naturistguide.eu<\/a><\/li><\/ul>\n\n\n\n<p><\/p>\n","protected":false},"excerpt":{"rendered":"<p>FKK kempov\u00e1n\u00ed je \u017eivotn\u00ed styl, kter\u00fd nemus\u00ed vyhovovat ka\u017ed\u00e9mu, ale rozhodn\u011b m\u00e1 hodn\u011b co do sebe. P\u0159\u00edznivci naturismu velice \u010dasto \u0159\u00edkaj\u00ed, \u017ee &#8222;nejpohodln\u011bj\u0161\u00ed oble\u010den\u00ed, je \u017e\u00e1dn\u00e9 oble\u010den\u00ed&#8220;, nebo &#8222;\u010d\u00edm m\u00e9n\u011b oble\u010den\u00ed, t\u00edm v\u00edce volnosti&#8220;. A ruku na srdce &#8211; kdo z v\u00e1s by s t\u00edmto tvrzen\u00edm nesouhlasil. Tak\u017ee jak je to s t\u00edmto druhem kempov\u00e1n\u00ed [&hellip;]<\/p>\n","protected":false},"author":1,"featured_media":84069,"comment_status":"open","ping_status":"open","sticky":false,"template":"","format":"standard","meta":{"_monsterinsights_skip_tracking":false,"_monsterinsights_sitenote_active":false,"_monsterinsights_sitenote_note":"","_monsterinsights_sitenote_category":0,"footnotes":""},"categories":[68],"tags":[84,101],"class_list":{"0":"post-12594","1":"post","2":"type-post","3":"status-publish","4":"format-standard","5":"has-post-thumbnail","7":"category-kempovani-a-zajimave-cile","8":"tag-fkk","9":"tag-kempy-1"},"yoast_head":"<!-- This site is optimized with the Yoast SEO plugin v27.5 - https:\/\/yoast.com\/product\/yoast-seo-wordpress\/ -->\n<title>FKK kempov\u00e1n\u00ed - Naturistick\u00e9 kempy v Evrop\u011b - All4Camper<\/title>\n<meta name=\"description\" content=\"All4Camper - FKK kempov\u00e1n\u00ed - Naturistick\u00e9 kempy v Evrop\u011b\" \/>\n<meta name=\"robots\" content=\"index, follow, max-snippet:-1, max-image-preview:large, max-video-preview:-1\" \/>\n<link rel=\"canonical\" href=\"https:\/\/all4camper.com\/cs\/fkk-kempovani-natur-kempovani-v-evrope\/\" \/>\n<meta property=\"og:locale\" content=\"cs_CZ\" \/>\n<meta property=\"og:type\" content=\"article\" \/>\n<meta property=\"og:title\" content=\"FKK kempov\u00e1n\u00ed - Naturistick\u00e9 kempy v Evrop\u011b - All4Camper\" \/>\n<meta property=\"og:description\" content=\"All4Camper - FKK kempov\u00e1n\u00ed - Naturistick\u00e9 kempy v Evrop\u011b\" \/>\n<meta property=\"og:url\" content=\"https:\/\/all4camper.com\/cs\/fkk-kempovani-natur-kempovani-v-evrope\/\" \/>\n<meta property=\"og:site_name\" content=\"All4Camper\" \/>\n<meta property=\"article:published_time\" content=\"2019-02-12T14:55:00+00:00\" \/>\n<meta property=\"article:modified_time\" content=\"2020-04-21T10:48:57+00:00\" \/>\n<meta property=\"og:image\" content=\"https:\/\/all4camper.com\/\/wp-content\/uploads\/2018\/02\/naturistick\u00e9-kempy_FB.png\" \/>\n<meta name=\"author\" content=\"Davi\" \/>\n<meta name=\"twitter:card\" content=\"summary_large_image\" \/>\n<meta name=\"twitter:label1\" content=\"Napsal(a)\" \/>\n\t<meta name=\"twitter:data1\" content=\"Davi\" \/>\n\t<meta name=\"twitter:label2\" content=\"Odhadovan\u00e1 doba \u010dten\u00ed\" \/>\n\t<meta name=\"twitter:data2\" content=\"6 minut\" \/>\n<script type=\"application\/ld+json\" class=\"yoast-schema-graph\">{\"@context\":\"https:\\\/\\\/schema.org\",\"@graph\":[{\"@type\":\"Article\",\"@id\":\"https:\\\/\\\/all4camper.com\\\/cs\\\/fkk-kempovani-natur-kempovani-v-evrope\\\/#article\",\"isPartOf\":{\"@id\":\"https:\\\/\\\/all4camper.com\\\/cs\\\/fkk-kempovani-natur-kempovani-v-evrope\\\/\"},\"author\":{\"name\":\"Davi\",\"@id\":\"https:\\\/\\\/all4camper.com\\\/cs\\\/#\\\/schema\\\/person\\\/4de0ea01bd6518ef95649b160a14dcf1\"},\"headline\":\"FKK kempov\u00e1n\u00ed &#8211; Naturistick\u00e9 kempy v Evrop\u011b\",\"datePublished\":\"2019-02-12T14:55:00+00:00\",\"dateModified\":\"2020-04-21T10:48:57+00:00\",\"mainEntityOfPage\":{\"@id\":\"https:\\\/\\\/all4camper.com\\\/cs\\\/fkk-kempovani-natur-kempovani-v-evrope\\\/\"},\"wordCount\":1222,\"commentCount\":0,\"publisher\":{\"@id\":\"https:\\\/\\\/all4camper.com\\\/cs\\\/#organization\"},\"image\":{\"@id\":\"https:\\\/\\\/all4camper.com\\\/cs\\\/fkk-kempovani-natur-kempovani-v-evrope\\\/#primaryimage\"},\"thumbnailUrl\":\"https:\\\/\\\/all4camper.com\\\/wp-content\\\/uploads\\\/2018\\\/02\\\/naturistick\u00e9-kempy.png\",\"keywords\":[\"FKK\",\"Kempy a kempovac\u00ed m\u00edsta\"],\"articleSection\":[\"Kempy a zaj\u00edmav\u00e1 m\u00edsta\"],\"inLanguage\":\"cs\",\"potentialAction\":[{\"@type\":\"CommentAction\",\"name\":\"Comment\",\"target\":[\"https:\\\/\\\/all4camper.com\\\/cs\\\/fkk-kempovani-natur-kempovani-v-evrope\\\/#respond\"]}]},{\"@type\":\"WebPage\",\"@id\":\"https:\\\/\\\/all4camper.com\\\/cs\\\/fkk-kempovani-natur-kempovani-v-evrope\\\/\",\"url\":\"https:\\\/\\\/all4camper.com\\\/cs\\\/fkk-kempovani-natur-kempovani-v-evrope\\\/\",\"name\":\"FKK kempov\u00e1n\u00ed - Naturistick\u00e9 kempy v Evrop\u011b - All4Camper\",\"isPartOf\":{\"@id\":\"https:\\\/\\\/all4camper.com\\\/cs\\\/#website\"},\"primaryImageOfPage\":{\"@id\":\"https:\\\/\\\/all4camper.com\\\/cs\\\/fkk-kempovani-natur-kempovani-v-evrope\\\/#primaryimage\"},\"image\":{\"@id\":\"https:\\\/\\\/all4camper.com\\\/cs\\\/fkk-kempovani-natur-kempovani-v-evrope\\\/#primaryimage\"},\"thumbnailUrl\":\"https:\\\/\\\/all4camper.com\\\/wp-content\\\/uploads\\\/2018\\\/02\\\/naturistick\u00e9-kempy.png\",\"datePublished\":\"2019-02-12T14:55:00+00:00\",\"dateModified\":\"2020-04-21T10:48:57+00:00\",\"description\":\"All4Camper - FKK kempov\u00e1n\u00ed - Naturistick\u00e9 kempy v Evrop\u011b\",\"breadcrumb\":{\"@id\":\"https:\\\/\\\/all4camper.com\\\/cs\\\/fkk-kempovani-natur-kempovani-v-evrope\\\/#breadcrumb\"},\"inLanguage\":\"cs\",\"potentialAction\":[{\"@type\":\"ReadAction\",\"target\":[\"https:\\\/\\\/all4camper.com\\\/cs\\\/fkk-kempovani-natur-kempovani-v-evrope\\\/\"]}]},{\"@type\":\"ImageObject\",\"inLanguage\":\"cs\",\"@id\":\"https:\\\/\\\/all4camper.com\\\/cs\\\/fkk-kempovani-natur-kempovani-v-evrope\\\/#primaryimage\",\"url\":\"https:\\\/\\\/all4camper.com\\\/wp-content\\\/uploads\\\/2018\\\/02\\\/naturistick\u00e9-kempy.png\",\"contentUrl\":\"https:\\\/\\\/all4camper.com\\\/wp-content\\\/uploads\\\/2018\\\/02\\\/naturistick\u00e9-kempy.png\",\"width\":1200,\"height\":700},{\"@type\":\"BreadcrumbList\",\"@id\":\"https:\\\/\\\/all4camper.com\\\/cs\\\/fkk-kempovani-natur-kempovani-v-evrope\\\/#breadcrumb\",\"itemListElement\":[{\"@type\":\"ListItem\",\"position\":1,\"name\":\"Dom\u016f\",\"item\":\"https:\\\/\\\/all4camper.com\\\/cs\\\/\"},{\"@type\":\"ListItem\",\"position\":2,\"name\":\"Kempy a zaj\u00edmav\u00e1 m\u00edsta\",\"item\":\"https:\\\/\\\/all4camper.com\\\/cs\\\/category\\\/kempovani-a-zajimave-cile\\\/\"},{\"@type\":\"ListItem\",\"position\":3,\"name\":\"FKK kempov\u00e1n\u00ed &#8211; Naturistick\u00e9 kempy v Evrop\u011b\"}]},{\"@type\":\"WebSite\",\"@id\":\"https:\\\/\\\/all4camper.com\\\/cs\\\/#website\",\"url\":\"https:\\\/\\\/all4camper.com\\\/cs\\\/\",\"name\":\"All4Camper\",\"description\":\"Nejv\u011bt\u0161\u00ed online magaz\u00edn o kempov\u00e1n\u00ed a karavaninku. V\u00edce jak 900 \u010dl\u00e1nk\u016f pln\u00fdch rad a tip\u016f o kempech a kempov\u00e1n\u00ed.\",\"publisher\":{\"@id\":\"https:\\\/\\\/all4camper.com\\\/cs\\\/#organization\"},\"potentialAction\":[{\"@type\":\"SearchAction\",\"target\":{\"@type\":\"EntryPoint\",\"urlTemplate\":\"https:\\\/\\\/all4camper.com\\\/cs\\\/?s={search_term_string}\"},\"query-input\":{\"@type\":\"PropertyValueSpecification\",\"valueRequired\":true,\"valueName\":\"search_term_string\"}}],\"inLanguage\":\"cs\"},{\"@type\":\"Organization\",\"@id\":\"https:\\\/\\\/all4camper.com\\\/cs\\\/#organization\",\"name\":\"All4Camper - kempujeme s Kl\u00e1rou\",\"url\":\"https:\\\/\\\/all4camper.com\\\/cs\\\/\",\"logo\":{\"@type\":\"ImageObject\",\"inLanguage\":\"cs\",\"@id\":\"https:\\\/\\\/all4camper.com\\\/cs\\\/#\\\/schema\\\/logo\\\/image\\\/\",\"url\":\"https:\\\/\\\/all4camper.com\\\/wp-content\\\/uploads\\\/2018\\\/09\\\/novelogo.png\",\"contentUrl\":\"https:\\\/\\\/all4camper.com\\\/wp-content\\\/uploads\\\/2018\\\/09\\\/novelogo.png\",\"width\":1520,\"height\":600,\"caption\":\"All4Camper - kempujeme s Kl\u00e1rou\"},\"image\":{\"@id\":\"https:\\\/\\\/all4camper.com\\\/cs\\\/#\\\/schema\\\/logo\\\/image\\\/\"}},{\"@type\":\"Person\",\"@id\":\"https:\\\/\\\/all4camper.com\\\/cs\\\/#\\\/schema\\\/person\\\/4de0ea01bd6518ef95649b160a14dcf1\",\"name\":\"Davi\",\"url\":\"https:\\\/\\\/all4camper.com\\\/cs\\\/author\\\/david\\\/\"}]}<\/script>\n<!-- \/ Yoast SEO plugin. -->","yoast_head_json":{"title":"FKK kempov\u00e1n\u00ed - Naturistick\u00e9 kempy v Evrop\u011b - All4Camper","description":"All4Camper - FKK kempov\u00e1n\u00ed - Naturistick\u00e9 kempy v Evrop\u011b","robots":{"index":"index","follow":"follow","max-snippet":"max-snippet:-1","max-image-preview":"max-image-preview:large","max-video-preview":"max-video-preview:-1"},"canonical":"https:\/\/all4camper.com\/cs\/fkk-kempovani-natur-kempovani-v-evrope\/","og_locale":"cs_CZ","og_type":"article","og_title":"FKK kempov\u00e1n\u00ed - Naturistick\u00e9 kempy v Evrop\u011b - All4Camper","og_description":"All4Camper - FKK kempov\u00e1n\u00ed - Naturistick\u00e9 kempy v Evrop\u011b","og_url":"https:\/\/all4camper.com\/cs\/fkk-kempovani-natur-kempovani-v-evrope\/","og_site_name":"All4Camper","article_published_time":"2019-02-12T14:55:00+00:00","article_modified_time":"2020-04-21T10:48:57+00:00","og_image":[{"url":"https:\/\/all4camper.com\/\/wp-content\/uploads\/2018\/02\/naturistick\u00e9-kempy_FB.png","type":"","width":"","height":""}],"author":"Davi","twitter_card":"summary_large_image","twitter_misc":{"Napsal(a)":"Davi","Odhadovan\u00e1 doba \u010dten\u00ed":"6 minut"},"schema":{"@context":"https:\/\/schema.org","@graph":[{"@type":"Article","@id":"https:\/\/all4camper.com\/cs\/fkk-kempovani-natur-kempovani-v-evrope\/#article","isPartOf":{"@id":"https:\/\/all4camper.com\/cs\/fkk-kempovani-natur-kempovani-v-evrope\/"},"author":{"name":"Davi","@id":"https:\/\/all4camper.com\/cs\/#\/schema\/person\/4de0ea01bd6518ef95649b160a14dcf1"},"headline":"FKK kempov\u00e1n\u00ed &#8211; Naturistick\u00e9 kempy v Evrop\u011b","datePublished":"2019-02-12T14:55:00+00:00","dateModified":"2020-04-21T10:48:57+00:00","mainEntityOfPage":{"@id":"https:\/\/all4camper.com\/cs\/fkk-kempovani-natur-kempovani-v-evrope\/"},"wordCount":1222,"commentCount":0,"publisher":{"@id":"https:\/\/all4camper.com\/cs\/#organization"},"image":{"@id":"https:\/\/all4camper.com\/cs\/fkk-kempovani-natur-kempovani-v-evrope\/#primaryimage"},"thumbnailUrl":"https:\/\/all4camper.com\/wp-content\/uploads\/2018\/02\/naturistick\u00e9-kempy.png","keywords":["FKK","Kempy a kempovac\u00ed m\u00edsta"],"articleSection":["Kempy a zaj\u00edmav\u00e1 m\u00edsta"],"inLanguage":"cs","potentialAction":[{"@type":"CommentAction","name":"Comment","target":["https:\/\/all4camper.com\/cs\/fkk-kempovani-natur-kempovani-v-evrope\/#respond"]}]},{"@type":"WebPage","@id":"https:\/\/all4camper.com\/cs\/fkk-kempovani-natur-kempovani-v-evrope\/","url":"https:\/\/all4camper.com\/cs\/fkk-kempovani-natur-kempovani-v-evrope\/","name":"FKK kempov\u00e1n\u00ed - Naturistick\u00e9 kempy v Evrop\u011b - All4Camper","isPartOf":{"@id":"https:\/\/all4camper.com\/cs\/#website"},"primaryImageOfPage":{"@id":"https:\/\/all4camper.com\/cs\/fkk-kempovani-natur-kempovani-v-evrope\/#primaryimage"},"image":{"@id":"https:\/\/all4camper.com\/cs\/fkk-kempovani-natur-kempovani-v-evrope\/#primaryimage"},"thumbnailUrl":"https:\/\/all4camper.com\/wp-content\/uploads\/2018\/02\/naturistick\u00e9-kempy.png","datePublished":"2019-02-12T14:55:00+00:00","dateModified":"2020-04-21T10:48:57+00:00","description":"All4Camper - FKK kempov\u00e1n\u00ed - Naturistick\u00e9 kempy v Evrop\u011b","breadcrumb":{"@id":"https:\/\/all4camper.com\/cs\/fkk-kempovani-natur-kempovani-v-evrope\/#breadcrumb"},"inLanguage":"cs","potentialAction":[{"@type":"ReadAction","target":["https:\/\/all4camper.com\/cs\/fkk-kempovani-natur-kempovani-v-evrope\/"]}]},{"@type":"ImageObject","inLanguage":"cs","@id":"https:\/\/all4camper.com\/cs\/fkk-kempovani-natur-kempovani-v-evrope\/#primaryimage","url":"https:\/\/all4camper.com\/wp-content\/uploads\/2018\/02\/naturistick\u00e9-kempy.png","contentUrl":"https:\/\/all4camper.com\/wp-content\/uploads\/2018\/02\/naturistick\u00e9-kempy.png","width":1200,"height":700},{"@type":"BreadcrumbList","@id":"https:\/\/all4camper.com\/cs\/fkk-kempovani-natur-kempovani-v-evrope\/#breadcrumb","itemListElement":[{"@type":"ListItem","position":1,"name":"Dom\u016f","item":"https:\/\/all4camper.com\/cs\/"},{"@type":"ListItem","position":2,"name":"Kempy a zaj\u00edmav\u00e1 m\u00edsta","item":"https:\/\/all4camper.com\/cs\/category\/kempovani-a-zajimave-cile\/"},{"@type":"ListItem","position":3,"name":"FKK kempov\u00e1n\u00ed &#8211; Naturistick\u00e9 kempy v Evrop\u011b"}]},{"@type":"WebSite","@id":"https:\/\/all4camper.com\/cs\/#website","url":"https:\/\/all4camper.com\/cs\/","name":"All4Camper","description":"Nejv\u011bt\u0161\u00ed online magaz\u00edn o kempov\u00e1n\u00ed a karavaninku. V\u00edce jak 900 \u010dl\u00e1nk\u016f pln\u00fdch rad a tip\u016f o kempech a kempov\u00e1n\u00ed.","publisher":{"@id":"https:\/\/all4camper.com\/cs\/#organization"},"potentialAction":[{"@type":"SearchAction","target":{"@type":"EntryPoint","urlTemplate":"https:\/\/all4camper.com\/cs\/?s={search_term_string}"},"query-input":{"@type":"PropertyValueSpecification","valueRequired":true,"valueName":"search_term_string"}}],"inLanguage":"cs"},{"@type":"Organization","@id":"https:\/\/all4camper.com\/cs\/#organization","name":"All4Camper - kempujeme s Kl\u00e1rou","url":"https:\/\/all4camper.com\/cs\/","logo":{"@type":"ImageObject","inLanguage":"cs","@id":"https:\/\/all4camper.com\/cs\/#\/schema\/logo\/image\/","url":"https:\/\/all4camper.com\/wp-content\/uploads\/2018\/09\/novelogo.png","contentUrl":"https:\/\/all4camper.com\/wp-content\/uploads\/2018\/09\/novelogo.png","width":1520,"height":600,"caption":"All4Camper - kempujeme s Kl\u00e1rou"},"image":{"@id":"https:\/\/all4camper.com\/cs\/#\/schema\/logo\/image\/"}},{"@type":"Person","@id":"https:\/\/all4camper.com\/cs\/#\/schema\/person\/4de0ea01bd6518ef95649b160a14dcf1","name":"Davi","url":"https:\/\/all4camper.com\/cs\/author\/david\/"}]}},"_links":{"self":[{"href":"https:\/\/all4camper.com\/cs\/wp-json\/wp\/v2\/posts\/12594","targetHints":{"allow":["GET"]}}],"collection":[{"href":"https:\/\/all4camper.com\/cs\/wp-json\/wp\/v2\/posts"}],"about":[{"href":"https:\/\/all4camper.com\/cs\/wp-json\/wp\/v2\/types\/post"}],"author":[{"embeddable":true,"href":"https:\/\/all4camper.com\/cs\/wp-json\/wp\/v2\/users\/1"}],"replies":[{"embeddable":true,"href":"https:\/\/all4camper.com\/cs\/wp-json\/wp\/v2\/comments?post=12594"}],"version-history":[{"count":0,"href":"https:\/\/all4camper.com\/cs\/wp-json\/wp\/v2\/posts\/12594\/revisions"}],"wp:featuredmedia":[{"embeddable":true,"href":"https:\/\/all4camper.com\/cs\/wp-json\/wp\/v2\/media\/84069"}],"wp:attachment":[{"href":"https:\/\/all4camper.com\/cs\/wp-json\/wp\/v2\/media?parent=12594"}],"wp:term":[{"taxonomy":"category","embeddable":true,"href":"https:\/\/all4camper.com\/cs\/wp-json\/wp\/v2\/categories?post=12594"},{"taxonomy":"post_tag","embeddable":true,"href":"https:\/\/all4camper.com\/cs\/wp-json\/wp\/v2\/tags?post=12594"}],"curies":[{"name":"wp","href":"https:\/\/api.w.org\/{rel}","templated":true}]}}