{"id":111026,"date":"2021-04-24T13:33:29","date_gmt":"2021-04-24T11:33:29","guid":{"rendered":"https:\/\/all4camper.com\/\/?p=111026"},"modified":"2021-05-31T19:17:32","modified_gmt":"2021-05-31T17:17:32","slug":"tip-na-rodinnou-dovolenou-karavanem-u-baltskeho-more","status":"publish","type":"post","link":"https:\/\/all4camper.com\/cs\/tip-na-rodinnou-dovolenou-karavanem-u-baltskeho-more\/","title":{"rendered":"Tip na rodinnou dovolenou nejen karavanem u Baltsk\u00e9ho mo\u0159e v Polsku"},"content":{"rendered":"\n<p><strong>Pan\u00ed Zima se u\u017e s\u00a0n\u00e1mi snad kone\u010dn\u011b rozlou\u010dila a my si kone\u010dn\u011b u\u017eijeme trochu toho jarn\u00edho tepla a budeme pomalu vyhl\u00ed\u017eet l\u00e9to. A to je ide\u00e1ln\u00ed obdob\u00ed pro koup\u00e1n\u00ed v\u00a0Baltu na severu Polska. Dnes v\u00e1m proto p\u0159edstav\u00edm kemp, kter\u00fd je um\u00edst\u011bn na m\u00edst\u011b s\u00a0\u00fa\u017easn\u00fdm v\u00fdhledem na Baltsk\u00e9 mo\u0159e a vy z n\u011bj m\u016f\u017eete nap\u0159\u00edklad pozorovat n\u00e1dhern\u00e9 z\u00e1pady slunce p\u0159i ve\u010dern\u00edm\u00a0posezen\u00ed p\u0159ed sv\u00fdm karavanem \u010di stanem. Na konci \u010dl\u00e1nku samoz\u0159ejm\u011b nechyb\u00ed n\u011bkolik tip\u016f na v\u00fdlety po okol\u00ed. Tak pozorn\u011b \u010dt\u011bte, a\u0165 v\u00e1m nic neunikne a z\u00edsk\u00e1te dal\u0161\u00ed tip pro svou leto\u0161n\u00ed dovolenou.<\/strong><\/p>\n\n\n\n<figure class=\"wp-block-image size-large\"><img loading=\"lazy\" decoding=\"async\" width=\"1200\" height=\"675\" src=\"https:\/\/all4camper.com\/\/wp-content\/uploads\/2021\/04\/kemp-mor\u030ce-polsko-2.jpeg\" alt=\"\" class=\"wp-image-111040\" srcset=\"https:\/\/all4camper.com\/wp-content\/uploads\/2021\/04\/kemp-mor\u030ce-polsko-2.jpeg 1200w, https:\/\/all4camper.com\/wp-content\/uploads\/2021\/04\/kemp-mor\u030ce-polsko-2-300x169.jpeg 300w, https:\/\/all4camper.com\/wp-content\/uploads\/2021\/04\/kemp-mor\u030ce-polsko-2-150x84.jpeg 150w, https:\/\/all4camper.com\/wp-content\/uploads\/2021\/04\/kemp-mor\u030ce-polsko-2-768x432.jpeg 768w, https:\/\/all4camper.com\/wp-content\/uploads\/2021\/04\/kemp-mor\u030ce-polsko-2-696x392.jpeg 696w, https:\/\/all4camper.com\/wp-content\/uploads\/2021\/04\/kemp-mor\u030ce-polsko-2-1068x601.jpeg 1068w, https:\/\/all4camper.com\/wp-content\/uploads\/2021\/04\/kemp-mor\u030ce-polsko-2-747x420.jpeg 747w\" sizes=\"auto, (max-width: 1200px) 100vw, 1200px\" \/><\/figure>\n\n\n\n<p>Dne\u0161n\u00ed tip n\u00e1s zavede do kempu Horyzont, kter\u00fd se nach\u00e1z\u00ed p\u0159\u00edmo u Baltick\u00e9ho mo\u0159e a m\u011bsta W\u0142adys\u0142awowo (<a href=\"https:\/\/www.google.cz\/maps\/place\/Pole+Namiotowe+Horyzont\/@54.8003294,18.3863304,13.88z\/data=!4m5!3m4!1s0x46fc4cad7fa8b279:0x5fe84df8d5e55f10!8m2!3d54.8057893!4d18.3858508?hl=cs\" target=\"_blank\" rel=\"noreferrer noopener\">mapa<\/a>). Kemp je um\u00edst\u011bn v&nbsp;bezprost\u0159edn\u00ed bl\u00edzkosti pl\u00e1\u017ee a vy si tak m\u016f\u017eete u\u017e\u00edvat nep\u0159etr\u017eit\u00fd pohled na Balt. Vyrazit sem m\u016f\u017eete jednak s&nbsp;karavanem, v\u00edt\u00e1n\u00ed jsou tak\u00e9 \u201estana\u0159i\u201c, p\u0159\u00edpadn\u011b si m\u016f\u017eete pronajmout obytn\u00fd p\u0159\u00edv\u011bs \u010di zvolit ubytov\u00e1n\u00ed v&nbsp;luxusn\u00edm d\u0159ev\u011bn\u00e9m domku.<\/p>\n\n\n\n<h4 class=\"wp-block-heading\">A jak to tady vypad\u00e1 se slu\u017ebami a vybaven\u00edm? <\/h4>\n\n\n\n<p>Jist\u011b ocen\u00edte celkem 3 samostatn\u00e9 budovy se soci\u00e1ln\u00edm za\u0159\u00edzen\u00edm, k&nbsp;dispozici je tak\u00e9 pln\u011b vybaven\u00e1 kuchy\u0148ka, cel\u00e9 za\u0159\u00edzen\u00ed je v\u00e1m pochopiteln\u011b k&nbsp;dispozici, pra\u010dka a su\u0161i\u010dka je na mince, ostatn\u00ed vybaven\u00ed zdarma. A nav\u00edc se m\u016f\u017eete kdykoliv obr\u00e1tit na zdej\u0161\u00ed ochotn\u00fd person\u00e1l. D\u016fle\u017eitou informac\u00ed je, \u017ee v&nbsp;kempu akceptuj\u00ed kreditn\u00ed karty, tak\u017ee zde m\u016f\u017eete platit naprosto pohodln\u011b bezkontaktn\u011b.&nbsp;<\/p>\n\n\n\n<figure class=\"wp-block-image size-large\"><img loading=\"lazy\" decoding=\"async\" width=\"1440\" height=\"1080\" src=\"https:\/\/all4camper.com\/\/wp-content\/uploads\/2021\/04\/kemp-horayzont-mor\u030ce-polsko-6-1440x1080.jpeg\" alt=\"\" class=\"wp-image-111037\" srcset=\"https:\/\/all4camper.com\/wp-content\/uploads\/2021\/04\/kemp-horayzont-mor\u030ce-polsko-6-1440x1080.jpeg 1440w, https:\/\/all4camper.com\/wp-content\/uploads\/2021\/04\/kemp-horayzont-mor\u030ce-polsko-6-300x225.jpeg 300w, https:\/\/all4camper.com\/wp-content\/uploads\/2021\/04\/kemp-horayzont-mor\u030ce-polsko-6-150x113.jpeg 150w, https:\/\/all4camper.com\/wp-content\/uploads\/2021\/04\/kemp-horayzont-mor\u030ce-polsko-6-768x576.jpeg 768w, https:\/\/all4camper.com\/wp-content\/uploads\/2021\/04\/kemp-horayzont-mor\u030ce-polsko-6-1536x1152.jpeg 1536w, https:\/\/all4camper.com\/wp-content\/uploads\/2021\/04\/kemp-horayzont-mor\u030ce-polsko-6-696x522.jpeg 696w, https:\/\/all4camper.com\/wp-content\/uploads\/2021\/04\/kemp-horayzont-mor\u030ce-polsko-6-1068x801.jpeg 1068w, https:\/\/all4camper.com\/wp-content\/uploads\/2021\/04\/kemp-horayzont-mor\u030ce-polsko-6-1920x1440.jpeg 1920w, https:\/\/all4camper.com\/wp-content\/uploads\/2021\/04\/kemp-horayzont-mor\u030ce-polsko-6-560x420.jpeg 560w, https:\/\/all4camper.com\/wp-content\/uploads\/2021\/04\/kemp-horayzont-mor\u030ce-polsko-6-80x60.jpeg 80w, https:\/\/all4camper.com\/wp-content\/uploads\/2021\/04\/kemp-horayzont-mor\u030ce-polsko-6-265x198.jpeg 265w, https:\/\/all4camper.com\/wp-content\/uploads\/2021\/04\/kemp-horayzont-mor\u030ce-polsko-6.jpeg 2048w\" sizes=\"auto, (max-width: 1440px) 100vw, 1440px\" \/><\/figure>\n\n\n\n<p>Ob\u010derstvit se m\u016f\u017eete v&nbsp;m\u00edstn\u00edm baru, kter\u00fd je um\u00edst\u011bn hned vedle kempu. D\u00e1le pak je zde pek\u00e1rna a mal\u00fd obch\u016fdek.&nbsp;V&nbsp;are\u00e1lu kempu je dostupn\u00e1 bezplatn\u00e1 WIFI. Pat\u0159\u00edte k&nbsp;cestovatel\u016fm, kte\u0159\u00ed jsou zvykl\u00ed s sebou br\u00e1t dom\u00e1c\u00edho mazl\u00ed\u010dka? Pak tedy v\u011bzte, \u017ee pobyt se psem je zde povolen, pouze m\u011bjte va\u0161eho \u010dty\u0159noh\u00e9ho p\u0159\u00edtele pros\u00edm na vod\u00edtku v&nbsp;r\u00e1mci are\u00e1lu.<\/p>\n\n\n\n<figure class=\"wp-block-image size-large\"><img loading=\"lazy\" decoding=\"async\" width=\"1200\" height=\"900\" src=\"https:\/\/all4camper.com\/\/wp-content\/uploads\/2021\/04\/sanita\u0301rky-kemp-horyzont.jpeg\" alt=\"\" class=\"wp-image-111060\" srcset=\"https:\/\/all4camper.com\/wp-content\/uploads\/2021\/04\/sanita\u0301rky-kemp-horyzont.jpeg 1200w, https:\/\/all4camper.com\/wp-content\/uploads\/2021\/04\/sanita\u0301rky-kemp-horyzont-300x225.jpeg 300w, https:\/\/all4camper.com\/wp-content\/uploads\/2021\/04\/sanita\u0301rky-kemp-horyzont-150x113.jpeg 150w, https:\/\/all4camper.com\/wp-content\/uploads\/2021\/04\/sanita\u0301rky-kemp-horyzont-768x576.jpeg 768w, https:\/\/all4camper.com\/wp-content\/uploads\/2021\/04\/sanita\u0301rky-kemp-horyzont-696x522.jpeg 696w, https:\/\/all4camper.com\/wp-content\/uploads\/2021\/04\/sanita\u0301rky-kemp-horyzont-1068x801.jpeg 1068w, https:\/\/all4camper.com\/wp-content\/uploads\/2021\/04\/sanita\u0301rky-kemp-horyzont-560x420.jpeg 560w, https:\/\/all4camper.com\/wp-content\/uploads\/2021\/04\/sanita\u0301rky-kemp-horyzont-80x60.jpeg 80w, https:\/\/all4camper.com\/wp-content\/uploads\/2021\/04\/sanita\u0301rky-kemp-horyzont-265x198.jpeg 265w\" sizes=\"auto, (max-width: 1200px) 100vw, 1200px\" \/><\/figure>\n\n\n\n<h3 class=\"wp-block-heading\">Tipy na v\u00fdlety v okol\u00ed<\/h3>\n\n\n\n<p>Nu, tak z\u00e1kladn\u00ed v\u011bci pro p\u0159e\u017eit\u00ed u\u017e jsme si pro\u0161li, ale d\u011bti se za\u010d\u00ednaj\u00ed nudit a o\u010dek\u00e1vaj\u00ed n\u011bjakou nadstandardn\u00ed z\u00e1bavu. Nebojte, jste tady spr\u00e1vn\u011b. Od \u00fater\u00fd do soboty je pro d\u011bti p\u0159ipravena Letn\u00ed akademie dobrodru\u017estv\u00ed s&nbsp;Horyzontem, pln\u00e1 r\u016fzn\u00fdch anima\u010dn\u00edch program\u016f, z\u00e1bavn\u00fdch sout\u011b\u017e\u00ed, workshop\u016f, radosti a sm\u00edchu. Velk\u00fdm l\u00e1kadlem pro d\u011bti je pak ka\u017ed\u00e9 pond\u011bl\u00ed konaj\u00edc\u00ed se cirkusov\u00e1 show. Nezapomn\u011bli tu ani na sportovn\u00ed h\u0159i\u0161t\u011b a d\u011btsk\u00e9 z\u00e1bavn\u00ed h\u0159i\u0161t\u011b.&nbsp;<\/p>\n\n\n\n<p>A a co podniknout, kdy\u017e kemp se nach\u00e1z\u00ed na samotn\u00e9m za\u010d\u00e1tku legend\u00e1rn\u00ed Helsk\u00e9 kosy a v\u00fdletn\u00edch c\u00edl\u016f je zde v\u00edce, ne\u017e m\u016f\u017eete v\u016fbec v&nbsp;r\u00e1mci sv\u00e9 dovolenky stihnout? Tak hned nedaleko kempu je to Ocean Park W\u0142adys\u0142awowo (<a href=\"http:\/\/www.oceanpark.pl\/\" target=\"_blank\" rel=\"noreferrer noopener\">odkaz<\/a>), kter\u00fd bychom mohli v&nbsp;na\u0161ich podm\u00ednk\u00e1ch p\u0159irovnat k&nbsp;Dinoparku, kter\u00fd jist\u011b v\u011bt\u0161ina z&nbsp;v\u00e1s u\u017e nav\u0161t\u00edvila nebo jste o n\u011bm minim\u00e1ln\u011b sly\u0161eli. Zde m\u016f\u017eete obdivovat \u0159adu mo\u0159sk\u00fdch \u017eivo\u010dich\u016f a nejen d\u011bti si ur\u010dit\u011b p\u0159ijdou na sv\u00e9.<a href=\"https:\/\/www.google.cz\/maps\/place\/Ocean+Park+W%C5%82adys%C5%82awowo\/@54.7892156,18.3911882,17z\/data=!3m1!4b1!4m5!3m4!1s0x46fdb337e6a74a55:0x9c5a7bcca078103!8m2!3d54.7892156!4d18.3933769?hl=cs\">mapa<\/a>&nbsp;<\/p>\n\n\n\n<figure class=\"wp-block-image size-large\"><img loading=\"lazy\" decoding=\"async\" width=\"1314\" height=\"928\" src=\"https:\/\/all4camper.com\/\/wp-content\/uploads\/2021\/04\/1e28d27343180207.jpeg\" alt=\"\" class=\"wp-image-111044\" srcset=\"https:\/\/all4camper.com\/wp-content\/uploads\/2021\/04\/1e28d27343180207.jpeg 1314w, https:\/\/all4camper.com\/wp-content\/uploads\/2021\/04\/1e28d27343180207-300x212.jpeg 300w, https:\/\/all4camper.com\/wp-content\/uploads\/2021\/04\/1e28d27343180207-150x106.jpeg 150w, https:\/\/all4camper.com\/wp-content\/uploads\/2021\/04\/1e28d27343180207-768x542.jpeg 768w, https:\/\/all4camper.com\/wp-content\/uploads\/2021\/04\/1e28d27343180207-696x492.jpeg 696w, https:\/\/all4camper.com\/wp-content\/uploads\/2021\/04\/1e28d27343180207-1068x754.jpeg 1068w, https:\/\/all4camper.com\/wp-content\/uploads\/2021\/04\/1e28d27343180207-595x420.jpeg 595w, https:\/\/all4camper.com\/wp-content\/uploads\/2021\/04\/1e28d27343180207-100x70.jpeg 100w\" sizes=\"auto, (max-width: 1314px) 100vw, 1314px\" \/><\/figure>\n\n\n\n<p>Kulturn\u00ed pam\u00e1tkou zapsanou na seznamu kulturn\u00edch pam\u00e1tek Pomo\u0159ansk\u00e9ho vojvodstv\u00ed je Maj\u00e1k v Rozewie (<a href=\"https:\/\/goo.gl\/maps\/pE315ggjNuHxyvCj7\" target=\"_blank\" rel=\"noreferrer noopener\">mapa)<\/a> a je nejstar\u0161\u00ed pam\u00e1tkou sv\u00e9ho druhu na polsk\u00e9m pob\u0159e\u017e\u00ed. Maj\u00e1k je pln\u011b funk\u010dn\u00ed a o dohled nad jeho chodem se star\u00e1 str\u00e1\u017ece maj\u00e1ku, a\u010dkoliv samotn\u00fd proces rozsv\u00edcen\u00ed a zhasnut\u00ed dnes ji\u017e \u0159\u00edd\u00ed po\u010d\u00edta\u010d. V&nbsp;\u010d\u00e1sti maj\u00e1ku je um\u00edst\u011bno muzeum mapuj\u00edc\u00ed mj. jeho historii, tak se tam zastavte.&nbsp;<\/p>\n\n\n\n<p>Kdy\u017e u\u017e jsme u t\u00e9 historie, tak nejen tat\u00ednky jist\u011b uhrane <strong>muzeum vojensk\u00e9 historie a obrany<\/strong> pob\u0159e\u017e\u00ed, kter\u00e9 se nach\u00e1z\u00ed na poloostrov\u011b Hel.&nbsp; (<a href=\"https:\/\/www.helmuzeum.pl\/pl\/\" target=\"_blank\" rel=\"noreferrer noopener\">web<\/a>, <a href=\"https:\/\/www.google.cz\/maps\/place\/Muzeum+obrany+pob%C5%99e%C5%BE%C3%AD\/@54.6153872,18.7831137,13.61z\/data=!4m5!3m4!1s0x46fd06a2742b8ae9:0x29554b9376c12d0e!8m2!3d54.6230102!4d18.8016881?hl=cs\" target=\"_blank\" rel=\"noreferrer noopener\">mapa<\/a>)&nbsp; K&nbsp;shl\u00e9dnut\u00ed je plno re\u00e1ln\u00fdch zbran\u00ed a tak\u00e9 model\u016f, \u0159ada atrakc\u00ed pro d\u011bti, kter\u00e9 se zde rozhodn\u011b nudit nebudou a mysl\u00edm, \u017ee minim\u00e1ln\u011b o z\u00e1bavu na p\u016fl dne m\u00e1te vystar\u00e1no.<\/p>\n\n\n\n<figure class=\"wp-block-image size-large\"><img loading=\"lazy\" decoding=\"async\" width=\"1620\" height=\"1080\" src=\"https:\/\/all4camper.com\/\/wp-content\/uploads\/2021\/04\/hell-muzeum-1620x1080.jpeg\" alt=\"\" class=\"wp-image-111047\" srcset=\"https:\/\/all4camper.com\/wp-content\/uploads\/2021\/04\/hell-muzeum-1620x1080.jpeg 1620w, https:\/\/all4camper.com\/wp-content\/uploads\/2021\/04\/hell-muzeum-300x200.jpeg 300w, https:\/\/all4camper.com\/wp-content\/uploads\/2021\/04\/hell-muzeum-150x100.jpeg 150w, https:\/\/all4camper.com\/wp-content\/uploads\/2021\/04\/hell-muzeum-768x512.jpeg 768w, https:\/\/all4camper.com\/wp-content\/uploads\/2021\/04\/hell-muzeum-1536x1024.jpeg 1536w, https:\/\/all4camper.com\/wp-content\/uploads\/2021\/04\/hell-muzeum-2048x1365.jpeg 2048w, https:\/\/all4camper.com\/wp-content\/uploads\/2021\/04\/hell-muzeum-696x464.jpeg 696w, https:\/\/all4camper.com\/wp-content\/uploads\/2021\/04\/hell-muzeum-1068x712.jpeg 1068w, https:\/\/all4camper.com\/wp-content\/uploads\/2021\/04\/hell-muzeum-1920x1280.jpeg 1920w, https:\/\/all4camper.com\/wp-content\/uploads\/2021\/04\/hell-muzeum-630x420.jpeg 630w\" sizes=\"auto, (max-width: 1620px) 100vw, 1620px\" \/><\/figure>\n\n\n\n<h4 class=\"wp-block-heading\">M\u00e1te r\u00e1di zv\u00ed\u0159\u00e1tka?<\/h4>\n\n\n\n<p>No kdo by je r\u00e1d nem\u011bl, tady nav\u00edc m\u00e1te ide\u00e1ln\u00ed p\u0159\u00edle\u017eitost vid\u011bt n\u011bco tak \u00fa\u017easn\u00e9ho jako je zdej\u0161\u00ed \u201eTule\u0148\u00e1rium\u201c. <a href=\"https:\/\/www.google.cz\/maps\/place\/Fokarium+Stacji+Morskiej+im.+Prof.+Krzysztofa+Sk%C3%B3ry+Instytutu+Oceanografii+Uniwersytetu+Gda%C5%84skiego+w+Helu\/@54.6068173,18.7999144,18z\/data=!4m5!3m4!1s0x46fd068216a5c2df:0x18fed602b08392!8m2!3d54.6073173!4d18.799836?hl=cs\" target=\"_blank\" rel=\"noreferrer noopener\">mapa<\/a>&nbsp; Je sou\u010d\u00e1st\u00ed tzv. mo\u0159sk\u00e9 stanice pat\u0159\u00edc\u00ed k&nbsp;Oce\u00e1nografick\u00e9mu institutu Gda\u0148sk\u00e9 univerzity. St\u0159edisko se zam\u011b\u0159uje na v\u00fdzkum a ochranu tule\u0148\u016f, pro v\u00e1s je p\u0159ipraveno komentovan\u00e9 krmen\u00ed a to ka\u017ed\u00fd den v&nbsp;t\u00fddnu, z\u00e1rove\u0148 m\u016f\u017eete tulen\u011b pozorovat p\u0159i jejich dov\u00e1d\u011bn\u00ed, tohle si opravdu u\u017eijete.<\/p>\n\n\n\n<figure class=\"wp-block-image size-large\"><img loading=\"lazy\" decoding=\"async\" width=\"942\" height=\"490\" src=\"https:\/\/all4camper.com\/\/wp-content\/uploads\/2021\/04\/stacja_main_1.jpeg\" alt=\"\" class=\"wp-image-111050\" srcset=\"https:\/\/all4camper.com\/wp-content\/uploads\/2021\/04\/stacja_main_1.jpeg 942w, https:\/\/all4camper.com\/wp-content\/uploads\/2021\/04\/stacja_main_1-300x156.jpeg 300w, https:\/\/all4camper.com\/wp-content\/uploads\/2021\/04\/stacja_main_1-150x78.jpeg 150w, https:\/\/all4camper.com\/wp-content\/uploads\/2021\/04\/stacja_main_1-768x399.jpeg 768w, https:\/\/all4camper.com\/wp-content\/uploads\/2021\/04\/stacja_main_1-696x362.jpeg 696w, https:\/\/all4camper.com\/wp-content\/uploads\/2021\/04\/stacja_main_1-807x420.jpeg 807w\" sizes=\"auto, (max-width: 942px) 100vw, 942px\" \/><\/figure>\n\n\n\n<p>Samoz\u0159ejm\u011b nemus\u00edte \u010dekat na letn\u00ed m\u011bs\u00edce, tady se d\u00e1 toti\u017e u\u017e\u00edt dovolen\u00e1 i v\u00a0jin\u00fdch ro\u010dn\u00edch obdob\u00edch a letn\u00ed koup\u00e1n\u00ed je jen bonusem nav\u00edc. Pokud r\u00e1di objevujete nov\u00e1 m\u00edsta a jste ochotni vym\u011bnit pro jednou ji\u017en\u00ed pl\u00e1\u017ee za ty severn\u00ed, tak nev\u00e1hejte a p\u0159ije\u010fte. Tohle bude mo\u017en\u00e1 za\u010d\u00e1tek va\u0161eho velk\u00e9ho p\u0159\u00e1telstv\u00ed se severn\u00edm Polskem.\u00a0Dal\u0161\u00ed \u010dl\u00e1nky o Polsku najdete <a href=\"\/cs?cat_ID=2375\" target=\"_blank\" rel=\"noreferrer noopener\">tady<\/a>.<\/p>\n\n\n\n<figure class=\"wp-block-image size-large\"><img loading=\"lazy\" decoding=\"async\" width=\"1800\" height=\"900\" src=\"https:\/\/all4camper.com\/\/wp-content\/uploads\/2021\/05\/606_banner_OFF_05-2021_1800x9005.gif\" alt=\"\" class=\"wp-image-133990\"\/><\/figure>\n","protected":false},"excerpt":{"rendered":"<p>Pan\u00ed Zima se u\u017e s\u00a0n\u00e1mi snad kone\u010dn\u011b rozlou\u010dila a my si kone\u010dn\u011b u\u017eijeme trochu toho jarn\u00edho tepla a budeme pomalu vyhl\u00ed\u017eet l\u00e9to. A to je ide\u00e1ln\u00ed obdob\u00ed pro koup\u00e1n\u00ed v\u00a0Baltu na severu Polska. Dnes v\u00e1m proto p\u0159edstav\u00edm kemp, kter\u00fd je um\u00edst\u011bn na m\u00edst\u011b s\u00a0\u00fa\u017easn\u00fdm v\u00fdhledem na Baltsk\u00e9 mo\u0159e a vy z n\u011bj m\u016f\u017eete nap\u0159\u00edklad pozorovat [&hellip;]<\/p>\n","protected":false},"author":381,"featured_media":111040,"comment_status":"closed","ping_status":"open","sticky":false,"template":"","format":"standard","meta":{"_monsterinsights_skip_tracking":false,"_monsterinsights_sitenote_active":false,"_monsterinsights_sitenote_note":"","_monsterinsights_sitenote_category":0,"footnotes":""},"categories":[2375,68,422],"tags":[101,94],"class_list":{"0":"post-111026","1":"post","2":"type-post","3":"status-publish","4":"format-standard","5":"has-post-thumbnail","7":"category-kempovani-a-cestovani-v-polsku","8":"category-kempovani-a-zajimave-cile","9":"category-novinky-kempovani-a-karavaning","10":"tag-kempy-1","11":"tag-polsko"},"yoast_head":"<!-- This site is optimized with the Yoast SEO plugin v27.4 - https:\/\/yoast.com\/product\/yoast-seo-wordpress\/ -->\n<title>Tip na rodinnou dovolenou nejen karavanem u Baltsk\u00e9ho mo\u0159e v Polsku - All4Camper<\/title>\n<meta name=\"description\" content=\"All4Camper - Novinky - Kempov\u00e1n\u00ed a karavaning - Tip na rodinnou dovolenou nejen karavanem u Baltsk\u00e9ho mo\u0159e v Polsku\" \/>\n<meta name=\"robots\" content=\"index, follow, max-snippet:-1, max-image-preview:large, max-video-preview:-1\" \/>\n<link rel=\"canonical\" href=\"https:\/\/all4camper.com\/cs\/tip-na-rodinnou-dovolenou-karavanem-u-baltskeho-more\/\" \/>\n<meta property=\"og:locale\" content=\"cs_CZ\" \/>\n<meta property=\"og:type\" content=\"article\" \/>\n<meta property=\"og:title\" content=\"Tip na rodinnou dovolenou nejen karavanem u Baltsk\u00e9ho mo\u0159e v Polsku - All4Camper\" \/>\n<meta property=\"og:description\" content=\"All4Camper - Novinky - Kempov\u00e1n\u00ed a karavaning - Tip na rodinnou dovolenou nejen karavanem u Baltsk\u00e9ho mo\u0159e v Polsku\" \/>\n<meta property=\"og:url\" content=\"https:\/\/all4camper.com\/cs\/tip-na-rodinnou-dovolenou-karavanem-u-baltskeho-more\/\" \/>\n<meta property=\"og:site_name\" content=\"All4Camper\" \/>\n<meta property=\"article:published_time\" content=\"2021-04-24T11:33:29+00:00\" \/>\n<meta property=\"article:modified_time\" content=\"2021-05-31T17:17:32+00:00\" \/>\n<meta property=\"og:image\" content=\"https:\/\/all4camper.com\/wp-content\/uploads\/2021\/04\/kemp-mor\u030ce-polsko-2.jpeg\" \/>\n\t<meta property=\"og:image:width\" content=\"1200\" \/>\n\t<meta property=\"og:image:height\" content=\"675\" \/>\n\t<meta property=\"og:image:type\" content=\"image\/jpeg\" \/>\n<meta name=\"author\" content=\"Ivo Pavelek\" \/>\n<meta name=\"twitter:card\" content=\"summary_large_image\" \/>\n<meta name=\"twitter:label1\" content=\"Napsal(a)\" \/>\n\t<meta name=\"twitter:data1\" content=\"Ivo Pavelek\" \/>\n\t<meta name=\"twitter:label2\" content=\"Odhadovan\u00e1 doba \u010dten\u00ed\" \/>\n\t<meta name=\"twitter:data2\" content=\"5 minut\" \/>\n<script type=\"application\/ld+json\" class=\"yoast-schema-graph\">{\"@context\":\"https:\\\/\\\/schema.org\",\"@graph\":[{\"@type\":\"Article\",\"@id\":\"https:\\\/\\\/all4camper.com\\\/cs\\\/tip-na-rodinnou-dovolenou-karavanem-u-baltskeho-more\\\/#article\",\"isPartOf\":{\"@id\":\"https:\\\/\\\/all4camper.com\\\/cs\\\/tip-na-rodinnou-dovolenou-karavanem-u-baltskeho-more\\\/\"},\"author\":{\"name\":\"Ivo Pavelek\",\"@id\":\"https:\\\/\\\/all4camper.com\\\/cs\\\/#\\\/schema\\\/person\\\/a6387842443a2105d550878fdd898965\"},\"headline\":\"Tip na rodinnou dovolenou nejen karavanem u Baltsk\u00e9ho mo\u0159e v Polsku\",\"datePublished\":\"2021-04-24T11:33:29+00:00\",\"dateModified\":\"2021-05-31T17:17:32+00:00\",\"mainEntityOfPage\":{\"@id\":\"https:\\\/\\\/all4camper.com\\\/cs\\\/tip-na-rodinnou-dovolenou-karavanem-u-baltskeho-more\\\/\"},\"wordCount\":985,\"publisher\":{\"@id\":\"https:\\\/\\\/all4camper.com\\\/cs\\\/#organization\"},\"image\":{\"@id\":\"https:\\\/\\\/all4camper.com\\\/cs\\\/tip-na-rodinnou-dovolenou-karavanem-u-baltskeho-more\\\/#primaryimage\"},\"thumbnailUrl\":\"https:\\\/\\\/all4camper.com\\\/wp-content\\\/uploads\\\/2021\\\/04\\\/kemp-mor\u030ce-polsko-2.jpeg\",\"keywords\":[\"Kempy a kempovac\u00ed m\u00edsta\",\"Polsko\"],\"articleSection\":[\"Kempov\u00e1n\u00ed a cestov\u00e1n\u00ed v Polsku\",\"Kempy a zaj\u00edmav\u00e1 m\u00edsta\",\"Novinky - Kempov\u00e1n\u00ed a karavaning\"],\"inLanguage\":\"cs\"},{\"@type\":\"WebPage\",\"@id\":\"https:\\\/\\\/all4camper.com\\\/cs\\\/tip-na-rodinnou-dovolenou-karavanem-u-baltskeho-more\\\/\",\"url\":\"https:\\\/\\\/all4camper.com\\\/cs\\\/tip-na-rodinnou-dovolenou-karavanem-u-baltskeho-more\\\/\",\"name\":\"Tip na rodinnou dovolenou nejen karavanem u Baltsk\u00e9ho mo\u0159e v Polsku - All4Camper\",\"isPartOf\":{\"@id\":\"https:\\\/\\\/all4camper.com\\\/cs\\\/#website\"},\"primaryImageOfPage\":{\"@id\":\"https:\\\/\\\/all4camper.com\\\/cs\\\/tip-na-rodinnou-dovolenou-karavanem-u-baltskeho-more\\\/#primaryimage\"},\"image\":{\"@id\":\"https:\\\/\\\/all4camper.com\\\/cs\\\/tip-na-rodinnou-dovolenou-karavanem-u-baltskeho-more\\\/#primaryimage\"},\"thumbnailUrl\":\"https:\\\/\\\/all4camper.com\\\/wp-content\\\/uploads\\\/2021\\\/04\\\/kemp-mor\u030ce-polsko-2.jpeg\",\"datePublished\":\"2021-04-24T11:33:29+00:00\",\"dateModified\":\"2021-05-31T17:17:32+00:00\",\"description\":\"All4Camper - Novinky - Kempov\u00e1n\u00ed a karavaning - Tip na rodinnou dovolenou nejen karavanem u Baltsk\u00e9ho mo\u0159e v Polsku\",\"breadcrumb\":{\"@id\":\"https:\\\/\\\/all4camper.com\\\/cs\\\/tip-na-rodinnou-dovolenou-karavanem-u-baltskeho-more\\\/#breadcrumb\"},\"inLanguage\":\"cs\",\"potentialAction\":[{\"@type\":\"ReadAction\",\"target\":[\"https:\\\/\\\/all4camper.com\\\/cs\\\/tip-na-rodinnou-dovolenou-karavanem-u-baltskeho-more\\\/\"]}]},{\"@type\":\"ImageObject\",\"inLanguage\":\"cs\",\"@id\":\"https:\\\/\\\/all4camper.com\\\/cs\\\/tip-na-rodinnou-dovolenou-karavanem-u-baltskeho-more\\\/#primaryimage\",\"url\":\"https:\\\/\\\/all4camper.com\\\/wp-content\\\/uploads\\\/2021\\\/04\\\/kemp-mor\u030ce-polsko-2.jpeg\",\"contentUrl\":\"https:\\\/\\\/all4camper.com\\\/wp-content\\\/uploads\\\/2021\\\/04\\\/kemp-mor\u030ce-polsko-2.jpeg\",\"width\":1200,\"height\":675},{\"@type\":\"BreadcrumbList\",\"@id\":\"https:\\\/\\\/all4camper.com\\\/cs\\\/tip-na-rodinnou-dovolenou-karavanem-u-baltskeho-more\\\/#breadcrumb\",\"itemListElement\":[{\"@type\":\"ListItem\",\"position\":1,\"name\":\"Dom\u016f\",\"item\":\"https:\\\/\\\/all4camper.com\\\/cs\\\/\"},{\"@type\":\"ListItem\",\"position\":2,\"name\":\"Novinky - Kempov\u00e1n\u00ed a karavaning\",\"item\":\"https:\\\/\\\/all4camper.com\\\/cs\\\/category\\\/novinky-kempovani-a-karavaning\\\/\"},{\"@type\":\"ListItem\",\"position\":3,\"name\":\"Tip na rodinnou dovolenou nejen karavanem u Baltsk\u00e9ho mo\u0159e v Polsku\"}]},{\"@type\":\"WebSite\",\"@id\":\"https:\\\/\\\/all4camper.com\\\/cs\\\/#website\",\"url\":\"https:\\\/\\\/all4camper.com\\\/cs\\\/\",\"name\":\"All4Camper\",\"description\":\"Nejv\u011bt\u0161\u00ed online magaz\u00edn o kempov\u00e1n\u00ed a karavaninku. V\u00edce jak 900 \u010dl\u00e1nk\u016f pln\u00fdch rad a tip\u016f o kempech a kempov\u00e1n\u00ed.\",\"publisher\":{\"@id\":\"https:\\\/\\\/all4camper.com\\\/cs\\\/#organization\"},\"potentialAction\":[{\"@type\":\"SearchAction\",\"target\":{\"@type\":\"EntryPoint\",\"urlTemplate\":\"https:\\\/\\\/all4camper.com\\\/cs\\\/?s={search_term_string}\"},\"query-input\":{\"@type\":\"PropertyValueSpecification\",\"valueRequired\":true,\"valueName\":\"search_term_string\"}}],\"inLanguage\":\"cs\"},{\"@type\":\"Organization\",\"@id\":\"https:\\\/\\\/all4camper.com\\\/cs\\\/#organization\",\"name\":\"All4Camper - kempujeme s Kl\u00e1rou\",\"url\":\"https:\\\/\\\/all4camper.com\\\/cs\\\/\",\"logo\":{\"@type\":\"ImageObject\",\"inLanguage\":\"cs\",\"@id\":\"https:\\\/\\\/all4camper.com\\\/cs\\\/#\\\/schema\\\/logo\\\/image\\\/\",\"url\":\"https:\\\/\\\/all4camper.com\\\/wp-content\\\/uploads\\\/2018\\\/09\\\/novelogo.png\",\"contentUrl\":\"https:\\\/\\\/all4camper.com\\\/wp-content\\\/uploads\\\/2018\\\/09\\\/novelogo.png\",\"width\":1520,\"height\":600,\"caption\":\"All4Camper - kempujeme s Kl\u00e1rou\"},\"image\":{\"@id\":\"https:\\\/\\\/all4camper.com\\\/cs\\\/#\\\/schema\\\/logo\\\/image\\\/\"}},{\"@type\":\"Person\",\"@id\":\"https:\\\/\\\/all4camper.com\\\/cs\\\/#\\\/schema\\\/person\\\/a6387842443a2105d550878fdd898965\",\"name\":\"Ivo Pavelek\",\"url\":\"https:\\\/\\\/all4camper.com\\\/cs\\\/author\\\/ivopavelek\\\/\"}]}<\/script>\n<!-- \/ Yoast SEO plugin. -->","yoast_head_json":{"title":"Tip na rodinnou dovolenou nejen karavanem u Baltsk\u00e9ho mo\u0159e v Polsku - All4Camper","description":"All4Camper - Novinky - Kempov\u00e1n\u00ed a karavaning - Tip na rodinnou dovolenou nejen karavanem u Baltsk\u00e9ho mo\u0159e v Polsku","robots":{"index":"index","follow":"follow","max-snippet":"max-snippet:-1","max-image-preview":"max-image-preview:large","max-video-preview":"max-video-preview:-1"},"canonical":"https:\/\/all4camper.com\/cs\/tip-na-rodinnou-dovolenou-karavanem-u-baltskeho-more\/","og_locale":"cs_CZ","og_type":"article","og_title":"Tip na rodinnou dovolenou nejen karavanem u Baltsk\u00e9ho mo\u0159e v Polsku - All4Camper","og_description":"All4Camper - Novinky - Kempov\u00e1n\u00ed a karavaning - Tip na rodinnou dovolenou nejen karavanem u Baltsk\u00e9ho mo\u0159e v Polsku","og_url":"https:\/\/all4camper.com\/cs\/tip-na-rodinnou-dovolenou-karavanem-u-baltskeho-more\/","og_site_name":"All4Camper","article_published_time":"2021-04-24T11:33:29+00:00","article_modified_time":"2021-05-31T17:17:32+00:00","og_image":[{"width":1200,"height":675,"url":"https:\/\/all4camper.com\/wp-content\/uploads\/2021\/04\/kemp-mor\u030ce-polsko-2.jpeg","type":"image\/jpeg"}],"author":"Ivo Pavelek","twitter_card":"summary_large_image","twitter_misc":{"Napsal(a)":"Ivo Pavelek","Odhadovan\u00e1 doba \u010dten\u00ed":"5 minut"},"schema":{"@context":"https:\/\/schema.org","@graph":[{"@type":"Article","@id":"https:\/\/all4camper.com\/cs\/tip-na-rodinnou-dovolenou-karavanem-u-baltskeho-more\/#article","isPartOf":{"@id":"https:\/\/all4camper.com\/cs\/tip-na-rodinnou-dovolenou-karavanem-u-baltskeho-more\/"},"author":{"name":"Ivo Pavelek","@id":"https:\/\/all4camper.com\/cs\/#\/schema\/person\/a6387842443a2105d550878fdd898965"},"headline":"Tip na rodinnou dovolenou nejen karavanem u Baltsk\u00e9ho mo\u0159e v Polsku","datePublished":"2021-04-24T11:33:29+00:00","dateModified":"2021-05-31T17:17:32+00:00","mainEntityOfPage":{"@id":"https:\/\/all4camper.com\/cs\/tip-na-rodinnou-dovolenou-karavanem-u-baltskeho-more\/"},"wordCount":985,"publisher":{"@id":"https:\/\/all4camper.com\/cs\/#organization"},"image":{"@id":"https:\/\/all4camper.com\/cs\/tip-na-rodinnou-dovolenou-karavanem-u-baltskeho-more\/#primaryimage"},"thumbnailUrl":"https:\/\/all4camper.com\/wp-content\/uploads\/2021\/04\/kemp-mor\u030ce-polsko-2.jpeg","keywords":["Kempy a kempovac\u00ed m\u00edsta","Polsko"],"articleSection":["Kempov\u00e1n\u00ed a cestov\u00e1n\u00ed v Polsku","Kempy a zaj\u00edmav\u00e1 m\u00edsta","Novinky - Kempov\u00e1n\u00ed a karavaning"],"inLanguage":"cs"},{"@type":"WebPage","@id":"https:\/\/all4camper.com\/cs\/tip-na-rodinnou-dovolenou-karavanem-u-baltskeho-more\/","url":"https:\/\/all4camper.com\/cs\/tip-na-rodinnou-dovolenou-karavanem-u-baltskeho-more\/","name":"Tip na rodinnou dovolenou nejen karavanem u Baltsk\u00e9ho mo\u0159e v Polsku - All4Camper","isPartOf":{"@id":"https:\/\/all4camper.com\/cs\/#website"},"primaryImageOfPage":{"@id":"https:\/\/all4camper.com\/cs\/tip-na-rodinnou-dovolenou-karavanem-u-baltskeho-more\/#primaryimage"},"image":{"@id":"https:\/\/all4camper.com\/cs\/tip-na-rodinnou-dovolenou-karavanem-u-baltskeho-more\/#primaryimage"},"thumbnailUrl":"https:\/\/all4camper.com\/wp-content\/uploads\/2021\/04\/kemp-mor\u030ce-polsko-2.jpeg","datePublished":"2021-04-24T11:33:29+00:00","dateModified":"2021-05-31T17:17:32+00:00","description":"All4Camper - Novinky - Kempov\u00e1n\u00ed a karavaning - Tip na rodinnou dovolenou nejen karavanem u Baltsk\u00e9ho mo\u0159e v Polsku","breadcrumb":{"@id":"https:\/\/all4camper.com\/cs\/tip-na-rodinnou-dovolenou-karavanem-u-baltskeho-more\/#breadcrumb"},"inLanguage":"cs","potentialAction":[{"@type":"ReadAction","target":["https:\/\/all4camper.com\/cs\/tip-na-rodinnou-dovolenou-karavanem-u-baltskeho-more\/"]}]},{"@type":"ImageObject","inLanguage":"cs","@id":"https:\/\/all4camper.com\/cs\/tip-na-rodinnou-dovolenou-karavanem-u-baltskeho-more\/#primaryimage","url":"https:\/\/all4camper.com\/wp-content\/uploads\/2021\/04\/kemp-mor\u030ce-polsko-2.jpeg","contentUrl":"https:\/\/all4camper.com\/wp-content\/uploads\/2021\/04\/kemp-mor\u030ce-polsko-2.jpeg","width":1200,"height":675},{"@type":"BreadcrumbList","@id":"https:\/\/all4camper.com\/cs\/tip-na-rodinnou-dovolenou-karavanem-u-baltskeho-more\/#breadcrumb","itemListElement":[{"@type":"ListItem","position":1,"name":"Dom\u016f","item":"https:\/\/all4camper.com\/cs\/"},{"@type":"ListItem","position":2,"name":"Novinky - Kempov\u00e1n\u00ed a karavaning","item":"https:\/\/all4camper.com\/cs\/category\/novinky-kempovani-a-karavaning\/"},{"@type":"ListItem","position":3,"name":"Tip na rodinnou dovolenou nejen karavanem u Baltsk\u00e9ho mo\u0159e v Polsku"}]},{"@type":"WebSite","@id":"https:\/\/all4camper.com\/cs\/#website","url":"https:\/\/all4camper.com\/cs\/","name":"All4Camper","description":"Nejv\u011bt\u0161\u00ed online magaz\u00edn o kempov\u00e1n\u00ed a karavaninku. V\u00edce jak 900 \u010dl\u00e1nk\u016f pln\u00fdch rad a tip\u016f o kempech a kempov\u00e1n\u00ed.","publisher":{"@id":"https:\/\/all4camper.com\/cs\/#organization"},"potentialAction":[{"@type":"SearchAction","target":{"@type":"EntryPoint","urlTemplate":"https:\/\/all4camper.com\/cs\/?s={search_term_string}"},"query-input":{"@type":"PropertyValueSpecification","valueRequired":true,"valueName":"search_term_string"}}],"inLanguage":"cs"},{"@type":"Organization","@id":"https:\/\/all4camper.com\/cs\/#organization","name":"All4Camper - kempujeme s Kl\u00e1rou","url":"https:\/\/all4camper.com\/cs\/","logo":{"@type":"ImageObject","inLanguage":"cs","@id":"https:\/\/all4camper.com\/cs\/#\/schema\/logo\/image\/","url":"https:\/\/all4camper.com\/wp-content\/uploads\/2018\/09\/novelogo.png","contentUrl":"https:\/\/all4camper.com\/wp-content\/uploads\/2018\/09\/novelogo.png","width":1520,"height":600,"caption":"All4Camper - kempujeme s Kl\u00e1rou"},"image":{"@id":"https:\/\/all4camper.com\/cs\/#\/schema\/logo\/image\/"}},{"@type":"Person","@id":"https:\/\/all4camper.com\/cs\/#\/schema\/person\/a6387842443a2105d550878fdd898965","name":"Ivo Pavelek","url":"https:\/\/all4camper.com\/cs\/author\/ivopavelek\/"}]}},"_links":{"self":[{"href":"https:\/\/all4camper.com\/cs\/wp-json\/wp\/v2\/posts\/111026","targetHints":{"allow":["GET"]}}],"collection":[{"href":"https:\/\/all4camper.com\/cs\/wp-json\/wp\/v2\/posts"}],"about":[{"href":"https:\/\/all4camper.com\/cs\/wp-json\/wp\/v2\/types\/post"}],"author":[{"embeddable":true,"href":"https:\/\/all4camper.com\/cs\/wp-json\/wp\/v2\/users\/381"}],"replies":[{"embeddable":true,"href":"https:\/\/all4camper.com\/cs\/wp-json\/wp\/v2\/comments?post=111026"}],"version-history":[{"count":1,"href":"https:\/\/all4camper.com\/cs\/wp-json\/wp\/v2\/posts\/111026\/revisions"}],"predecessor-version":[{"id":143786,"href":"https:\/\/all4camper.com\/cs\/wp-json\/wp\/v2\/posts\/111026\/revisions\/143786"}],"wp:featuredmedia":[{"embeddable":true,"href":"https:\/\/all4camper.com\/cs\/wp-json\/wp\/v2\/media\/111040"}],"wp:attachment":[{"href":"https:\/\/all4camper.com\/cs\/wp-json\/wp\/v2\/media?parent=111026"}],"wp:term":[{"taxonomy":"category","embeddable":true,"href":"https:\/\/all4camper.com\/cs\/wp-json\/wp\/v2\/categories?post=111026"},{"taxonomy":"post_tag","embeddable":true,"href":"https:\/\/all4camper.com\/cs\/wp-json\/wp\/v2\/tags?post=111026"}],"curies":[{"name":"wp","href":"https:\/\/api.w.org\/{rel}","templated":true}]}}