{"id":103282,"date":"2021-04-21T10:09:56","date_gmt":"2021-04-21T08:09:56","guid":{"rendered":"https:\/\/all4camper.com\/\/?p=103282"},"modified":"2021-04-21T19:27:54","modified_gmt":"2021-04-21T17:27:54","slug":"kouzelne-katalansko-nejen-karavanem","status":"publish","type":"post","link":"https:\/\/all4camper.com\/cs\/kouzelne-katalansko-nejen-karavanem\/","title":{"rendered":"Kouzeln\u00e9 Katal\u00e1nsko nejen karavanem"},"content":{"rendered":"\n<p>Ne ka\u017ed\u00e1 evropsk\u00e1 autonomn\u00ed oblast v&nbsp;Evrop\u011b se m\u016f\u017ee pochlubit t\u00edm, \u017ee jej\u00ed hlavn\u00ed m\u011bsto a jej\u00ed pob\u0159e\u017e\u00ed jsou tak zn\u00e1m\u00e9, \u017ee ka\u017ed\u00fd okam\u017eit\u011b v\u00ed, kam je za\u0159adit. Barcelona a Costa Brava. To jsou dva turistick\u00e9 fenom\u00e9ny, velice obl\u00edben\u00e9 pr\u00e1v\u011b i mezi karavanisty.<\/p>\n\n\n\n<figure class=\"wp-block-embed is-type-video is-provider-youtube wp-block-embed-youtube wp-embed-aspect-16-9 wp-has-aspect-ratio\"><div class=\"wp-block-embed__wrapper\">\n<iframe loading=\"lazy\" title=\"There are a thousand reasons to discover Catalonia\" width=\"696\" height=\"392\" src=\"https:\/\/www.youtube.com\/embed\/AIeFZpiP4ow?feature=oembed\" frameborder=\"0\" allow=\"accelerometer; autoplay; clipboard-write; encrypted-media; gyroscope; picture-in-picture\" allowfullscreen><\/iframe>\n<\/div><\/figure>\n\n\n\n<h4 class=\"wp-block-heading\">Pro\u010d je Katal\u00e1nsko tak p\u0159ita\u017eliv\u00e9? <\/h4>\n\n\n\n<p>Je to oblast, kterou m\u016f\u017eete nav\u0161t\u00edvit tis\u00edckr\u00e1t, a v\u017edy v\u00e1m z\u016fstane n\u011bco, co m\u016f\u017eete objevovat. P\u0159\u00edroda je tak rozmanit\u00e1 a kontrastn\u00ed, \u017ee si m\u016f\u017eete vybrat, co je v\u00e1m bl\u00edzk\u00e9. Mo\u0159e \u010di hory, pot\u00e1p\u011bn\u00ed nebo horolezectv\u00ed, p\u011b\u0161\u00ed turistika nebo cyklistika. V\u011bd\u011bli jste, \u017ee na katal\u00e1nsk\u00e9m \u00fazem\u00ed najdete v\u00edce jak 18 n\u00e1rodn\u00edch park\u016f? Katal\u00e1nsk\u00e9 Pyreneje jsou m\u00edstem, kde \u010das plyne pomalu, kde se nikdo nec\u00edt\u00ed jako turista, n\u00fdbr\u017e jako sou\u010d\u00e1st p\u0159\u00edrody.<\/p>\n\n\n\n<figure class=\"wp-block-image size-large\"><img loading=\"lazy\" decoding=\"async\" width=\"1280\" height=\"960\" src=\"https:\/\/all4camper.com\/\/wp-content\/uploads\/2021\/04\/katala\u0301nske\u0301-pyreneje.jpg\" alt=\"\" class=\"wp-image-103290\" srcset=\"https:\/\/all4camper.com\/wp-content\/uploads\/2021\/04\/katala\u0301nske\u0301-pyreneje.jpg 1280w, https:\/\/all4camper.com\/wp-content\/uploads\/2021\/04\/katala\u0301nske\u0301-pyreneje-300x225.jpg 300w, https:\/\/all4camper.com\/wp-content\/uploads\/2021\/04\/katala\u0301nske\u0301-pyreneje-150x113.jpg 150w, https:\/\/all4camper.com\/wp-content\/uploads\/2021\/04\/katala\u0301nske\u0301-pyreneje-768x576.jpg 768w, https:\/\/all4camper.com\/wp-content\/uploads\/2021\/04\/katala\u0301nske\u0301-pyreneje-696x522.jpg 696w, https:\/\/all4camper.com\/wp-content\/uploads\/2021\/04\/katala\u0301nske\u0301-pyreneje-1068x801.jpg 1068w, https:\/\/all4camper.com\/wp-content\/uploads\/2021\/04\/katala\u0301nske\u0301-pyreneje-560x420.jpg 560w, https:\/\/all4camper.com\/wp-content\/uploads\/2021\/04\/katala\u0301nske\u0301-pyreneje-80x60.jpg 80w, https:\/\/all4camper.com\/wp-content\/uploads\/2021\/04\/katala\u0301nske\u0301-pyreneje-265x198.jpg 265w\" sizes=\"auto, (max-width: 1280px) 100vw, 1280px\" \/><\/figure>\n\n\n\n<p><a href=\"https:\/\/trade.costabrava.org\/en\/publication\/cales-i-port-de-la-costa-brava\/\" target=\"_blank\" rel=\"noreferrer noopener\">Costa Brava<\/a>,&nbsp;<em>divok\u00e9 pob\u0159e\u017e\u00ed<\/em>, nab\u00edz\u00ed spoustu z\u00e1tok, jejich\u017e objevov\u00e1n\u00ed spojen\u00e9 s&nbsp;vodn\u00edmi sporty je prost\u011b nekone\u010dn\u00e9.&nbsp; A z&nbsp;pob\u0159e\u017e\u00ed to nen\u00ed daleko do hor. Katal\u00e1nsko o sob\u011b \u0159\u00edk\u00e1, \u017ee je tak trochu chameleonsk\u00e9. Vedle mal\u00fdch z\u00e1tok nab\u00edz\u00ed kilometrov\u00e9 pl\u00e1\u017ee jemn\u00e9ho \u017elutav\u00e9ho p\u00edsku, z rozs\u00e1hl\u00fdch vinic a malebn\u00fdch vesni\u010dek v oblasti&nbsp;Priorat se r\u00e1zem ocitnete na rozervan\u00e9m pob\u0159e\u017e\u00ed provincie Girona. Anebo z vnitrozemsk\u00e9ho m\u011bsta&nbsp;Lleidy se svoj\u00ed unik\u00e1tn\u00ed \u0161ne\u010d\u00ed gastronomickou tradic\u00ed m\u016f\u017eete p\u0159ejet do b\u00fdval\u00e9 \u0159\u00edmsk\u00e9 metropole Tarragony a r\u00e1zem se ocitnete v&nbsp;jin\u00e9m sv\u011bt\u011b a p\u0159itom st\u00e1le v&nbsp;jedn\u00e9 zemi. <strong>R\u016fzn\u00e9 katalogy a pr\u016fvodce o Costa Brava najdete <a href=\"https:\/\/trade.costabrava.org\/en\/promotional-material\/publications\/\" target=\"_blank\" rel=\"noreferrer noopener\">tady<\/a><\/strong>.<\/p>\n\n\n\n<figure class=\"wp-block-gallery columns-2 is-cropped wp-block-gallery-1 is-layout-flex wp-block-gallery-is-layout-flex\"><ul class=\"blocks-gallery-grid\"><li class=\"blocks-gallery-item\"><figure><a href=\"https:\/\/all4camper.com\/\/cs\/kouzelne-katalansko-nejen-karavanem\/20-cami_de_ronda_ii\/\"><img loading=\"lazy\" decoding=\"async\" width=\"1620\" height=\"1080\" src=\"https:\/\/all4camper.com\/\/wp-content\/uploads\/2021\/04\/20.Cami_de_Ronda_II-1620x1080.jpg\" alt=\"\" data-id=\"103309\" data-full-url=\"https:\/\/all4camper.com\/\/wp-content\/uploads\/2021\/04\/20.Cami_de_Ronda_II.jpg\" data-link=\"https:\/\/all4camper.com\/\/cs\/kouzelne-katalansko-nejen-karavanem\/20-cami_de_ronda_ii\/\" class=\"wp-image-103309\" srcset=\"https:\/\/all4camper.com\/wp-content\/uploads\/2021\/04\/20.Cami_de_Ronda_II-1620x1080.jpg 1620w, https:\/\/all4camper.com\/wp-content\/uploads\/2021\/04\/20.Cami_de_Ronda_II-300x200.jpg 300w, https:\/\/all4camper.com\/wp-content\/uploads\/2021\/04\/20.Cami_de_Ronda_II-150x100.jpg 150w, https:\/\/all4camper.com\/wp-content\/uploads\/2021\/04\/20.Cami_de_Ronda_II-768x512.jpg 768w, https:\/\/all4camper.com\/wp-content\/uploads\/2021\/04\/20.Cami_de_Ronda_II-1536x1024.jpg 1536w, https:\/\/all4camper.com\/wp-content\/uploads\/2021\/04\/20.Cami_de_Ronda_II-696x464.jpg 696w, https:\/\/all4camper.com\/wp-content\/uploads\/2021\/04\/20.Cami_de_Ronda_II-1068x712.jpg 1068w, https:\/\/all4camper.com\/wp-content\/uploads\/2021\/04\/20.Cami_de_Ronda_II-630x420.jpg 630w, https:\/\/all4camper.com\/wp-content\/uploads\/2021\/04\/20.Cami_de_Ronda_II.jpg 1800w\" sizes=\"auto, (max-width: 1620px) 100vw, 1620px\" \/><\/a><\/figure><\/li><li class=\"blocks-gallery-item\"><figure><a href=\"https:\/\/all4camper.com\/\/cs\/kouzelne-katalansko-nejen-karavanem\/44-lumine_golf\/\"><img loading=\"lazy\" decoding=\"async\" width=\"1620\" height=\"1080\" src=\"https:\/\/all4camper.com\/\/wp-content\/uploads\/2021\/04\/44.Lumine_Golf-1620x1080.jpg\" alt=\"\" data-id=\"103312\" data-full-url=\"https:\/\/all4camper.com\/\/wp-content\/uploads\/2021\/04\/44.Lumine_Golf.jpg\" data-link=\"https:\/\/all4camper.com\/\/cs\/kouzelne-katalansko-nejen-karavanem\/44-lumine_golf\/\" class=\"wp-image-103312\" srcset=\"https:\/\/all4camper.com\/wp-content\/uploads\/2021\/04\/44.Lumine_Golf-1620x1080.jpg 1620w, https:\/\/all4camper.com\/wp-content\/uploads\/2021\/04\/44.Lumine_Golf-300x200.jpg 300w, https:\/\/all4camper.com\/wp-content\/uploads\/2021\/04\/44.Lumine_Golf-150x100.jpg 150w, https:\/\/all4camper.com\/wp-content\/uploads\/2021\/04\/44.Lumine_Golf-768x512.jpg 768w, https:\/\/all4camper.com\/wp-content\/uploads\/2021\/04\/44.Lumine_Golf-1536x1024.jpg 1536w, https:\/\/all4camper.com\/wp-content\/uploads\/2021\/04\/44.Lumine_Golf-2048x1365.jpg 2048w, https:\/\/all4camper.com\/wp-content\/uploads\/2021\/04\/44.Lumine_Golf-696x464.jpg 696w, https:\/\/all4camper.com\/wp-content\/uploads\/2021\/04\/44.Lumine_Golf-1068x712.jpg 1068w, https:\/\/all4camper.com\/wp-content\/uploads\/2021\/04\/44.Lumine_Golf-1920x1280.jpg 1920w, https:\/\/all4camper.com\/wp-content\/uploads\/2021\/04\/44.Lumine_Golf-630x420.jpg 630w\" sizes=\"auto, (max-width: 1620px) 100vw, 1620px\" \/><\/a><\/figure><\/li><li class=\"blocks-gallery-item\"><figure><a href=\"https:\/\/all4camper.com\/\/cs\/kouzelne-katalansko-nejen-karavanem\/8-platja_ponent\/\"><img loading=\"lazy\" decoding=\"async\" width=\"1763\" height=\"1080\" src=\"https:\/\/all4camper.com\/\/wp-content\/uploads\/2021\/04\/8.Platja_Ponent-1763x1080.jpg\" alt=\"\" data-id=\"103315\" data-full-url=\"https:\/\/all4camper.com\/\/wp-content\/uploads\/2021\/04\/8.Platja_Ponent.jpg\" data-link=\"https:\/\/all4camper.com\/\/cs\/kouzelne-katalansko-nejen-karavanem\/8-platja_ponent\/\" class=\"wp-image-103315\" srcset=\"https:\/\/all4camper.com\/wp-content\/uploads\/2021\/04\/8.Platja_Ponent-1763x1080.jpg 1763w, https:\/\/all4camper.com\/wp-content\/uploads\/2021\/04\/8.Platja_Ponent-300x184.jpg 300w, https:\/\/all4camper.com\/wp-content\/uploads\/2021\/04\/8.Platja_Ponent-150x92.jpg 150w, https:\/\/all4camper.com\/wp-content\/uploads\/2021\/04\/8.Platja_Ponent-768x470.jpg 768w, https:\/\/all4camper.com\/wp-content\/uploads\/2021\/04\/8.Platja_Ponent-1536x941.jpg 1536w, https:\/\/all4camper.com\/wp-content\/uploads\/2021\/04\/8.Platja_Ponent-696x426.jpg 696w, https:\/\/all4camper.com\/wp-content\/uploads\/2021\/04\/8.Platja_Ponent-1068x654.jpg 1068w, https:\/\/all4camper.com\/wp-content\/uploads\/2021\/04\/8.Platja_Ponent-1920x1176.jpg 1920w, https:\/\/all4camper.com\/wp-content\/uploads\/2021\/04\/8.Platja_Ponent-686x420.jpg 686w, https:\/\/all4camper.com\/wp-content\/uploads\/2021\/04\/8.Platja_Ponent.jpg 2000w\" sizes=\"auto, (max-width: 1763px) 100vw, 1763px\" \/><\/a><\/figure><\/li><li class=\"blocks-gallery-item\"><figure><a href=\"https:\/\/all4camper.com\/\/cs\/kouzelne-katalansko-nejen-karavanem\/6-cala_llenguadets\/\"><img loading=\"lazy\" decoding=\"async\" width=\"1642\" height=\"1080\" src=\"https:\/\/all4camper.com\/\/wp-content\/uploads\/2021\/04\/6.Cala_Llenguadets-1642x1080.jpg\" alt=\"\" data-id=\"103318\" data-full-url=\"https:\/\/all4camper.com\/\/wp-content\/uploads\/2021\/04\/6.Cala_Llenguadets.jpg\" data-link=\"https:\/\/all4camper.com\/\/cs\/kouzelne-katalansko-nejen-karavanem\/6-cala_llenguadets\/\" class=\"wp-image-103318\" srcset=\"https:\/\/all4camper.com\/wp-content\/uploads\/2021\/04\/6.Cala_Llenguadets-1642x1080.jpg 1642w, https:\/\/all4camper.com\/wp-content\/uploads\/2021\/04\/6.Cala_Llenguadets-300x197.jpg 300w, https:\/\/all4camper.com\/wp-content\/uploads\/2021\/04\/6.Cala_Llenguadets-150x99.jpg 150w, https:\/\/all4camper.com\/wp-content\/uploads\/2021\/04\/6.Cala_Llenguadets-768x505.jpg 768w, https:\/\/all4camper.com\/wp-content\/uploads\/2021\/04\/6.Cala_Llenguadets-1536x1010.jpg 1536w, https:\/\/all4camper.com\/wp-content\/uploads\/2021\/04\/6.Cala_Llenguadets-696x458.jpg 696w, https:\/\/all4camper.com\/wp-content\/uploads\/2021\/04\/6.Cala_Llenguadets-1068x703.jpg 1068w, https:\/\/all4camper.com\/wp-content\/uploads\/2021\/04\/6.Cala_Llenguadets-639x420.jpg 639w, https:\/\/all4camper.com\/wp-content\/uploads\/2021\/04\/6.Cala_Llenguadets-741x486.jpg 741w, https:\/\/all4camper.com\/wp-content\/uploads\/2021\/04\/6.Cala_Llenguadets.jpg 1800w\" sizes=\"auto, (max-width: 1642px) 100vw, 1642px\" \/><\/a><\/figure><\/li><\/ul><\/figure>\n\n\n\n<h4 class=\"wp-block-heading\">A jak je to s po\u010das\u00edm?<\/h4>\n\n\n\n<p>Katal\u00e1nsko se nehonos\u00ed t\u00edm, kolik m\u00e1 slune\u010dn\u00fdch dn\u00ed za rok, ale pr\u016fm\u011brn\u00e1 ro\u010dn\u00ed teplota je u pob\u0159e\u017e\u00ed kolem 17\u00b0C.&nbsp; Pokud tedy zam\u00ed\u0159\u00edte do Katal\u00e1nska, vezm\u011bte sebou v\u011btrovku y plavky. Oboj\u00ed jist\u011b vyu\u017eijete. V\u00edce informac\u00ed o t\u00e9to oblasti a pr\u016fvodce ke sta\u017een\u00ed v&nbsp;6 jazyc\u00edch najdete na:&nbsp;<a href=\"https:\/\/www.catalunya.com\/dont-miss-it\/recommended\/why-catalonia\" target=\"_blank\" rel=\"noreferrer noopener\">catalunya.com<\/a> <\/p>\n\n\n\n<h4 class=\"wp-block-heading\">A co kempy? U\u017eite\u010dn\u00fd pr\u016fvodce kempy v t\u00e9to kr\u00e1sn\u00e9 a malebn\u00e9 oblasti najdete <a href=\"https:\/\/www.catalunya.com\/where-to-stay\/campsites\" target=\"_blank\" rel=\"noreferrer noopener\">tady<\/a>.<\/h4>\n\n\n\n<figure class=\"wp-block-image size-large\"><img loading=\"lazy\" decoding=\"async\" width=\"850\" height=\"635\" src=\"https:\/\/all4camper.com\/\/wp-content\/uploads\/2021\/04\/kemp-katala\u0301nsko.jpeg\" alt=\"\" class=\"wp-image-103303\" srcset=\"https:\/\/all4camper.com\/wp-content\/uploads\/2021\/04\/kemp-katala\u0301nsko.jpeg 850w, https:\/\/all4camper.com\/wp-content\/uploads\/2021\/04\/kemp-katala\u0301nsko-300x224.jpeg 300w, https:\/\/all4camper.com\/wp-content\/uploads\/2021\/04\/kemp-katala\u0301nsko-150x112.jpeg 150w, https:\/\/all4camper.com\/wp-content\/uploads\/2021\/04\/kemp-katala\u0301nsko-768x574.jpeg 768w, https:\/\/all4camper.com\/wp-content\/uploads\/2021\/04\/kemp-katala\u0301nsko-696x520.jpeg 696w, https:\/\/all4camper.com\/wp-content\/uploads\/2021\/04\/kemp-katala\u0301nsko-562x420.jpeg 562w, https:\/\/all4camper.com\/wp-content\/uploads\/2021\/04\/kemp-katala\u0301nsko-80x60.jpeg 80w, https:\/\/all4camper.com\/wp-content\/uploads\/2021\/04\/kemp-katala\u0301nsko-265x198.jpeg 265w\" sizes=\"auto, (max-width: 850px) 100vw, 850px\" \/><figcaption>Berga Resort, <a href=\"https:\/\/www.catalunya.com\/berga-resort-17-13004-21?language=en\" target=\"_blank\" rel=\"noreferrer noopener\">berga-resort<\/a><\/figcaption><\/figure>\n\n\n\n<p>Ve spolupr\u00e1ci s Turespa\u00f1a, \u0160pan\u011blsk\u00e1 kancel\u00e1\u0159 pro cestovn\u00ed ruch OET V\u00edde\u0148. Proklikem n\u00ed\u017ee uveden\u00e9ho gifu se dostanete na&nbsp;<a href=\"http:\/\/www.spain.info\/\" target=\"_blank\" rel=\"noreferrer noopener\">www.spain.info<\/a> s mnoha dal\u0161\u00edmi tipy a radami.<\/p>\n\n\n","protected":false},"excerpt":{"rendered":"<p>Ne ka\u017ed\u00e1 evropsk\u00e1 autonomn\u00ed oblast v&nbsp;Evrop\u011b se m\u016f\u017ee pochlubit t\u00edm, \u017ee jej\u00ed hlavn\u00ed m\u011bsto a jej\u00ed pob\u0159e\u017e\u00ed jsou tak zn\u00e1m\u00e9, \u017ee ka\u017ed\u00fd okam\u017eit\u011b v\u00ed, kam je za\u0159adit. Barcelona a Costa Brava. To jsou dva turistick\u00e9 fenom\u00e9ny, velice obl\u00edben\u00e9 pr\u00e1v\u011b i mezi karavanisty. Pro\u010d je Katal\u00e1nsko tak p\u0159ita\u017eliv\u00e9? Je to oblast, kterou m\u016f\u017eete nav\u0161t\u00edvit tis\u00edckr\u00e1t, a [&hellip;]<\/p>\n","protected":false},"author":4,"featured_media":103284,"comment_status":"closed","ping_status":"open","sticky":false,"template":"","format":"standard","meta":{"_monsterinsights_skip_tracking":false,"_monsterinsights_sitenote_active":false,"_monsterinsights_sitenote_note":"","_monsterinsights_sitenote_category":0,"footnotes":""},"categories":[11546,422],"tags":[],"class_list":{"0":"post-103282","1":"post","2":"type-post","3":"status-publish","4":"format-standard","5":"has-post-thumbnail","7":"category-kempujeme-a-cestujeme-spanelsko","8":"category-novinky-kempovani-a-karavaning"},"yoast_head":"<!-- This site is optimized with the Yoast SEO plugin v27.5 - https:\/\/yoast.com\/product\/yoast-seo-wordpress\/ -->\n<title>Kouzeln\u00e9 Katal\u00e1nsko nejen karavanem - All4Camper<\/title>\n<meta name=\"description\" content=\"All4Camper - Novinky - Kempov\u00e1n\u00ed a karavaning - Kouzeln\u00e9 Katal\u00e1nsko nejen karavanem\" \/>\n<meta name=\"robots\" content=\"index, follow, max-snippet:-1, max-image-preview:large, max-video-preview:-1\" \/>\n<link rel=\"canonical\" href=\"https:\/\/all4camper.com\/cs\/kouzelne-katalansko-nejen-karavanem\/\" \/>\n<meta property=\"og:locale\" content=\"cs_CZ\" \/>\n<meta property=\"og:type\" content=\"article\" \/>\n<meta property=\"og:title\" content=\"Kouzeln\u00e9 Katal\u00e1nsko nejen karavanem - All4Camper\" \/>\n<meta property=\"og:description\" content=\"All4Camper - Novinky - Kempov\u00e1n\u00ed a karavaning - Kouzeln\u00e9 Katal\u00e1nsko nejen karavanem\" \/>\n<meta property=\"og:url\" content=\"https:\/\/all4camper.com\/cs\/kouzelne-katalansko-nejen-karavanem\/\" \/>\n<meta property=\"og:site_name\" content=\"All4Camper\" \/>\n<meta property=\"article:published_time\" content=\"2021-04-21T08:09:56+00:00\" \/>\n<meta property=\"article:modified_time\" content=\"2021-04-21T17:27:54+00:00\" \/>\n<meta property=\"og:image\" content=\"https:\/\/all4camper.com\/wp-content\/uploads\/2021\/04\/costa-brava-karavan.jpg\" \/>\n\t<meta property=\"og:image:width\" content=\"1280\" \/>\n\t<meta property=\"og:image:height\" content=\"960\" \/>\n\t<meta property=\"og:image:type\" content=\"image\/jpeg\" \/>\n<meta name=\"author\" content=\"Kl\u00e1ra H\u00e1jkov\u00e1\" \/>\n<meta name=\"twitter:card\" content=\"summary_large_image\" \/>\n<meta name=\"twitter:label1\" content=\"Napsal(a)\" \/>\n\t<meta name=\"twitter:data1\" content=\"Kl\u00e1ra H\u00e1jkov\u00e1\" \/>\n\t<meta name=\"twitter:label2\" content=\"Odhadovan\u00e1 doba \u010dten\u00ed\" \/>\n\t<meta name=\"twitter:data2\" content=\"3 minuty\" \/>\n<script type=\"application\/ld+json\" class=\"yoast-schema-graph\">{\"@context\":\"https:\\\/\\\/schema.org\",\"@graph\":[{\"@type\":\"Article\",\"@id\":\"https:\\\/\\\/all4camper.com\\\/cs\\\/kouzelne-katalansko-nejen-karavanem\\\/#article\",\"isPartOf\":{\"@id\":\"https:\\\/\\\/all4camper.com\\\/cs\\\/kouzelne-katalansko-nejen-karavanem\\\/\"},\"author\":{\"name\":\"Kl\u00e1ra H\u00e1jkov\u00e1\",\"@id\":\"https:\\\/\\\/all4camper.com\\\/cs\\\/#\\\/schema\\\/person\\\/c6f1efdf1d02bc7d8c53a891cbe18c62\"},\"headline\":\"Kouzeln\u00e9 Katal\u00e1nsko nejen karavanem\",\"datePublished\":\"2021-04-21T08:09:56+00:00\",\"dateModified\":\"2021-04-21T17:27:54+00:00\",\"mainEntityOfPage\":{\"@id\":\"https:\\\/\\\/all4camper.com\\\/cs\\\/kouzelne-katalansko-nejen-karavanem\\\/\"},\"wordCount\":447,\"publisher\":{\"@id\":\"https:\\\/\\\/all4camper.com\\\/cs\\\/#organization\"},\"image\":{\"@id\":\"https:\\\/\\\/all4camper.com\\\/cs\\\/kouzelne-katalansko-nejen-karavanem\\\/#primaryimage\"},\"thumbnailUrl\":\"https:\\\/\\\/all4camper.com\\\/wp-content\\\/uploads\\\/2021\\\/04\\\/costa-brava-karavan.jpg\",\"articleSection\":[\"Kempujeme a cestujeme \u0160pan\u011blsko\",\"Novinky - Kempov\u00e1n\u00ed a karavaning\"],\"inLanguage\":\"cs\"},{\"@type\":\"WebPage\",\"@id\":\"https:\\\/\\\/all4camper.com\\\/cs\\\/kouzelne-katalansko-nejen-karavanem\\\/\",\"url\":\"https:\\\/\\\/all4camper.com\\\/cs\\\/kouzelne-katalansko-nejen-karavanem\\\/\",\"name\":\"Kouzeln\u00e9 Katal\u00e1nsko nejen karavanem - All4Camper\",\"isPartOf\":{\"@id\":\"https:\\\/\\\/all4camper.com\\\/cs\\\/#website\"},\"primaryImageOfPage\":{\"@id\":\"https:\\\/\\\/all4camper.com\\\/cs\\\/kouzelne-katalansko-nejen-karavanem\\\/#primaryimage\"},\"image\":{\"@id\":\"https:\\\/\\\/all4camper.com\\\/cs\\\/kouzelne-katalansko-nejen-karavanem\\\/#primaryimage\"},\"thumbnailUrl\":\"https:\\\/\\\/all4camper.com\\\/wp-content\\\/uploads\\\/2021\\\/04\\\/costa-brava-karavan.jpg\",\"datePublished\":\"2021-04-21T08:09:56+00:00\",\"dateModified\":\"2021-04-21T17:27:54+00:00\",\"description\":\"All4Camper - Novinky - Kempov\u00e1n\u00ed a karavaning - Kouzeln\u00e9 Katal\u00e1nsko nejen karavanem\",\"breadcrumb\":{\"@id\":\"https:\\\/\\\/all4camper.com\\\/cs\\\/kouzelne-katalansko-nejen-karavanem\\\/#breadcrumb\"},\"inLanguage\":\"cs\",\"potentialAction\":[{\"@type\":\"ReadAction\",\"target\":[\"https:\\\/\\\/all4camper.com\\\/cs\\\/kouzelne-katalansko-nejen-karavanem\\\/\"]}]},{\"@type\":\"ImageObject\",\"inLanguage\":\"cs\",\"@id\":\"https:\\\/\\\/all4camper.com\\\/cs\\\/kouzelne-katalansko-nejen-karavanem\\\/#primaryimage\",\"url\":\"https:\\\/\\\/all4camper.com\\\/wp-content\\\/uploads\\\/2021\\\/04\\\/costa-brava-karavan.jpg\",\"contentUrl\":\"https:\\\/\\\/all4camper.com\\\/wp-content\\\/uploads\\\/2021\\\/04\\\/costa-brava-karavan.jpg\",\"width\":1280,\"height\":960},{\"@type\":\"BreadcrumbList\",\"@id\":\"https:\\\/\\\/all4camper.com\\\/cs\\\/kouzelne-katalansko-nejen-karavanem\\\/#breadcrumb\",\"itemListElement\":[{\"@type\":\"ListItem\",\"position\":1,\"name\":\"Dom\u016f\",\"item\":\"https:\\\/\\\/all4camper.com\\\/cs\\\/\"},{\"@type\":\"ListItem\",\"position\":2,\"name\":\"Novinky - Kempov\u00e1n\u00ed a karavaning\",\"item\":\"https:\\\/\\\/all4camper.com\\\/cs\\\/category\\\/novinky-kempovani-a-karavaning\\\/\"},{\"@type\":\"ListItem\",\"position\":3,\"name\":\"Kouzeln\u00e9 Katal\u00e1nsko nejen karavanem\"}]},{\"@type\":\"WebSite\",\"@id\":\"https:\\\/\\\/all4camper.com\\\/cs\\\/#website\",\"url\":\"https:\\\/\\\/all4camper.com\\\/cs\\\/\",\"name\":\"All4Camper\",\"description\":\"Nejv\u011bt\u0161\u00ed online magaz\u00edn o kempov\u00e1n\u00ed a karavaninku. V\u00edce jak 900 \u010dl\u00e1nk\u016f pln\u00fdch rad a tip\u016f o kempech a kempov\u00e1n\u00ed.\",\"publisher\":{\"@id\":\"https:\\\/\\\/all4camper.com\\\/cs\\\/#organization\"},\"potentialAction\":[{\"@type\":\"SearchAction\",\"target\":{\"@type\":\"EntryPoint\",\"urlTemplate\":\"https:\\\/\\\/all4camper.com\\\/cs\\\/?s={search_term_string}\"},\"query-input\":{\"@type\":\"PropertyValueSpecification\",\"valueRequired\":true,\"valueName\":\"search_term_string\"}}],\"inLanguage\":\"cs\"},{\"@type\":\"Organization\",\"@id\":\"https:\\\/\\\/all4camper.com\\\/cs\\\/#organization\",\"name\":\"All4Camper - kempujeme s Kl\u00e1rou\",\"url\":\"https:\\\/\\\/all4camper.com\\\/cs\\\/\",\"logo\":{\"@type\":\"ImageObject\",\"inLanguage\":\"cs\",\"@id\":\"https:\\\/\\\/all4camper.com\\\/cs\\\/#\\\/schema\\\/logo\\\/image\\\/\",\"url\":\"https:\\\/\\\/all4camper.com\\\/wp-content\\\/uploads\\\/2018\\\/09\\\/novelogo.png\",\"contentUrl\":\"https:\\\/\\\/all4camper.com\\\/wp-content\\\/uploads\\\/2018\\\/09\\\/novelogo.png\",\"width\":1520,\"height\":600,\"caption\":\"All4Camper - kempujeme s Kl\u00e1rou\"},\"image\":{\"@id\":\"https:\\\/\\\/all4camper.com\\\/cs\\\/#\\\/schema\\\/logo\\\/image\\\/\"}},{\"@type\":\"Person\",\"@id\":\"https:\\\/\\\/all4camper.com\\\/cs\\\/#\\\/schema\\\/person\\\/c6f1efdf1d02bc7d8c53a891cbe18c62\",\"name\":\"Kl\u00e1ra H\u00e1jkov\u00e1\",\"sameAs\":[\"http:\\\/\\\/www.all4camper.com\"],\"url\":\"https:\\\/\\\/all4camper.com\\\/cs\\\/author\\\/klarinkacestuje1\\\/\"}]}<\/script>\n<!-- \/ Yoast SEO plugin. -->","yoast_head_json":{"title":"Kouzeln\u00e9 Katal\u00e1nsko nejen karavanem - All4Camper","description":"All4Camper - Novinky - Kempov\u00e1n\u00ed a karavaning - Kouzeln\u00e9 Katal\u00e1nsko nejen karavanem","robots":{"index":"index","follow":"follow","max-snippet":"max-snippet:-1","max-image-preview":"max-image-preview:large","max-video-preview":"max-video-preview:-1"},"canonical":"https:\/\/all4camper.com\/cs\/kouzelne-katalansko-nejen-karavanem\/","og_locale":"cs_CZ","og_type":"article","og_title":"Kouzeln\u00e9 Katal\u00e1nsko nejen karavanem - All4Camper","og_description":"All4Camper - Novinky - Kempov\u00e1n\u00ed a karavaning - Kouzeln\u00e9 Katal\u00e1nsko nejen karavanem","og_url":"https:\/\/all4camper.com\/cs\/kouzelne-katalansko-nejen-karavanem\/","og_site_name":"All4Camper","article_published_time":"2021-04-21T08:09:56+00:00","article_modified_time":"2021-04-21T17:27:54+00:00","og_image":[{"width":1280,"height":960,"url":"https:\/\/all4camper.com\/wp-content\/uploads\/2021\/04\/costa-brava-karavan.jpg","type":"image\/jpeg"}],"author":"Kl\u00e1ra H\u00e1jkov\u00e1","twitter_card":"summary_large_image","twitter_misc":{"Napsal(a)":"Kl\u00e1ra H\u00e1jkov\u00e1","Odhadovan\u00e1 doba \u010dten\u00ed":"3 minuty"},"schema":{"@context":"https:\/\/schema.org","@graph":[{"@type":"Article","@id":"https:\/\/all4camper.com\/cs\/kouzelne-katalansko-nejen-karavanem\/#article","isPartOf":{"@id":"https:\/\/all4camper.com\/cs\/kouzelne-katalansko-nejen-karavanem\/"},"author":{"name":"Kl\u00e1ra H\u00e1jkov\u00e1","@id":"https:\/\/all4camper.com\/cs\/#\/schema\/person\/c6f1efdf1d02bc7d8c53a891cbe18c62"},"headline":"Kouzeln\u00e9 Katal\u00e1nsko nejen karavanem","datePublished":"2021-04-21T08:09:56+00:00","dateModified":"2021-04-21T17:27:54+00:00","mainEntityOfPage":{"@id":"https:\/\/all4camper.com\/cs\/kouzelne-katalansko-nejen-karavanem\/"},"wordCount":447,"publisher":{"@id":"https:\/\/all4camper.com\/cs\/#organization"},"image":{"@id":"https:\/\/all4camper.com\/cs\/kouzelne-katalansko-nejen-karavanem\/#primaryimage"},"thumbnailUrl":"https:\/\/all4camper.com\/wp-content\/uploads\/2021\/04\/costa-brava-karavan.jpg","articleSection":["Kempujeme a cestujeme \u0160pan\u011blsko","Novinky - Kempov\u00e1n\u00ed a karavaning"],"inLanguage":"cs"},{"@type":"WebPage","@id":"https:\/\/all4camper.com\/cs\/kouzelne-katalansko-nejen-karavanem\/","url":"https:\/\/all4camper.com\/cs\/kouzelne-katalansko-nejen-karavanem\/","name":"Kouzeln\u00e9 Katal\u00e1nsko nejen karavanem - All4Camper","isPartOf":{"@id":"https:\/\/all4camper.com\/cs\/#website"},"primaryImageOfPage":{"@id":"https:\/\/all4camper.com\/cs\/kouzelne-katalansko-nejen-karavanem\/#primaryimage"},"image":{"@id":"https:\/\/all4camper.com\/cs\/kouzelne-katalansko-nejen-karavanem\/#primaryimage"},"thumbnailUrl":"https:\/\/all4camper.com\/wp-content\/uploads\/2021\/04\/costa-brava-karavan.jpg","datePublished":"2021-04-21T08:09:56+00:00","dateModified":"2021-04-21T17:27:54+00:00","description":"All4Camper - Novinky - Kempov\u00e1n\u00ed a karavaning - Kouzeln\u00e9 Katal\u00e1nsko nejen karavanem","breadcrumb":{"@id":"https:\/\/all4camper.com\/cs\/kouzelne-katalansko-nejen-karavanem\/#breadcrumb"},"inLanguage":"cs","potentialAction":[{"@type":"ReadAction","target":["https:\/\/all4camper.com\/cs\/kouzelne-katalansko-nejen-karavanem\/"]}]},{"@type":"ImageObject","inLanguage":"cs","@id":"https:\/\/all4camper.com\/cs\/kouzelne-katalansko-nejen-karavanem\/#primaryimage","url":"https:\/\/all4camper.com\/wp-content\/uploads\/2021\/04\/costa-brava-karavan.jpg","contentUrl":"https:\/\/all4camper.com\/wp-content\/uploads\/2021\/04\/costa-brava-karavan.jpg","width":1280,"height":960},{"@type":"BreadcrumbList","@id":"https:\/\/all4camper.com\/cs\/kouzelne-katalansko-nejen-karavanem\/#breadcrumb","itemListElement":[{"@type":"ListItem","position":1,"name":"Dom\u016f","item":"https:\/\/all4camper.com\/cs\/"},{"@type":"ListItem","position":2,"name":"Novinky - Kempov\u00e1n\u00ed a karavaning","item":"https:\/\/all4camper.com\/cs\/category\/novinky-kempovani-a-karavaning\/"},{"@type":"ListItem","position":3,"name":"Kouzeln\u00e9 Katal\u00e1nsko nejen karavanem"}]},{"@type":"WebSite","@id":"https:\/\/all4camper.com\/cs\/#website","url":"https:\/\/all4camper.com\/cs\/","name":"All4Camper","description":"Nejv\u011bt\u0161\u00ed online magaz\u00edn o kempov\u00e1n\u00ed a karavaninku. V\u00edce jak 900 \u010dl\u00e1nk\u016f pln\u00fdch rad a tip\u016f o kempech a kempov\u00e1n\u00ed.","publisher":{"@id":"https:\/\/all4camper.com\/cs\/#organization"},"potentialAction":[{"@type":"SearchAction","target":{"@type":"EntryPoint","urlTemplate":"https:\/\/all4camper.com\/cs\/?s={search_term_string}"},"query-input":{"@type":"PropertyValueSpecification","valueRequired":true,"valueName":"search_term_string"}}],"inLanguage":"cs"},{"@type":"Organization","@id":"https:\/\/all4camper.com\/cs\/#organization","name":"All4Camper - kempujeme s Kl\u00e1rou","url":"https:\/\/all4camper.com\/cs\/","logo":{"@type":"ImageObject","inLanguage":"cs","@id":"https:\/\/all4camper.com\/cs\/#\/schema\/logo\/image\/","url":"https:\/\/all4camper.com\/wp-content\/uploads\/2018\/09\/novelogo.png","contentUrl":"https:\/\/all4camper.com\/wp-content\/uploads\/2018\/09\/novelogo.png","width":1520,"height":600,"caption":"All4Camper - kempujeme s Kl\u00e1rou"},"image":{"@id":"https:\/\/all4camper.com\/cs\/#\/schema\/logo\/image\/"}},{"@type":"Person","@id":"https:\/\/all4camper.com\/cs\/#\/schema\/person\/c6f1efdf1d02bc7d8c53a891cbe18c62","name":"Kl\u00e1ra H\u00e1jkov\u00e1","sameAs":["http:\/\/www.all4camper.com"],"url":"https:\/\/all4camper.com\/cs\/author\/klarinkacestuje1\/"}]}},"_links":{"self":[{"href":"https:\/\/all4camper.com\/cs\/wp-json\/wp\/v2\/posts\/103282","targetHints":{"allow":["GET"]}}],"collection":[{"href":"https:\/\/all4camper.com\/cs\/wp-json\/wp\/v2\/posts"}],"about":[{"href":"https:\/\/all4camper.com\/cs\/wp-json\/wp\/v2\/types\/post"}],"author":[{"embeddable":true,"href":"https:\/\/all4camper.com\/cs\/wp-json\/wp\/v2\/users\/4"}],"replies":[{"embeddable":true,"href":"https:\/\/all4camper.com\/cs\/wp-json\/wp\/v2\/comments?post=103282"}],"version-history":[{"count":0,"href":"https:\/\/all4camper.com\/cs\/wp-json\/wp\/v2\/posts\/103282\/revisions"}],"wp:featuredmedia":[{"embeddable":true,"href":"https:\/\/all4camper.com\/cs\/wp-json\/wp\/v2\/media\/103284"}],"wp:attachment":[{"href":"https:\/\/all4camper.com\/cs\/wp-json\/wp\/v2\/media?parent=103282"}],"wp:term":[{"taxonomy":"category","embeddable":true,"href":"https:\/\/all4camper.com\/cs\/wp-json\/wp\/v2\/categories?post=103282"},{"taxonomy":"post_tag","embeddable":true,"href":"https:\/\/all4camper.com\/cs\/wp-json\/wp\/v2\/tags?post=103282"}],"curies":[{"name":"wp","href":"https:\/\/api.w.org\/{rel}","templated":true}]}}